{"id":83255,"date":"2025-05-08T01:18:10","date_gmt":"2025-05-08T01:18:10","guid":{"rendered":"https:\/\/www.europesays.com\/fr\/83255\/"},"modified":"2025-05-08T01:18:10","modified_gmt":"2025-05-08T01:18:10","slug":"donald-trump-pense-que-la-coupe-du-monde-pourrait-etre-une-bonne-incitation-pour-la-russie-a-mettre-fin-a-la-guerre-en-ukraine","status":"publish","type":"post","link":"https:\/\/www.europesays.com\/fr\/83255\/","title":{"rendered":"Donald Trump pense que la Coupe du monde pourrait \u00eatre \u00ab\u00a0une bonne incitation\u00a0\u00bb pour la Russie \u00e0 mettre fin \u00e0 la guerre en Ukraine"},"content":{"rendered":"<p><img decoding=\"async\" class=\"caas-img caas-lazy has-preview\" src=\"https:\/\/www.europesays.com\/fr\/wp-content\/uploads\/2025\/05\/6a523b4ab6e2f7da14ed3db02793ac3a.jpeg\"\/><\/p>\n<p>Sc\u00e8ne lunaire \u00e0 la Maison Blanche. Alors qu&rsquo;il recevait la visite du pr\u00e9sident de la FIFA Gianni Infantino \u00e0 Washington, dans le cadre des pr\u00e9paratifs de <a data-i13n=\"cpos:1;pos:1\" href=\"https:\/\/fr.news.yahoo.com\/sport\/coupe-monde-2026-l%C3%A9trange-maillot-164116637.html\" data-ylk=\"slk:la Coupe du monde 2026 (11 juin-19 juillet);cpos:1;pos:1;elm:context_link;itc:0;sec:content-canvas;outcm:mb_qualified_link;_E:mb_qualified_link;ct:story;\" class=\"link  yahoo-link\" target=\"_blank\" rel=\"noopener\">la Coupe du monde 2026 (11 juin-19 juillet)<\/a>, Donald Trump en a profit\u00e9 pour \u00e9voquer le cas de la Russie. Le pays est toujours suspendu par la FIFA et l&rsquo;UEFA depuis l&rsquo;invasion de l&rsquo;Ukraine en f\u00e9vrier 2022 et ne participe donc pas aux \u00e9liminatoires de la comp\u00e9tition&#8230; ce que semblait ignorer le pr\u00e9sident am\u00e9ricain.<\/p>\n<p>\u00ab\u00a0Je ne savais pas que la Russie \u00e9tait exclue du Mondial, c&rsquo;est vrai?\u00a0\u00bb, s&rsquo;est-il \u00e9tonn\u00e9. \u00ab\u00a0C&rsquo;est exact. Ils sont interdits de jouer pour le moment\u00a0\u00bb, a confirm\u00e9 <a data-i13n=\"cpos:2;pos:1\" href=\"https:\/\/fr.news.yahoo.com\/sport\/investiture-trump-incroyable-honneur-pr%C3%A9sident-165842965.html\" data-ylk=\"slk:Gianni Infantino;cpos:2;pos:1;elm:context_link;itc:0;sec:content-canvas;outcm:mb_qualified_link;_E:mb_qualified_link;ct:story;\" class=\"link  yahoo-link\" target=\"_blank\" rel=\"noopener\">Gianni Infantino<\/a>, avant d&rsquo;ajouter: \u00ab\u00a0Nous esp\u00e9rons que quelque chose se passera, que la paix s&rsquo;installera et que la Russie pourra \u00eatre r\u00e9admise. C&rsquo;est ce que nous esp\u00e9rons.\u00a0\u00bb<\/p>\n<p>\u00ab\u00a0Nous allons donc mettre un terme \u00e0 cette guerre\u00a0\u00bb<\/p>\n<p>Donald Trump a alors estim\u00e9 que la perspective d&rsquo;\u00eatre r\u00e9int\u00e9gr\u00e9e pourrait encourager la Russie \u00e0 mettre fin \u00e0 la guerre. \u00ab\u00a0H\u00e9, cela pourrait \u00eatre une bonne incitation, n&rsquo;est-ce pas?\u00a0\u00bb, a-t-il lanc\u00e9, en pr\u00e9cisant que \u00ab\u00a0c&rsquo;est lui (Infantino) le patron, je ne suis pas le patron sur ce point.\u00a0\u00bb<\/p>\n<p>Et de poursuivre: \u00ab\u00a0Nous voulons qu&rsquo;ils arr\u00eatent. 5.000 jeunes sont tu\u00e9s chaque semaine, ce n&rsquo;est m\u00eame pas croyable. Il s&rsquo;agit principalement de soldats russes et ukrainiens, mais aussi des habitants des villes, toutes les semaines ou toutes les deux semaines. Il se passe des choses horribles l\u00e0-bas. Nous allons donc mettre un terme \u00e0 cette guerre.\u00a0\u00bb<\/p>\n<p>Lors du 49e Congr\u00e8s de l\u2019UEFA \u00e0 Belgrade en avril, Gianni Infantino a publiquement <a data-i13n=\"cpos:3;pos:1\" href=\"https:\/\/fr.news.yahoo.com\/sport\/j-esp%C3%A8re-pourrons-bient%C3%B4t-passer-104313920.html\" data-ylk=\"slk:soutenu un retour prochain de la Russie;cpos:3;pos:1;elm:context_link;itc:0;sec:content-canvas;outcm:mb_qualified_link;_E:mb_qualified_link;ct:story;\" class=\"link  yahoo-link\" target=\"_blank\" rel=\"noopener\">soutenu un retour prochain de la Russie<\/a> dans le football mondial en cas de fin de la guerre en Ukraine, tout comme le pr\u00e9sident de l&rsquo;UEFA, Alexander Ceferin.<\/p>\n<p><a data-i13n=\"cpos:4;pos:1\" href=\"https:\/\/rmcsport.bfmtv.com\/football\/coupe-du-monde\/donald-trump-pense-que-la-coupe-du-monde-pourrait-etre-une-bonne-incitation-pour-la-russie-a-mettre-fin-a-la-guerre-en-ukraine_AV-202505070747.html#xtor=AL-68\" rel=\"nofollow noopener\" target=\"_blank\" data-ylk=\"slk:Article original publi\u00e9 sur RMC Sport;cpos:4;pos:1;elm:context_link;itc:0;sec:content-canvas\" class=\"link \">Article original publi\u00e9 sur RMC Sport<\/a><\/p>\n","protected":false},"excerpt":{"rendered":"Sc\u00e8ne lunaire \u00e0 la Maison Blanche. Alors qu&rsquo;il recevait la visite du pr\u00e9sident de la FIFA Gianni Infantino&hellip;\n","protected":false},"author":2,"featured_media":83256,"comment_status":"","ping_status":"","sticky":false,"template":"","format":"standard","meta":{"footnotes":""},"categories":[1590],"tags":[11,75,1777,674,19103,19104,1324,12,7274,132,220],"class_list":{"0":"post-83255","1":"post","2":"type-post","3":"status-publish","4":"format-standard","5":"has-post-thumbnail","7":"category-ukraine","8":"tag-actualites","9":"tag-donald-trump","10":"tag-eu","11":"tag-europe","12":"tag-gianni-infantino","13":"tag-la-fifa","14":"tag-la-maison-blanche","15":"tag-news","16":"tag-president-americain","17":"tag-russie","18":"tag-ukraine"},"share_on_mastodon":{"url":"https:\/\/pubeurope.com\/@fr\/114469581862251050","error":""},"_links":{"self":[{"href":"https:\/\/www.europesays.com\/fr\/wp-json\/wp\/v2\/posts\/83255","targetHints":{"allow":["GET"]}}],"collection":[{"href":"https:\/\/www.europesays.com\/fr\/wp-json\/wp\/v2\/posts"}],"about":[{"href":"https:\/\/www.europesays.com\/fr\/wp-json\/wp\/v2\/types\/post"}],"author":[{"embeddable":true,"href":"https:\/\/www.europesays.com\/fr\/wp-json\/wp\/v2\/users\/2"}],"replies":[{"embeddable":true,"href":"https:\/\/www.europesays.com\/fr\/wp-json\/wp\/v2\/comments?post=83255"}],"version-history":[{"count":0,"href":"https:\/\/www.europesays.com\/fr\/wp-json\/wp\/v2\/posts\/83255\/revisions"}],"wp:featuredmedia":[{"embeddable":true,"href":"https:\/\/www.europesays.com\/fr\/wp-json\/wp\/v2\/media\/83256"}],"wp:attachment":[{"href":"https:\/\/www.europesays.com\/fr\/wp-json\/wp\/v2\/media?parent=83255"}],"wp:term":[{"taxonomy":"category","embeddable":true,"href":"https:\/\/www.europesays.com\/fr\/wp-json\/wp\/v2\/categories?post=83255"},{"taxonomy":"post_tag","embeddable":true,"href":"https:\/\/www.europesays.com\/fr\/wp-json\/wp\/v2\/tags?post=83255"}],"curies":[{"name":"wp","href":"https:\/\/api.w.org\/{rel}","templated":true}]}}