{"id":83303,"date":"2025-05-08T01:48:10","date_gmt":"2025-05-08T01:48:10","guid":{"rendered":"https:\/\/www.europesays.com\/fr\/83303\/"},"modified":"2025-05-08T01:48:10","modified_gmt":"2025-05-08T01:48:10","slug":"les-deputes-approuvent-un-texte-contre-lantisemitisme-et-le-racisme-dans-lenseignement-superieur","status":"publish","type":"post","link":"https:\/\/www.europesays.com\/fr\/83303\/","title":{"rendered":"Les d\u00e9put\u00e9s approuvent un texte contre l&rsquo;antis\u00e9mitisme et le racisme dans l\u2019Enseignement sup\u00e9rieur"},"content":{"rendered":"<p>La proposition de loi s\u00e9natoriale pr\u00e9voit notamment la cr\u00e9ation d\u2019une \u00absection disciplinaire commune\u00bb aux \u00e9tablissements d\u2019une m\u00eame r\u00e9gion acad\u00e9mique.<\/p>\n<p class=\"fig-paragraph\">Les d\u00e9put\u00e9s ont approuv\u00e9 en premi\u00e8re lecture mercredi une proposition de loi s\u00e9natoriale visant \u00e0 lutter contre l&rsquo;antis\u00e9mitisme et le racisme dans l&rsquo;enseignement sup\u00e9rieur, qui pr\u00e9voit notamment la cr\u00e9ation d&rsquo;une \u00absection disciplinaire commune\u00bb aux \u00e9tablissements d&rsquo;une m\u00eame r\u00e9gion acad\u00e9mique. Le texte relatif \u00e0 la lutte \u00abcontre l&rsquo;antis\u00e9mitisme, le racisme, les discriminations, les violences et la haine dans l&rsquo;enseignement sup\u00e9rieur\u00bb, port\u00e9 par les d\u00e9put\u00e9s Constance Le Grip (<a href=\"http:\/\/www.lefigaro.fr\/politique\/il-faudra-mieux-unir-nos-forces-borne-ouvre-la-voie-a-une-fusion-entre-renaissance-et-le-modem-20250404\" target=\"_blank\" data-fig-type=\"Article\" rel=\"noopener\" data-gtm-custom-categorie=\"navigation\" data-gtm-custom-action=\"crossclick\" data-gtm-custom-label=\"Contextuel\" data-gtm-event=\"customEventSPE\" data-fig-domain=\"LEFIGARO\">Renaissance<\/a>) et Pierre Henriet (Horizons), a \u00e9t\u00e9 adopt\u00e9 par 131 voix pour et 28 contre, seuls LFI et le groupe communiste votant contre. Il avait \u00e9t\u00e9 approuv\u00e9 \u00e0 l&rsquo;unanimit\u00e9 au S\u00e9nat le 20 f\u00e9vrier.<\/p>\n<p class=\"fig-paragraph\">La proposition de loi faisait suite \u00e0 une mission d&rsquo;information \u00abflash\u00bb lanc\u00e9e \u00e0 la chambre haute apr\u00e8s les accusations d&rsquo;antis\u00e9mitisme ayant accompagn\u00e9 la tenue d&rsquo;une conf\u00e9rence pro-palestinienne \u00e0 Sciences Po Paris. \u00abPas un seul \u00e9tudiant ne doit h\u00e9siter \u00e0 se rendre en cours parce qu&rsquo;il craint d&rsquo;\u00eatre expos\u00e9 \u00e0 l&rsquo;antis\u00e9mitisme\u00bb, a martel\u00e9 en ouverture des discussions mardi\u00a0<a href=\"http:\/\/www.lefigaro.fr\/actualite-france\/philippe-baptiste-j-attends-des-presidents-d-universites-une-protection-sans-ambiguite-et-sans-condition-des-enseignants-chercheurs-20250423\" target=\"_blank\" data-fig-type=\"Article\" rel=\"noopener\" data-gtm-custom-categorie=\"navigation\" data-gtm-custom-action=\"crossclick\" data-gtm-custom-label=\"Contextuel\" data-gtm-event=\"customEventSPE\" data-fig-domain=\"LEFIGARO\">le ministre de l&rsquo;Enseignement sup\u00e9rieur Philippe Baptiste<\/a>. \u00abDepuis le 7 octobre 2023, nous avons assist\u00e9 \u00e0 une augmentation alarmante des actes antis\u00e9mites dans notre soci\u00e9t\u00e9, et l&rsquo;enseignement sup\u00e9rieur, malheureusement, n&rsquo;a pas \u00e9t\u00e9 \u00e9pargn\u00e9\u00bb, a-t-il ajout\u00e9.<\/p>\n<p>LFI souvent isol\u00e9e<\/p>\n<p class=\"fig-paragraph\">Les d\u00e9bats se sont rapidement tendus dans l&rsquo;h\u00e9micycle, LFI se trouvant souvent isol\u00e9e face aux critiques de la coalition gouvernementale et de la droite. Reprochant au gouvernement \u00abd&rsquo;instrumentaliser l&rsquo;antis\u00e9mitisme pour faire taire les voix pour la paix sur le g\u00e9nocide en Palestine\u00bb, LFI s&rsquo;est en retour vu accus\u00e9e de contribuer \u00e0 la mont\u00e9e de l&rsquo;antis\u00e9mitisme et d&rsquo;opportunisme \u00e9lectoral.<\/p>\n<p class=\"fig-paragraph\">Les d\u00e9put\u00e9s ont r\u00e9tabli l&rsquo;article 3, supprim\u00e9 en commission, cr\u00e9ant une \u00absection disciplinaire commune\u00bb aux \u00e9tablissements d&rsquo;une m\u00eame r\u00e9gion acad\u00e9mique. Un amendement gouvernemental a pr\u00e9cis\u00e9 qu&rsquo;elle ne pourrait \u00eatre saisie que par le pr\u00e9sident ou directeur de chaque \u00e9tablissement, et non par le recteur de r\u00e9gion acad\u00e9mique, avec l&rsquo;ambition de r\u00e9pondre aux inqui\u00e9tudes quant \u00e0 l&rsquo;autonomie des \u00e9tablissements.<\/p>\n<p class=\"fig-paragraph\">Le d\u00e9put\u00e9 LFI\u00a0<a href=\"http:\/\/www.lefigaro.fr\/politique\/comment-s-explique-la-defaite-de-louis-boyard-a-villeneuve-saint-georges-20250218\" target=\"_blank\" data-fig-type=\"Article\" rel=\"noopener\" data-gtm-custom-categorie=\"navigation\" data-gtm-custom-action=\"crossclick\" data-gtm-custom-label=\"Contextuel\" data-gtm-event=\"customEventSPE\" data-fig-domain=\"LEFIGARO\">Louis Boyard<\/a>\u00a0s&rsquo;est inqui\u00e9t\u00e9 de la cr\u00e9ation d&rsquo;une instance \u00e0 la main du ministre de l&rsquo;Enseignement sup\u00e9rieur qui aura \u00able pouvoir d&rsquo;exclure des \u00e9tudiants de leur universit\u00e9\u00bb. Selon le texte, la nouvelle section sera pr\u00e9sid\u00e9e par un membre de la juridiction administrative et comprendra \u00abdes repr\u00e9sentants de l&rsquo;administration, des \u00e9tablissements, des repr\u00e9sentants du personnel enseignant et des repr\u00e9sentants des usagers. Donc, vous ne pouvez pas dire qu&rsquo;on serait dans un libre arbitre et que ce serait le gouvernement qui aurait la main sur cette section\u00bb, a r\u00e9pliqu\u00e9 Pierre Henriet.<\/p>\n","protected":false},"excerpt":{"rendered":"La proposition de loi s\u00e9natoriale pr\u00e9voit notamment la cr\u00e9ation d\u2019une \u00absection disciplinaire commune\u00bb aux \u00e9tablissements d\u2019une m\u00eame r\u00e9gion&hellip;\n","protected":false},"author":2,"featured_media":83304,"comment_status":"","ping_status":"","sticky":false,"template":"","format":"standard","meta":{"footnotes":""},"categories":[4],"tags":[11,6155,426,427,422,423,1011,27,418,424,425,420,421,12,419,316,429,10162,25,428],"class_list":{"0":"post-83303","1":"post","2":"type-post","3":"status-publish","4":"format-standard","5":"has-post-thumbnail","7":"category-france","8":"tag-actualites","9":"tag-antisemitisme","10":"tag-candidat","11":"tag-candidats","12":"tag-depute","13":"tag-deputes","14":"tag-fr","15":"tag-france","16":"tag-gouvernement","17":"tag-institution","18":"tag-institutions","19":"tag-loi","20":"tag-lois","21":"tag-news","22":"tag-opposition","23":"tag-politique","24":"tag-ps","25":"tag-racisme","26":"tag-republique-francaise","27":"tag-ump"},"share_on_mastodon":{"url":"https:\/\/pubeurope.com\/@fr\/114469700140537768","error":""},"_links":{"self":[{"href":"https:\/\/www.europesays.com\/fr\/wp-json\/wp\/v2\/posts\/83303","targetHints":{"allow":["GET"]}}],"collection":[{"href":"https:\/\/www.europesays.com\/fr\/wp-json\/wp\/v2\/posts"}],"about":[{"href":"https:\/\/www.europesays.com\/fr\/wp-json\/wp\/v2\/types\/post"}],"author":[{"embeddable":true,"href":"https:\/\/www.europesays.com\/fr\/wp-json\/wp\/v2\/users\/2"}],"replies":[{"embeddable":true,"href":"https:\/\/www.europesays.com\/fr\/wp-json\/wp\/v2\/comments?post=83303"}],"version-history":[{"count":0,"href":"https:\/\/www.europesays.com\/fr\/wp-json\/wp\/v2\/posts\/83303\/revisions"}],"wp:featuredmedia":[{"embeddable":true,"href":"https:\/\/www.europesays.com\/fr\/wp-json\/wp\/v2\/media\/83304"}],"wp:attachment":[{"href":"https:\/\/www.europesays.com\/fr\/wp-json\/wp\/v2\/media?parent=83303"}],"wp:term":[{"taxonomy":"category","embeddable":true,"href":"https:\/\/www.europesays.com\/fr\/wp-json\/wp\/v2\/categories?post=83303"},{"taxonomy":"post_tag","embeddable":true,"href":"https:\/\/www.europesays.com\/fr\/wp-json\/wp\/v2\/tags?post=83303"}],"curies":[{"name":"wp","href":"https:\/\/api.w.org\/{rel}","templated":true}]}}