{"id":83313,"date":"2025-05-08T01:54:10","date_gmt":"2025-05-08T01:54:10","guid":{"rendered":"https:\/\/www.europesays.com\/fr\/83313\/"},"modified":"2025-05-08T01:54:10","modified_gmt":"2025-05-08T01:54:10","slug":"pourquoi-cette-epicerie-solidaire-a-du-precipitamment-quitter-son-local-a-la-seyne","status":"publish","type":"post","link":"https:\/\/www.europesays.com\/fr\/83313\/","title":{"rendered":"Pourquoi cette \u00e9picerie solidaire a d\u00fb pr\u00e9cipitamment quitter son local \u00e0 La Seyne"},"content":{"rendered":"<p>Ouverte en novembre 2022 dans le centre-ville, rue Lagane, l\u2019\u00e9picerie solidaire g\u00e9r\u00e9e par l\u2019association toulonnaise Amiti\u00e9s Cit\u00e9 a d\u00fb quitter pr\u00e9cipitamment les lieux en septembre dernier. Motif: \u00ab\u00a0Ce local que nous louions appartenait \u00e0 l\u2019\u00c9tablissement public foncier. Mais il a \u00e9t\u00e9 vendu et nous avons eu quelques jours pour partir, relate Christelle Lecart, directrice de l\u2019association. Par la suite, il a \u00e9t\u00e9 difficile de retrouver un local d\u2019une centaine de m\u00e8tres carr\u00e9s qui convienne \u00e0 nos besoins. Cela a pris du temps et, durant presque six mois, le centre social Amiq* nous a accueillis en mettant ses locaux de l\u2019Espace Coste (chemin Aim\u00e9-Genoud) \u00e0 disposition un jour par semaine\u00a0\u00bb.<\/p>\n<p>Depuis peu, l\u2019\u00e9picerie solidaire a donc retrouv\u00e9 un h\u00e9bergement. \u00ab\u00a0On s\u2019est r\u00e9install\u00e9 dans un local lou\u00e9 par THM situ\u00e9 au 1267 avenue des Anciens Combattants d\u2019Indochine (en face de SOS M\u00e9decins)\u00a0\u00bb, poursuit la directrice de l\u2019association qui fonctionne gr\u00e2ce \u00e0 des subventions vers\u00e9es par le D\u00e9partement, la M\u00e9tropole et la Ville. Amiti\u00e9s Cit\u00e9 est affili\u00e9e \u00e0 l\u2019Union diaconale du Var avec qui elle lutte contre l\u2019exclusion sociale, promeut des initiatives d\u2019\u00e9conomie solidaire, et favorise l\u2019insertion d\u2019un public \u00e9loign\u00e9 de l\u2019emploi.<\/p>\n<p>Des denr\u00e9es vendues \u00e0 30% de leur valeur marchande <\/p>\n<p>L\u2019\u00e9picerie solidaire est donc destin\u00e9e \u00e0 des personnes disposant de peu de ressources et qui sont orient\u00e9es par un travailleur social des UTS (Unit\u00e9 territoriale sociale du D\u00e9partement) sur la base d\u2019un projet leur permettant de sortir progressivement de la pr\u00e9carit\u00e9. Une fois leur dossier valid\u00e9, ces b\u00e9n\u00e9ficiaires peuvent profiter durant un an des prix tr\u00e8s attractifs qui sont ici propos\u00e9s. \u00ab\u00a0Les produits sont vendus \u00e0 30% de leur valeur marchande. Les gens choisissent ceux qu\u2019ils souhaitent, essentiellement des produits secs (fruits et l\u00e9gumes, conserves, p\u00e2tes\u2026) ou congel\u00e9s (notamment viande et poisson)\u00a0\u00bb.<\/p>\n<p>Les denr\u00e9es sont fournies par la Banque alimentaire, principal partenaire de l\u2019association. \u00ab\u00a0On va aussi reprendre les ramasses (r\u00e9cup\u00e9ration des invendus des supermarch\u00e9s, Ndlr)\u00a0\u00bb, ajoute Christelle Lecart, indiquant que cette \u00e9picerie accueille une trentaine de familles. \u00ab\u00a0Avec cette initiative, explique-t-elle, l\u2019objectif est d\u2019emp\u00eacher les gens de tomber dans la pr\u00e9carit\u00e9, et de leur donner acc\u00e8s aux produits de premi\u00e8re n\u00e9cessit\u00e9 qu\u2019ils ne peuvent se permettre d\u2019acheter\u00a0\u00bb.<\/p>\n<p>                                Des vendeurs en insertion <\/p>\n<p>Les b\u00e9n\u00e9ficiaires sont suivis par une conseill\u00e8re \u00e9conomique, sociale et familiale, qui fait le point avec eux sur leur budget et les accompagne face aux difficult\u00e9s administratives. Ces personnes ont aussi acc\u00e8s, dans le local de l\u2019association, \u00e0 une boutique o\u00f9 elles peuvent s\u2019approvisionner, toujours \u00e0 bas prix (20% de leur valeur marchande), en produits d\u2019hygi\u00e8ne et de pu\u00e9riculture, v\u00eatements, vaisselle, petits meubles, objets divers\u2026 Cette partie boutique est \u00e9galement accessible aux adh\u00e9rents de l\u2019association qui sont en situation financi\u00e8re difficile.<\/p>\n<p>Ce lieu solidaire fonctionne gr\u00e2ce \u00e0 des vendeurs qui sont en \u00ab\u00a0chantier d\u2019insertion\u00a0\u00bb financ\u00e9s par la Direction d\u00e9partementale de l&rsquo;Emploi, du Travail et des Solidarit\u00e9s (DDETS). Cela \u00e9tant, l\u2019association recherche toujours des b\u00e9n\u00e9voles pour faire grandir son projet. \u00ab\u00a0On recherche des gens pour aider \u00e0 mettre en rayon, d\u00e9marcher les commer\u00e7ants et assurer les ramasses, monter des ateliers d\u2019information pour les b\u00e9n\u00e9ficiaires&#8230;\u00a0\u00bb, pr\u00e9cise la directrice. L\u2019\u00e9picerie est ouverte deux jours par semaine, les mercredis et jeudis de 10h \u00e0 16h.<\/p>\n<p>*Association maison interg\u00e9n\u00e9rationnelle de quartier.<\/p>\n","protected":false},"excerpt":{"rendered":"Ouverte en novembre 2022 dans le centre-ville, rue Lagane, l\u2019\u00e9picerie solidaire g\u00e9r\u00e9e par l\u2019association toulonnaise Amiti\u00e9s Cit\u00e9 a&hellip;\n","protected":false},"author":2,"featured_media":83314,"comment_status":"","ping_status":"","sticky":false,"template":"","format":"standard","meta":{"footnotes":""},"categories":[9619],"tags":[1111,11,1777,674,1011,27,12,882,25,2310,3366],"class_list":{"0":"post-83313","1":"post","2":"type-post","3":"status-publish","4":"format-standard","5":"has-post-thumbnail","7":"category-toulon","8":"tag-actu","9":"tag-actualites","10":"tag-eu","11":"tag-europe","12":"tag-fr","13":"tag-france","14":"tag-news","15":"tag-provence-alpes-cote-dazur","16":"tag-republique-francaise","17":"tag-toulon","18":"tag-vie-locale"},"share_on_mastodon":{"url":"https:\/\/pubeurope.com\/@fr\/114469723415218045","error":""},"_links":{"self":[{"href":"https:\/\/www.europesays.com\/fr\/wp-json\/wp\/v2\/posts\/83313","targetHints":{"allow":["GET"]}}],"collection":[{"href":"https:\/\/www.europesays.com\/fr\/wp-json\/wp\/v2\/posts"}],"about":[{"href":"https:\/\/www.europesays.com\/fr\/wp-json\/wp\/v2\/types\/post"}],"author":[{"embeddable":true,"href":"https:\/\/www.europesays.com\/fr\/wp-json\/wp\/v2\/users\/2"}],"replies":[{"embeddable":true,"href":"https:\/\/www.europesays.com\/fr\/wp-json\/wp\/v2\/comments?post=83313"}],"version-history":[{"count":0,"href":"https:\/\/www.europesays.com\/fr\/wp-json\/wp\/v2\/posts\/83313\/revisions"}],"wp:featuredmedia":[{"embeddable":true,"href":"https:\/\/www.europesays.com\/fr\/wp-json\/wp\/v2\/media\/83314"}],"wp:attachment":[{"href":"https:\/\/www.europesays.com\/fr\/wp-json\/wp\/v2\/media?parent=83313"}],"wp:term":[{"taxonomy":"category","embeddable":true,"href":"https:\/\/www.europesays.com\/fr\/wp-json\/wp\/v2\/categories?post=83313"},{"taxonomy":"post_tag","embeddable":true,"href":"https:\/\/www.europesays.com\/fr\/wp-json\/wp\/v2\/tags?post=83313"}],"curies":[{"name":"wp","href":"https:\/\/api.w.org\/{rel}","templated":true}]}}