{"id":83323,"date":"2025-05-08T02:03:31","date_gmt":"2025-05-08T02:03:31","guid":{"rendered":"https:\/\/www.europesays.com\/fr\/83323\/"},"modified":"2025-05-08T02:03:31","modified_gmt":"2025-05-08T02:03:31","slug":"la-ville-de-rennes-recompensee-pour-la-proprete-de-ses-espaces-publics-2","status":"publish","type":"post","link":"https:\/\/www.europesays.com\/fr\/83323\/","title":{"rendered":"La Ville de Rennes r\u00e9compens\u00e9e pour la propret\u00e9 de ses espaces publics"},"content":{"rendered":"<p>L\u2019Association des villes pour la propret\u00e9 urbaine (AVPU) a distingu\u00e9 Rennes (Ille-et-Vilaine) pour son action en faveur de la propret\u00e9 de ses espaces publics. La capitale bretonne a re\u00e7u la quatri\u00e8me \u00e9toile du label Ville \u00c9co-propre.<\/p>\n<p>L\u2019Association des villes pour la propret\u00e9 urbaine (AVPU) a r\u00e9compens\u00e9 la ville de Rennes (Ille-et-Vilaine).<\/p>\n<p>La capitale bretonne a re\u00e7u une quatri\u00e8me \u00e9toile du label \u00c9co-propre, pour ses efforts et ses performances en mati\u00e8re de propret\u00e9.<\/p>\n<p><strong>Lire aussi.<\/strong>\u00a0<a rel=\"noopener\" target=\"_blank\" href=\"http:\/\/www.rennes.maville.com\/actu\/actudet_-%5Bsondage%5D-rennes.-proprete-urbaine-peut-on-mieux-faire-_52674-3386979_actu.Htm\">Propret\u00e9 urbaine\u00a0: un grand plan pour mieux faire<\/a><\/p>\n<p>Les citoyens impliqu\u00e9s<\/p>\n<p>Cette quatri\u00e8me \u00e9toile (sur 5) distingue en particulier le plan Propret\u00e9 global d\u00e9ploy\u00e9 \u00e0 Rennes.<\/p>\n<p><strong>\u00ab\u00a0En plus des actions quotidiennes de terrain pour assurer la propret\u00e9 urbaine, nous int\u00e9grons une strat\u00e9gie d\u2019implication citoyenne qui associe les habitants et les acteurs \u00e9conomiques\u00a0\u00bb<\/strong>, explique la mairie.<\/p>\n<p><strong>Lire aussi\u00a0:<\/strong> <a href=\"https:\/\/rennes.maville.com\/actu\/actudet_-a-rennes-toutenvelo-recrute-et-se-lance-dans-la-proprete-urbaine-_7-6666647_actu.Htm\" target=\"_blank\" rel=\"noopener\">\u00c0 Rennes, Toutenv\u00e9lo recrute et se lance dans la propret\u00e9 urbaine<\/a><\/p>\n<p>120\u00a0agents municipaux mobilis\u00e9s<\/p>\n<p>En 2018 puis en 2022, la Ville a vot\u00e9 un Plan propret\u00e9.\u00a0Tous les jours de l\u2019ann\u00e9e, 120\u00a0agents municipaux sont mobilis\u00e9s.<\/p>\n<p>Leur champ d\u2019intervention couvre une large palette de t\u00e2ches\u00a0: le balayage et le lavage m\u00e9canique, le balayage manuel, le d\u00e9sherbage, la gestion du mobilier de propret\u00e9 (corbeilles, cendriers\u2026), l\u2019enl\u00e8vement des tags et des affichages sauvages,\u00a0etc. mais aussi les animations p\u00e9dagogiques dans les \u00e9coles.<\/p>\n<p>\u00a0<\/p>\n","protected":false},"excerpt":{"rendered":"L\u2019Association des villes pour la propret\u00e9 urbaine (AVPU) a distingu\u00e9 Rennes (Ille-et-Vilaine) pour son action en faveur de&hellip;\n","protected":false},"author":2,"featured_media":81419,"comment_status":"","ping_status":"","sticky":false,"template":"","format":"standard","meta":{"footnotes":""},"categories":[2821],"tags":[1111,11,829,18888,1777,674,1011,27,12,17312,18889,18887,584,25,4824],"class_list":{"0":"post-83323","1":"post","2":"type-post","3":"status-publish","4":"format-standard","5":"has-post-thumbnail","7":"category-rennes","8":"tag-actu","9":"tag-actualites","10":"tag-bretagne","11":"tag-espaces","12":"tag-eu","13":"tag-europe","14":"tag-fr","15":"tag-france","16":"tag-news","17":"tag-proprete","18":"tag-publics","19":"tag-recompensee","20":"tag-rennes","21":"tag-republique-francaise","22":"tag-ville"},"share_on_mastodon":{"url":"https:\/\/pubeurope.com\/@fr\/114469758854735609","error":""},"_links":{"self":[{"href":"https:\/\/www.europesays.com\/fr\/wp-json\/wp\/v2\/posts\/83323","targetHints":{"allow":["GET"]}}],"collection":[{"href":"https:\/\/www.europesays.com\/fr\/wp-json\/wp\/v2\/posts"}],"about":[{"href":"https:\/\/www.europesays.com\/fr\/wp-json\/wp\/v2\/types\/post"}],"author":[{"embeddable":true,"href":"https:\/\/www.europesays.com\/fr\/wp-json\/wp\/v2\/users\/2"}],"replies":[{"embeddable":true,"href":"https:\/\/www.europesays.com\/fr\/wp-json\/wp\/v2\/comments?post=83323"}],"version-history":[{"count":0,"href":"https:\/\/www.europesays.com\/fr\/wp-json\/wp\/v2\/posts\/83323\/revisions"}],"wp:featuredmedia":[{"embeddable":true,"href":"https:\/\/www.europesays.com\/fr\/wp-json\/wp\/v2\/media\/81419"}],"wp:attachment":[{"href":"https:\/\/www.europesays.com\/fr\/wp-json\/wp\/v2\/media?parent=83323"}],"wp:term":[{"taxonomy":"category","embeddable":true,"href":"https:\/\/www.europesays.com\/fr\/wp-json\/wp\/v2\/categories?post=83323"},{"taxonomy":"post_tag","embeddable":true,"href":"https:\/\/www.europesays.com\/fr\/wp-json\/wp\/v2\/tags?post=83323"}],"curies":[{"name":"wp","href":"https:\/\/api.w.org\/{rel}","templated":true}]}}