{"id":83324,"date":"2025-05-08T02:04:28","date_gmt":"2025-05-08T02:04:28","guid":{"rendered":"https:\/\/www.europesays.com\/fr\/83324\/"},"modified":"2025-05-08T02:04:28","modified_gmt":"2025-05-08T02:04:28","slug":"pres-de-rennes-elle-avait-frappe-la-femme-de-son-ex-avec-une-barre-de-fer-16-ans-de","status":"publish","type":"post","link":"https:\/\/www.europesays.com\/fr\/83324\/","title":{"rendered":"Pr\u00e8s de Rennes, elle avait frapp\u00e9 la femme de son ex avec une barre de fer\u00a0: 16\u00a0ans de"},"content":{"rendered":"<p>La cour d\u2019assises de Rennes (Ille-et-Vilaine) a reconnu Lina\u00a0Roinson, 55\u00a0ans, <a href=\"https:\/\/rennes.maville.com\/actu\/actudet_-a-rennes-jugee-aux-assises-pour-s-etre-acharnee-a-coups-de-barre-de-fer-sur-la-femme-de-son-ex-_7-6794151_actu.Htm\" target=\"_self\" rel=\"nofollow noopener\">coupable de tentative d\u2019assassinat sur l\u2019\u00e9pouse de son ex-conjoint<\/a>. Le proc\u00e8s s\u2019est cl\u00f4tur\u00e9 ce mercredi 7\u00a0mai 2025, avec un verdict \u00e0 la hauteur de la gravit\u00e9 des faits\u00a0: l\u2019accus\u00e9e est condamn\u00e9e \u00e0 une peine de seize ans de r\u00e9clusion criminelle.<\/p>\n<p>Les faits remontent au 29\u00a0novembre 2021. La nuit tomb\u00e9e, Lina Roinson, capuche sur la t\u00eate et mains gant\u00e9es, avait rejoint la maison de son ex, \u00e0 Vieux-Vy-sur-Couesnon.\u00a0Le couple \u00e9tait s\u00e9par\u00e9 depuis quinze ans, mais elle n\u2019aurait pas support\u00e9\u00a0l\u2019annonce du mariage de son ancien conjoint avec une nouvelle femme. C\u2019est \u00e0 cette derni\u00e8re qu\u2019elle s\u2019en est prise.<\/p>\n<p>5\u00a0ans de suivi socio-judiciaire<\/p>\n<p><a href=\"https:\/\/rennes.maville.com\/actu\/actudet_--j-ai-fait-la-morte.-c-etait-la-fin-frappee-avec-une-barre-de-fer-elle-raconte-son-calvaire-_7-6795700_actu.Htm\" target=\"_self\" rel=\"nofollow noopener\">Lina Roinson a frapp\u00e9 sa victime avec une barre de fer,<\/a> lui ass\u00e9nant huit coups \u00e0 la t\u00eate. La femme, gri\u00e8vement bless\u00e9e, s\u2019est vue prescrire 150\u00a0jours d\u2019incapacit\u00e9 totale de travail. Son calvaire se poursuit trois ans et demi apr\u00e8s\u00a0: <strong>\u00ab\u00a0les douleurs sont toujours l\u00e0. Je porte des plaques \u00e0 vie dans les bras\u00a0\u00bb<\/strong>, a-t-elle t\u00e9moign\u00e9 pendant le proc\u00e8s.<\/p>\n<p>La cour condamne \u00e9galement Lina Roinson \u00e0 un suivi sociojudiciaire de cinq ans, avec injonction de soins.<\/p>\n<p>\u00a0<\/p>\n","protected":false},"excerpt":{"rendered":"La cour d\u2019assises de Rennes (Ille-et-Vilaine) a reconnu Lina\u00a0Roinson, 55\u00a0ans, coupable de tentative d\u2019assassinat sur l\u2019\u00e9pouse de son&hellip;\n","protected":false},"author":2,"featured_media":83325,"comment_status":"","ping_status":"","sticky":false,"template":"","format":"standard","meta":{"footnotes":""},"categories":[2821],"tags":[11707,1111,11,1764,18121,829,1777,674,19109,1294,14549,1011,27,11731,12,3762,15128,584,25],"class_list":{"0":"post-83324","1":"post","2":"type-post","3":"status-publish","4":"format-standard","5":"has-post-thumbnail","7":"category-rennes","8":"tag-11707","9":"tag-actu","10":"tag-actualites","11":"tag-ans","12":"tag-barre","13":"tag-bretagne","14":"tag-eu","15":"tag-europe","16":"tag-ex","17":"tag-femme","18":"tag-fer","19":"tag-fr","20":"tag-france","21":"tag-frappe","22":"tag-news","23":"tag-pres","24":"tag-reclusion","25":"tag-rennes","26":"tag-republique-francaise"},"share_on_mastodon":{"url":"https:\/\/pubeurope.com\/@fr\/114469762702596365","error":""},"_links":{"self":[{"href":"https:\/\/www.europesays.com\/fr\/wp-json\/wp\/v2\/posts\/83324","targetHints":{"allow":["GET"]}}],"collection":[{"href":"https:\/\/www.europesays.com\/fr\/wp-json\/wp\/v2\/posts"}],"about":[{"href":"https:\/\/www.europesays.com\/fr\/wp-json\/wp\/v2\/types\/post"}],"author":[{"embeddable":true,"href":"https:\/\/www.europesays.com\/fr\/wp-json\/wp\/v2\/users\/2"}],"replies":[{"embeddable":true,"href":"https:\/\/www.europesays.com\/fr\/wp-json\/wp\/v2\/comments?post=83324"}],"version-history":[{"count":0,"href":"https:\/\/www.europesays.com\/fr\/wp-json\/wp\/v2\/posts\/83324\/revisions"}],"wp:featuredmedia":[{"embeddable":true,"href":"https:\/\/www.europesays.com\/fr\/wp-json\/wp\/v2\/media\/83325"}],"wp:attachment":[{"href":"https:\/\/www.europesays.com\/fr\/wp-json\/wp\/v2\/media?parent=83324"}],"wp:term":[{"taxonomy":"category","embeddable":true,"href":"https:\/\/www.europesays.com\/fr\/wp-json\/wp\/v2\/categories?post=83324"},{"taxonomy":"post_tag","embeddable":true,"href":"https:\/\/www.europesays.com\/fr\/wp-json\/wp\/v2\/tags?post=83324"}],"curies":[{"name":"wp","href":"https:\/\/api.w.org\/{rel}","templated":true}]}}