{"id":83326,"date":"2025-05-08T02:05:22","date_gmt":"2025-05-08T02:05:22","guid":{"rendered":"https:\/\/www.europesays.com\/fr\/83326\/"},"modified":"2025-05-08T02:05:22","modified_gmt":"2025-05-08T02:05:22","slug":"a-strasbourg-ce-dispositif-qui-seduit-les-femmes-enceintes-va-se-poursuivre","status":"publish","type":"post","link":"https:\/\/www.europesays.com\/fr\/83326\/","title":{"rendered":"A Strasbourg, ce dispositif qui s\u00e9duit les femmes enceintes va se poursuivre"},"content":{"rendered":"<p>            Par<br \/>\n        <strong><br \/>\n            <a href=\"https:\/\/actu.fr\/auteur\/margot-fournie\" title=\"Consulter tous les articles de Margot Fournie\" rel=\"nofollow noopener\" target=\"_blank\">Margot Fournie<\/a><br \/>\n        <\/strong><\/p>\n<p>        Publi\u00e9 le<\/p>\n<p>            7 mai 2025 \u00e0 16h57        <\/p>\n<p>2025, c\u2019est l\u2019ann\u00e9e du bilan pour le projet \u00ab\u2009ordonnance verte\u2009\u00bb. En trois ans, ce dispositif a permis \u00e0 <strong>plus de 2\u2009000 femmes enceintes<\/strong>, habitant \u00e0 <a href=\"https:\/\/actu.fr\/strasbourg\/\" rel=\"nofollow noopener\" target=\"_blank\">Strasbourg<\/a>, de b\u00e9n\u00e9ficier d\u2019un <a href=\"https:\/\/actu.fr\/grand-est\/strasbourg_67482\/strasbourg-pourquoi-la-mairie-veut-donner-des-fruits-et-legumes-aux-femmes-enceintes_49488794.html\" rel=\"nofollow noopener\" target=\"_blank\">panier de l\u00e9gumes et de fruits bios<\/a> gratuit chaque semaine.\u00a0<\/p>\n<p class=\" wall-content\">Il s\u2019agit \u00e9galement <strong>d\u2019ateliers de sensibilisation<\/strong> pour \u00e9viter de consommer des produits avec des perturbateurs endocriniens.<\/p>\n<p class=\" wall-content\">Un bilan du dispositif a \u00e9t\u00e9 dress\u00e9 le 5 mai. \u00ab\u00a0Je me sens mieux\u00a0\u00bb, nous glisse l\u2019une d\u2019elles.<\/p>\n<p>Toutes les classes sociales se sont int\u00e9ress\u00e9es au dispositif<\/p>\n<p class=\" wall-content\">Entre\u00a02023 et\u00a02024, il n\u2019y a <strong>pas eu de hausses significatives de b\u00e9n\u00e9ficiaires<\/strong>. Elles \u00e9taient 943 \u00e0 en avoir profit\u00e9 en 2023 et 918 en 2024.<\/p>\n<p class=\" wall-content\">Par contre, ce que l\u2019on constate, c\u2019est que le dispositif a l\u2019air de toucher <strong>toutes les classes sociales<\/strong>. \u00ab<strong>\u200918,61\u2009% des inscrites<\/strong> ont un <strong>quotient familial sup\u00e9rieur \u00e0 1\u2009602\u00a0euros<\/strong>. 19,31\u2009% en ont un qui s\u2019\u00e9l\u00e8ve entre 956 et 1\u2009606 euros et <strong>29,55\u2009% ont un quotient familial en dessous de 956\u00a0euros<\/strong>\u2009\u00bb, indique la Ville dans un communiqu\u00e9.<\/p>\n<p>Vid\u00e9os : en ce moment sur Actu<\/p>\n<p class=\" wall-content\">\u00c0 noter que l\u2019ann\u00e9e derni\u00e8re, le dispositif a \u00e9t\u00e9 \u00e9tendu aux femmes qui ont eu recours \u00e0 l\u2019assistance m\u00e9dicale \u00e0 la procr\u00e9ation (PMA).<\/p>\n<p>22 points de distribution pour les paniers de fruits et l\u00e9gumes<\/p>\n<p class=\" wall-content\">C\u2019est de plus un dispositif \u00ab<strong>\u2009bien r\u00e9parti sur le territoire<\/strong>\u2009\u00bb, ajoute <a href=\"https:\/\/actu.fr\/tag\/jeanne-barseghian\" rel=\"nofollow noopener\" target=\"_blank\">Jeanne Barseghian<\/a>, maire de Strasbourg.<\/p>\n<p class=\" wall-content\">En effet, il existe <strong>22 points de distribution<\/strong>\u00a0et <strong>11 lieux d\u2019accueil<\/strong> pour les ateliers de sensibilisation.<\/p>\n<p>Une \u00e9tude scientifique pour v\u00e9rifier la pr\u00e9sence de perturbateurs endocriniens<\/p>\n<p class=\" wall-content\">\u00ab\u2009Il reste, cependant, des choses \u00e0 am\u00e9liorer. On va mener <strong>une \u00e9tude avec l\u2019INSERM<\/strong> \u00e0 Grenoble et les h\u00f4pitaux universitaires de Strasbourg, en septembre prochain\u2009\u00bb, reprend Jeanne Barseghian.<\/p>\n<p class=\" wall-content\">\u00ab\u2009Ces \u00e9tudes vont permettre de voir s\u2019il y a une <strong>\u00e9volution de la pr\u00e9sence des perturbateurs endocriniens<\/strong> dans les urines apr\u00e8s que les femmes enceintes ont b\u00e9n\u00e9fici\u00e9 du dispositif. \u00c7a va permettre \u00e9galement de <strong>savoir si les comportements<\/strong> et <strong>habitudes de consommations<\/strong> de ces femmes ont \u00e9volu\u00e9\u2009\u00bb, glisse Alexandre Feltz, adjoint charg\u00e9 de la sant\u00e9 environnementale et <strong>\u00e0 l\u2019origine du projet<\/strong>.<\/p>\n<p class=\" wall-content\">Suivez toute l\u2019actualit\u00e9 de vos villes et m\u00e9dias favoris en vous inscrivant \u00e0 <a href=\"https:\/\/moncompte.actu.fr\" title=\"D\u00e9couvez Mon Actu\" rel=\"nofollow noopener\" data-trk=\"{&quot;cta&quot;:{&quot;action&quot;:&quot;https:\\\/\\\/moncompte.actu.fr&quot;,&quot;category&quot;:&quot;mon compte&quot;,&quot;from&quot;:&quot;article footer&quot;,&quot;name&quot;:&quot;Mon actu&quot;,&quot;type&quot;:&quot;cta&quot;}}\" target=\"_blank\">Mon Actu<\/a>.<\/p>\n","protected":false},"excerpt":{"rendered":"Par Margot Fournie Publi\u00e9 le 7 mai 2025 \u00e0 16h57 2025, c\u2019est l\u2019ann\u00e9e du bilan pour le projet&hellip;\n","protected":false},"author":2,"featured_media":83327,"comment_status":"","ping_status":"","sticky":false,"template":"","format":"standard","meta":{"footnotes":""},"categories":[2820],"tags":[1111,11,1719,1777,674,1011,27,775,12,25,71,104,640],"class_list":{"0":"post-83326","1":"post","2":"type-post","3":"status-publish","4":"format-standard","5":"has-post-thumbnail","7":"category-strasbourg","8":"tag-actu","9":"tag-actualites","10":"tag-enfants","11":"tag-eu","12":"tag-europe","13":"tag-fr","14":"tag-france","15":"tag-grand-est","16":"tag-news","17":"tag-republique-francaise","18":"tag-sante","19":"tag-societe","20":"tag-strasbourg"},"share_on_mastodon":{"url":"https:\/\/pubeurope.com\/@fr\/114469766779477017","error":""},"_links":{"self":[{"href":"https:\/\/www.europesays.com\/fr\/wp-json\/wp\/v2\/posts\/83326","targetHints":{"allow":["GET"]}}],"collection":[{"href":"https:\/\/www.europesays.com\/fr\/wp-json\/wp\/v2\/posts"}],"about":[{"href":"https:\/\/www.europesays.com\/fr\/wp-json\/wp\/v2\/types\/post"}],"author":[{"embeddable":true,"href":"https:\/\/www.europesays.com\/fr\/wp-json\/wp\/v2\/users\/2"}],"replies":[{"embeddable":true,"href":"https:\/\/www.europesays.com\/fr\/wp-json\/wp\/v2\/comments?post=83326"}],"version-history":[{"count":0,"href":"https:\/\/www.europesays.com\/fr\/wp-json\/wp\/v2\/posts\/83326\/revisions"}],"wp:featuredmedia":[{"embeddable":true,"href":"https:\/\/www.europesays.com\/fr\/wp-json\/wp\/v2\/media\/83327"}],"wp:attachment":[{"href":"https:\/\/www.europesays.com\/fr\/wp-json\/wp\/v2\/media?parent=83326"}],"wp:term":[{"taxonomy":"category","embeddable":true,"href":"https:\/\/www.europesays.com\/fr\/wp-json\/wp\/v2\/categories?post=83326"},{"taxonomy":"post_tag","embeddable":true,"href":"https:\/\/www.europesays.com\/fr\/wp-json\/wp\/v2\/tags?post=83326"}],"curies":[{"name":"wp","href":"https:\/\/api.w.org\/{rel}","templated":true}]}}