{"id":833285,"date":"2026-03-29T18:27:13","date_gmt":"2026-03-29T18:27:13","guid":{"rendered":"https:\/\/www.europesays.com\/fr\/833285\/"},"modified":"2026-03-29T18:27:13","modified_gmt":"2026-03-29T18:27:13","slug":"20eme-traversee-de-lyon-radio-scoop","status":"publish","type":"post","link":"https:\/\/www.europesays.com\/fr\/833285\/","title":{"rendered":"20\u00e8me Travers\u00e9e de Lyon &#8211; Radio SCOOP"},"content":{"rendered":"<p>Rendez-vous dimanche 12 avril 2026 d\u00e8s 8h30, au Parc de l&rsquo;Hippodrome de La Tour de Salvagny.<\/p>\n<p>La <b>TdL<\/b> est de retour pour sa 20\u00e8me \u00e9dition et est ouverte \u00e0 tous les v\u00e9hicules de plus de 25 ans ou de prestige !<\/p>\n<p><b>La Travers\u00e9e de Lyon<\/b>, c&rsquo;est des centaines d&rsquo;\u00e9quipages qui se retrouvent pour aller parcourir les Ponts de Lyon, le tout dans une ambiance festive. Depuis plusieurs ann\u00e9es maintenant, la TdL est devenue l&rsquo;un des \u00e9v\u00e8nements majeurs pour les amateurs de v\u00e9hicules anciens. <\/p>\n<p><b>Au programme :<\/b><br \/>&#8211; 8h30 : Accueil, caf\u00e9\/boissons offerts<br \/>&#8211; 9h30 : D\u00e9part <br \/>&#8211; Parcours d&rsquo;une quarantaine de Km assez roulant<br \/>&#8211; Animations l&rsquo;apr\u00e8s midi<br \/>&#8211; Ap\u00e9ritif offert<\/p>\n<p>Rendez-vous dimanche 12 avril 2026 d\u00e8s 8h30, <br \/>au Parc de l&rsquo;Hippodrome de La Tour de Salvagny<\/p>\n<p>Infos pratiques :<br \/>&#8211; Restauration rapide, banc d&rsquo;huitres, buvette sur place<br \/>&#8211; Gratuit<\/p>\n<p>Plus d&rsquo;infos sur le site <a class=\"url\" href=\"https:\/\/www.latraverseedelyon.com\/\" target=\"_blank\" rel=\"nofollow noopener\">La Travers\u00e9e de Lyon<\/a>.<\/p>\n<p>Radio SCOOP est partenaire de l&rsquo;\u00e9v\u00e8nement<\/p>\n<tr>\n<td class=\"defaut\"><a href=\"https:\/\/www.radioscoop.com\/agenda\/javascript:void(0)\" onclick=\"parent.RS.diaporama.addMedia(732416) ;\" rel=\"nofollow noopener\" target=\"_blank\"><img loading=\"lazy\" decoding=\"async\" src=\"https:\/\/www.europesays.com\/fr\/wp-content\/uploads\/2026\/03\/1774808833_384_img.jpeg\" width=\"640\" height=\"453\" border=\"0\" title=\"TDL\"\/><\/a><\/td>\n<\/tr>\n<p><\/p>\n","protected":false},"excerpt":{"rendered":"Rendez-vous dimanche 12 avril 2026 d\u00e8s 8h30, au Parc de l&rsquo;Hippodrome de La Tour de Salvagny. La TdL&hellip;\n","protected":false},"author":2,"featured_media":833286,"comment_status":"","ping_status":"","sticky":false,"template":"","format":"standard","meta":{"footnotes":"","_share_on_mastodon":"0"},"categories":[1889],"tags":[90643,1111,11,8894,1063,69570,2430,90641,1777,674,1011,27,32667,2428,12,90639,90642,16338,25,90638,90637,31002,90640],"class_list":["post-833285","post","type-post","status-publish","format-standard","has-post-thumbnail","category-lyon","tag-quipages","tag-actu","tag-actualites","tag-ambiance","tag-animations","tag-aperitif","tag-auvergne-rhone-alpes","tag-de-prestige","tag-eu","tag-europe","tag-fr","tag-france","tag-la-tour-de-salvagny","tag-lyon","tag-news","tag-parc-de-lhippodrome","tag-ponts-de-lyon","tag-radio-scoop","tag-republique-francaise","tag-tdl","tag-traverse-de-lyon","tag-traverse","tag-vehicules-anciens"],"share_on_mastodon":{"url":"https:\/\/pubeurope.com\/@fr\/116313879147849814","error":""},"_links":{"self":[{"href":"https:\/\/www.europesays.com\/fr\/wp-json\/wp\/v2\/posts\/833285","targetHints":{"allow":["GET"]}}],"collection":[{"href":"https:\/\/www.europesays.com\/fr\/wp-json\/wp\/v2\/posts"}],"about":[{"href":"https:\/\/www.europesays.com\/fr\/wp-json\/wp\/v2\/types\/post"}],"author":[{"embeddable":true,"href":"https:\/\/www.europesays.com\/fr\/wp-json\/wp\/v2\/users\/2"}],"replies":[{"embeddable":true,"href":"https:\/\/www.europesays.com\/fr\/wp-json\/wp\/v2\/comments?post=833285"}],"version-history":[{"count":0,"href":"https:\/\/www.europesays.com\/fr\/wp-json\/wp\/v2\/posts\/833285\/revisions"}],"wp:featuredmedia":[{"embeddable":true,"href":"https:\/\/www.europesays.com\/fr\/wp-json\/wp\/v2\/media\/833286"}],"wp:attachment":[{"href":"https:\/\/www.europesays.com\/fr\/wp-json\/wp\/v2\/media?parent=833285"}],"wp:term":[{"taxonomy":"category","embeddable":true,"href":"https:\/\/www.europesays.com\/fr\/wp-json\/wp\/v2\/categories?post=833285"},{"taxonomy":"post_tag","embeddable":true,"href":"https:\/\/www.europesays.com\/fr\/wp-json\/wp\/v2\/tags?post=833285"}],"curies":[{"name":"wp","href":"https:\/\/api.w.org\/{rel}","templated":true}]}}