{"id":83343,"date":"2025-05-08T02:14:18","date_gmt":"2025-05-08T02:14:18","guid":{"rendered":"https:\/\/www.europesays.com\/fr\/83343\/"},"modified":"2025-05-08T02:14:18","modified_gmt":"2025-05-08T02:14:18","slug":"appels-impossibles-sms-qui-ne-passent-pas-enorme-panne-du-reseau-free-sur-toulouse-et-sa-region","status":"publish","type":"post","link":"https:\/\/www.europesays.com\/fr\/83343\/","title":{"rendered":"Appels impossibles, SMS qui ne passent pas\u2026 \u00c9norme panne du r\u00e9seau Free sur Toulouse et sa r\u00e9gion"},"content":{"rendered":"<p>            Par<br \/>\n        <strong><br \/>\n            <a href=\"https:\/\/actu.fr\/auteur\/lea-afonso\" title=\"Consulter tous les articles de L\u00e9a Afonso\" target=\"_blank\" rel=\"noopener\">L\u00e9a Afonso<\/a><br \/>\n        <\/strong><\/p>\n<p>        Publi\u00e9 le<\/p>\n<p>            7 mai 2025 \u00e0 16h43<br \/>\n        ; mis \u00e0 jour le 7 mai 2025 \u00e0 16h46    <\/p>\n<p>Mercredi 7 mai 2025, une<strong> importante panne de r\u00e9seau<\/strong> a touch\u00e9 les abonn\u00e9s de <strong>l\u2019op\u00e9rateur Free<\/strong> \u00e0 <strong><a href=\"https:\/\/actu.fr\/toulouse\/\" target=\"_blank\" rel=\"noopener\">Toulouse<\/a> <\/strong>et autour en <strong><a href=\"https:\/\/actu.fr\/occitanie\/\" target=\"_blank\" rel=\"noopener\">Occitanie<\/a><\/strong>. Les <strong>appels<\/strong> et les <strong>SMS<\/strong> ne passaient plus. Le r\u00e9seau tend \u00e0 revenir prochainement.<\/p>\n<p>Une panne dans plusieurs d\u00e9partements<\/p>\n<p class=\" wall-content\">\u00ab\u2009Nos r\u00e9seaux fixes et mobiles subissent actuellement des perturbations. Les services sont fortement perturb\u00e9s depuis 12\u2009h\u200930 sur une partie des d\u00e9partements suivants\u2009:<strong> Aveyron \/ Gers \/ Haute-Garonne \/ Lot \/ Tarn \/Tarn-et-Garonne.<\/strong> Toutes nos \u00e9quipes sont d\u00e9j\u00e0 mobilis\u00e9es, merci pour votre patience\u2009\u00bb, annoncent Free sur son compte X.<\/p>\n<p class=\" wall-content\">En effet, depuis la fin de matin\u00e9e, plusieurs utilisateurs se plaignent de ne pas pouvoir passer d\u2019appels, ni envoyer de SMS. De<strong> tr\u00e8s nombreuses villes<\/strong> de Haute-Garonne seraient concern\u00e9es et cela s\u2019\u00e9tendrait m\u00eame \u00e0 la r\u00e9gion Occitanie toute enti\u00e8re.<\/p>\n<p class=\" wall-content\">\n<p class=\" wall-content\">\n<p class=\" wall-content\"><strong>Voici les communes concern\u00e9es :<\/strong> Toulouse (31000), Ramonville-Saint-Agne (31520), Lab\u00e8ge (31670), Blagnac (31700), Saint-Orens-de-Gameville (31650), Flourens (31130), Montrab\u00e9 (31850), Quint-Fonsegrives (31130), Tournefeuille (31170), Saint-Jean (31240), Castelmaurou (31180), L\u2019Union (31240), Portet-sur-Garonne (31120), Escalquens (31750), Roques (31120), Villeneuve-Tolosane (31270), Mons (31280), Mervilla (31320), Aureville (31320), Cugnaux (31270), Aucamville (31140), Castelginest (31780), Saint-Alban (31140), Gagnac-sur-Garonne (31150), Montberon (31140), Pechbonnieu (31140), Gratentour (31150), Lespinasse (31150), Saint-Jory (31790), Labastide-Saint-Sernin (31620), Lapeyrouse-Fossat (31180), Launaguet (31140), Pinsaguel (31120), Colomiers (31770), Aussonne (31840), Cornebarrieu (31700), Brugui\u00e8res (31150), Beauzelle (31700), Auzeville-Tolosane (31320), Frouzins (31270), Pin-Balma (31130), Castanet-Tolosan (31320), Fenouillet (31150), Plaisance-du-Touch (31830), Mondonville (31700), Seysses (31600), Merville (31330), Daux (31700), Pibrac (31820), L\u00e9guevin (31490)<\/p>\n<p>Jusqu\u2019\u00e0 quand\u2009?<\/p>\n<p class=\" wall-content\">D\u2019apr\u00e8s Free, ce probl\u00e8me ne devrait pas durer. En effet, l\u2019op\u00e9rateur a annonc\u00e9 cet apr\u00e8s-midi\u2009: \u00ab\u2009Suite \u00e0 une v\u00e9rification compl\u00e8te de nos \u00e9quipements aux n\u0153uds de raccordement de la zone, un red\u00e9marrage \u00e9lectrique a permis de r\u00e9soudre la panne.<strong> Nos r\u00e9seaux sont redevenus joignables vers 15\u2009h\u200930 et les services sont revenus avec\u2009<\/strong>\u00bb.<\/p>\n<p>Vid\u00e9os : en ce moment sur Actu<\/p>\n<p class=\" wall-content\">En cons\u00e9quence, les appels ne devraient pas tarder \u00e0 \u00eatre de nouveau possibles pour tout le monde.<\/p>\n<p class=\" wall-content\">Suivez toute l\u2019actualit\u00e9 de vos villes et m\u00e9dias favoris en vous inscrivant \u00e0 <a href=\"https:\/\/moncompte.actu.fr\" title=\"D\u00e9couvez Mon Actu\" rel=\"nofollow noopener\" data-trk=\"{&quot;cta&quot;:{&quot;action&quot;:&quot;https:\\\/\\\/moncompte.actu.fr&quot;,&quot;category&quot;:&quot;mon compte&quot;,&quot;from&quot;:&quot;article footer&quot;,&quot;name&quot;:&quot;Mon actu&quot;,&quot;type&quot;:&quot;cta&quot;}}\" target=\"_blank\">Mon Actu<\/a>.<\/p>\n","protected":false},"excerpt":{"rendered":"Par L\u00e9a Afonso Publi\u00e9 le 7 mai 2025 \u00e0 16h43 ; mis \u00e0 jour le 7 mai 2025&hellip;\n","protected":false},"author":2,"featured_media":83344,"comment_status":"","ping_status":"","sticky":false,"template":"","format":"standard","meta":{"footnotes":""},"categories":[2816],"tags":[1111,11,1777,674,1011,27,12,2680,10899,25,104,2312],"class_list":{"0":"post-83343","1":"post","2":"type-post","3":"status-publish","4":"format-standard","5":"has-post-thumbnail","7":"category-toulouse","8":"tag-actu","9":"tag-actualites","10":"tag-eu","11":"tag-europe","12":"tag-fr","13":"tag-france","14":"tag-news","15":"tag-occitanie","16":"tag-panne","17":"tag-republique-francaise","18":"tag-societe","19":"tag-toulouse"},"share_on_mastodon":{"url":"","error":""},"_links":{"self":[{"href":"https:\/\/www.europesays.com\/fr\/wp-json\/wp\/v2\/posts\/83343","targetHints":{"allow":["GET"]}}],"collection":[{"href":"https:\/\/www.europesays.com\/fr\/wp-json\/wp\/v2\/posts"}],"about":[{"href":"https:\/\/www.europesays.com\/fr\/wp-json\/wp\/v2\/types\/post"}],"author":[{"embeddable":true,"href":"https:\/\/www.europesays.com\/fr\/wp-json\/wp\/v2\/users\/2"}],"replies":[{"embeddable":true,"href":"https:\/\/www.europesays.com\/fr\/wp-json\/wp\/v2\/comments?post=83343"}],"version-history":[{"count":0,"href":"https:\/\/www.europesays.com\/fr\/wp-json\/wp\/v2\/posts\/83343\/revisions"}],"wp:featuredmedia":[{"embeddable":true,"href":"https:\/\/www.europesays.com\/fr\/wp-json\/wp\/v2\/media\/83344"}],"wp:attachment":[{"href":"https:\/\/www.europesays.com\/fr\/wp-json\/wp\/v2\/media?parent=83343"}],"wp:term":[{"taxonomy":"category","embeddable":true,"href":"https:\/\/www.europesays.com\/fr\/wp-json\/wp\/v2\/categories?post=83343"},{"taxonomy":"post_tag","embeddable":true,"href":"https:\/\/www.europesays.com\/fr\/wp-json\/wp\/v2\/tags?post=83343"}],"curies":[{"name":"wp","href":"https:\/\/api.w.org\/{rel}","templated":true}]}}