{"id":83347,"date":"2025-05-08T02:17:14","date_gmt":"2025-05-08T02:17:14","guid":{"rendered":"https:\/\/www.europesays.com\/fr\/83347\/"},"modified":"2025-05-08T02:17:14","modified_gmt":"2025-05-08T02:17:14","slug":"accord-pour-le-plan-de-licenciements-aux-galeries-lafayette-a-marseille","status":"publish","type":"post","link":"https:\/\/www.europesays.com\/fr\/83347\/","title":{"rendered":"Accord pour le plan de licenciements aux Galeries Lafayette \u00e0 Marseille"},"content":{"rendered":"\n<p>Par un communiqu\u00e9 de presse ce mercredi, les syndicats FO, CFDT et CFE CGC des Galeries Lafayette annoncent qu\u2019ils ont approuv\u00e9 \u00ab un accord collectif majoritaire relatif au Plan de sauvegarde de l\u2019emploi \u00bb. Ce plan de licenciements fait suite \u00e0 l\u2019annonce, en d\u00e9but d\u2019ann\u00e9e, de la fermeture programm\u00e9e au 30 novembre prochain <a href=\"https:\/\/www.lamarseillaise.fr\/economie\/les-galeries-lafayette-veulent-baisser-le-rideau-au-prado-et-au-centre-bourse-GG17440457\" rel=\"nofollow noopener\" target=\"_blank\">des deux magasins aux centres commerciaux Centre Bourse et Prado<\/a>. Sign\u00e9 le 28 avril, ce PSE pr\u00e9voit le reclassement d\u2019une dizaine de salari\u00e9s, et le licenciement de 141 autres, indique Michelle Fanucchi, d\u00e9l\u00e9gu\u00e9e syndicale centrale FO. L\u2019inspection du travail a d\u00e9sormais entre deux et trois semaines, pr\u00e9cise-t-elle, pour donner son avis.<\/p>\n<p>\u00ab Nous sommes satisfaits des accompagnements mis en place \u00bb, souffle la syndicaliste, avec des mesures \u00ab sup\u00e9rieures \u00e0 ce qui se fait en g\u00e9n\u00e9ral aux Galeries Lafayette \u00bb. Sans pouvoir les pr\u00e9ciser davantage avant la validation par les services de l\u2019\u00c9tat. La d\u00e9claration commune des syndicats signataires esquisse des moyens renforc\u00e9s pour le reclassement, des dispositifs de formation longue, un maintien presque int\u00e9gral de la r\u00e9mun\u00e9ration pendant le cong\u00e9 de reclassement, allong\u00e9 pour les salari\u00e9s proches de la retraite. \u00abIl y a eu un bon dialogue social, les demandes ont \u00e9t\u00e9 entendues\u00bb, se r\u00e9jouit Michelle Fanucchi, soulignant que de nombreux salari\u00e9s sont d\u00e9j\u00e0 proches de l\u2019\u00e2ge de le retraite.<\/p>\n<p> La pr\u00e9fecture ne veut rien l\u00e2cher\n              <\/p>\n<p>A ses yeux, la fermeture des deux magasins marseillais des Galeries Lafayette \u00e9tait in\u00e9luctable. \u00abNous avons bien compris depuis un an et demi que c\u2019\u00e9tait compliqu\u00e9 de les maintenir, nous avons vu d\u00e9cliner le chiffre d\u2019affaires, les caissi\u00e8res voyaient bien qu\u2019elles faisaient moins de tickets de caisse&#8230;\u00bb Mais tandis que certains clients ont d\u00e9j\u00e0 anticip\u00e9 la fermeture, elle assure que les livraisons sont toujours assur\u00e9es, en quantit\u00e9s plus r\u00e9duites, pour alimenter les rayonnages, avant les fermetures pr\u00e9vues le 30 novembre prochain.<\/p>\n<p>L\u2019annonce en janvier avait caus\u00e9 de vives r\u00e9actions \u00e0 Marseille, avec la crainte de voir le centre commercial du Centre Bourse p\u00e9ricliter et fermer le rideau. Jusqu\u2019\u00e0 susciter de vifs d\u00e9bats en conseil municipal, tandis que la Chambre de commerce et d\u2019industrie, avec la Ville de Marseille et la R\u00e9gion Sud, doit <a href=\"https:\/\/www.lamarseillaise.fr\/economie\/muselier-en-appelle-a-l-etat-pour-sauver-le-centre-bourse-MJ17699162\" rel=\"nofollow noopener\" target=\"_blank\">lancer une \u00e9tude pour redynamiser le commerce en centre-ville<\/a>. Du c\u00f4t\u00e9 de la pr\u00e9fecture de r\u00e9gion, la volont\u00e9 \u00e9tait de tenter de convaincre les galeries Lafayette de rester. \u00ab L\u2019\u00c9tat n\u2019est pas d\u00e9pourvu de moyens de discussion \u00bb, rappelait-on il y a quelques jours. Une rencontre houleuse entre les services de l\u2019\u00c9tat et la direction avait \u00e9t\u00e9 l\u2019occasion de rappeler qu\u2019un plan de licenciement doit \u00eatre homologu\u00e9 par les pouvoirs publics et qu\u2019un entrepreneur \u00ab qui s\u2019en va comme un voleur \u00bb est assujetti \u00e0 une obligation de revitalisation \u00ab qui peut co\u00fbter tr\u00e8s cher \u00bb, rappelle-t-on du c\u00f4t\u00e9 des services de l\u2019Etat.<\/p>\n","protected":false},"excerpt":{"rendered":"Par un communiqu\u00e9 de presse ce mercredi, les syndicats FO, CFDT et CFE CGC des Galeries Lafayette annoncent&hellip;\n","protected":false},"author":2,"featured_media":83348,"comment_status":"","ping_status":"","sticky":false,"template":"","format":"standard","meta":{"footnotes":""},"categories":[2814],"tags":[1111,11,885,1777,674,1011,27,884,12,882,25],"class_list":{"0":"post-83347","1":"post","2":"type-post","3":"status-publish","4":"format-standard","5":"has-post-thumbnail","7":"category-marseille","8":"tag-actu","9":"tag-actualites","10":"tag-bouches-du-rhone","11":"tag-eu","12":"tag-europe","13":"tag-fr","14":"tag-france","15":"tag-marseille","16":"tag-news","17":"tag-provence-alpes-cote-dazur","18":"tag-republique-francaise"},"share_on_mastodon":{"url":"https:\/\/pubeurope.com\/@fr\/114469813846226485","error":""},"_links":{"self":[{"href":"https:\/\/www.europesays.com\/fr\/wp-json\/wp\/v2\/posts\/83347","targetHints":{"allow":["GET"]}}],"collection":[{"href":"https:\/\/www.europesays.com\/fr\/wp-json\/wp\/v2\/posts"}],"about":[{"href":"https:\/\/www.europesays.com\/fr\/wp-json\/wp\/v2\/types\/post"}],"author":[{"embeddable":true,"href":"https:\/\/www.europesays.com\/fr\/wp-json\/wp\/v2\/users\/2"}],"replies":[{"embeddable":true,"href":"https:\/\/www.europesays.com\/fr\/wp-json\/wp\/v2\/comments?post=83347"}],"version-history":[{"count":0,"href":"https:\/\/www.europesays.com\/fr\/wp-json\/wp\/v2\/posts\/83347\/revisions"}],"wp:featuredmedia":[{"embeddable":true,"href":"https:\/\/www.europesays.com\/fr\/wp-json\/wp\/v2\/media\/83348"}],"wp:attachment":[{"href":"https:\/\/www.europesays.com\/fr\/wp-json\/wp\/v2\/media?parent=83347"}],"wp:term":[{"taxonomy":"category","embeddable":true,"href":"https:\/\/www.europesays.com\/fr\/wp-json\/wp\/v2\/categories?post=83347"},{"taxonomy":"post_tag","embeddable":true,"href":"https:\/\/www.europesays.com\/fr\/wp-json\/wp\/v2\/tags?post=83347"}],"curies":[{"name":"wp","href":"https:\/\/api.w.org\/{rel}","templated":true}]}}