{"id":83351,"date":"2025-05-08T02:19:11","date_gmt":"2025-05-08T02:19:11","guid":{"rendered":"https:\/\/www.europesays.com\/fr\/83351\/"},"modified":"2025-05-08T02:19:11","modified_gmt":"2025-05-08T02:19:11","slug":"les-deux-octogenaires-ne-se-sont-pas-laisse-faire","status":"publish","type":"post","link":"https:\/\/www.europesays.com\/fr\/83351\/","title":{"rendered":"les deux octog\u00e9naires ne se sont pas laiss\u00e9 faire"},"content":{"rendered":"<p>Un vol \u00e0 l\u2019arrach\u00e9 tourne court \u00e0 Lyon 6e : les deux octog\u00e9naires ne se sont pas laiss\u00e9es faire &#8211; LyonMag<\/p>\n<p itemprop=\"description\"><strong>Il attaque deux dames \u00e2g\u00e9es \u00e0 Lyon 6e\u2026 et se fait corriger.<\/strong><\/p>\n<p>Mardi 6 mai, dans le 6e arrondissement de Lyon, une tentative de vol \u00e0 l\u2019arrach\u00e9 a \u00e9chou\u00e9 face \u00e0 la r\u00e9sistance inattendue de deux s\u0153urs \u00e2g\u00e9es.<\/p>\n<p>Les faits se sont d\u00e9roul\u00e9s dans l\u2019apr\u00e8s-midi, rue Cuvier. Alors qu\u2019elles se promenaient, les deux femmes \u00e2g\u00e9es de 85 et 84 ans ont \u00e9t\u00e9 cibl\u00e9es par un jeune homme. L\u2019individu aurait abord\u00e9 l\u2019une d\u2019elles sous un pr\u00e9texte anodin.<\/p>\n<p>\u00ab\u00a0Il m\u2019a demand\u00e9 o\u00f9 \u00e9tait le Rh\u00f4ne\u00a0\u00bb, explique l&rsquo;une des s\u0153urs \u00e0 nos confr\u00e8res du <a href=\"https:\/\/c.leprogres.fr\/faits-divers-justice\/2025\/05\/07\/on-l-a-tape-il-a-tout-lache-rue-cuvier-l-arrachage-de-collier-tourne-a-l-avantage-des-deux-memes\" target=\"_blank\" rel=\"noopener\">Progr\u00e8s<\/a>, avant de soudainement lui sauter dessus pour\u00a0tenter de s\u2019emparer du collier en or qu\u2019elle portait au cou.\u00a0<\/p>\n<p>Mais au lieu de c\u00e9der, les deux s\u0153urs ont r\u00e9agi avec d\u00e9termination, utilisant leurs sacs \u00e0 main pour repousser l\u2019agresseur. Pris de court, apr\u00e8s avoir re\u00e7u plusieurs coups \u00e0 la t\u00eate, celui-ci a finalement l\u00e2ch\u00e9 prise et pris la fuite, bredouille.\u00a0Le collier en or, violemment tir\u00e9, a tout de m\u00eame \u00e9t\u00e9 cass\u00e9 dans l\u2019attaque.<\/p>\n<p>Une d\u00e9claration a ensuite \u00e9t\u00e9 effectu\u00e9e au commissariat.<\/p>\n","protected":false},"excerpt":{"rendered":"Un vol \u00e0 l\u2019arrach\u00e9 tourne court \u00e0 Lyon 6e : les deux octog\u00e9naires ne se sont pas laiss\u00e9es&hellip;\n","protected":false},"author":2,"featured_media":83352,"comment_status":"","ping_status":"","sticky":false,"template":"","format":"standard","meta":{"footnotes":""},"categories":[1889],"tags":[1111,11,2813,2190,2430,1109,251,1112,2811,1777,674,118,1011,27,1922,1110,1114,2428,2810,12,241,316,25,2812,517,800],"class_list":{"0":"post-83351","1":"post","2":"type-post","3":"status-publish","4":"format-standard","5":"has-post-thumbnail","7":"category-lyon","8":"tag-actu","9":"tag-actualites","10":"tag-article","11":"tag-asvel","12":"tag-auvergne-rhone-alpes","13":"tag-breves","14":"tag-culture","15":"tag-depeches","16":"tag-economique","17":"tag-eu","18":"tag-europe","19":"tag-faits-divers","20":"tag-fr","21":"tag-france","22":"tag-info","23":"tag-informations","24":"tag-infos","25":"tag-lyon","26":"tag-lyonmag","27":"tag-news","28":"tag-ol","29":"tag-politique","30":"tag-republique-francaise","31":"tag-sociale","32":"tag-sport","33":"tag-transports"},"share_on_mastodon":{"url":"https:\/\/pubeurope.com\/@fr\/114469821739535167","error":""},"_links":{"self":[{"href":"https:\/\/www.europesays.com\/fr\/wp-json\/wp\/v2\/posts\/83351","targetHints":{"allow":["GET"]}}],"collection":[{"href":"https:\/\/www.europesays.com\/fr\/wp-json\/wp\/v2\/posts"}],"about":[{"href":"https:\/\/www.europesays.com\/fr\/wp-json\/wp\/v2\/types\/post"}],"author":[{"embeddable":true,"href":"https:\/\/www.europesays.com\/fr\/wp-json\/wp\/v2\/users\/2"}],"replies":[{"embeddable":true,"href":"https:\/\/www.europesays.com\/fr\/wp-json\/wp\/v2\/comments?post=83351"}],"version-history":[{"count":0,"href":"https:\/\/www.europesays.com\/fr\/wp-json\/wp\/v2\/posts\/83351\/revisions"}],"wp:featuredmedia":[{"embeddable":true,"href":"https:\/\/www.europesays.com\/fr\/wp-json\/wp\/v2\/media\/83352"}],"wp:attachment":[{"href":"https:\/\/www.europesays.com\/fr\/wp-json\/wp\/v2\/media?parent=83351"}],"wp:term":[{"taxonomy":"category","embeddable":true,"href":"https:\/\/www.europesays.com\/fr\/wp-json\/wp\/v2\/categories?post=83351"},{"taxonomy":"post_tag","embeddable":true,"href":"https:\/\/www.europesays.com\/fr\/wp-json\/wp\/v2\/tags?post=83351"}],"curies":[{"name":"wp","href":"https:\/\/api.w.org\/{rel}","templated":true}]}}