{"id":83353,"date":"2025-05-08T02:20:13","date_gmt":"2025-05-08T02:20:13","guid":{"rendered":"https:\/\/www.europesays.com\/fr\/83353\/"},"modified":"2025-05-08T02:20:13","modified_gmt":"2025-05-08T02:20:13","slug":"fiducial-lyon-le-milliardaire-christian-latouche-porte-disparu","status":"publish","type":"post","link":"https:\/\/www.europesays.com\/fr\/83353\/","title":{"rendered":"Fiducial Lyon. Le milliardaire Christian Latouche port\u00e9 disparu ? &#8211;"},"content":{"rendered":"<p>\t\t\t\t<img fetchpriority=\"high\" decoding=\"async\" width=\"823\" height=\"599\" src=\"https:\/\/www.europesays.com\/fr\/wp-content\/uploads\/2025\/05\/Christian-Latouche-Ile-dElbe-Fiducial-2025.jpg\" alt=\"\" title=\"Christian Latouche Ile d\u2019Elbe Fiducial 2025\"   class=\"wp-image-159228\"\/><\/p>\n<p><strong>Texte\u00a0: Marco Polisson \u2013<\/strong> Apr\u00e8s l\u2019affaire de la \u00ab s\u00e9questration \u00bb de Bruno Rousset, une nouvelle pol\u00e9mique du m\u00eame ordre vient d\u2019\u00e9clater sur la personne du fondateur du groupe Fiducial.<\/p>\n<p>La vie n\u2019est pas un long fleuve tranquille dans le cercle tr\u00e8s ferm\u00e9 des 12 milliardaires lyonnais. Et quand sonne l\u2019heure de la retraite, et de la transmission, nombreux sont les obstacles \u00e0 surmonter. En premier lieu, dans son propre clan familial. Le journaliste <strong>Philippe Lecoq<\/strong> a ainsi racont\u00e9 en janvier<a href=\"https:\/\/www.lyonpeople.com\/actualites-lyon\/actualites-people-lyonnais\/lyon-bruno-rousset-est-il-sequestre-chez-lui-contre-sa-volonte-2025-01-27.html\" target=\"_blank\" rel=\"noopener\"> <strong>sur cette antenne le conflit<\/strong> <\/a>qui oppose les enfants de <strong>Bruno Rousset<\/strong> \u00e0 sa s\u0153ur <strong>Brigitte<\/strong> et \u00e0 son ex-\u00e9pouse <strong>Vanessa Rousset<\/strong>.<\/p>\n<p><img loading=\"lazy\" decoding=\"async\" aria-describedby=\"caption-attachment-159225\" class=\"lazy lazy-hidden size-full wp-image-159225\" data-lazy-type=\"image\" src=\"https:\/\/www.europesays.com\/fr\/wp-content\/uploads\/2025\/05\/trophees-savoir-faire-2006.jpg\" alt=\"\" width=\"900\" height=\"600\"  \/><\/p>\n<p id=\"caption-attachment-159225\" class=\"wp-caption-text\">Une des rares apparitions publiques de Christian Latouche. Ici en 2006, aux Troph\u00e9es lyonnais du savoir-faire avec Pierre Cardin et Azouz Begag \u2013 Photo Lyon People<\/p>\n<p>Rebelote en ce d\u00e9but du mois de mai avec celui qui tr\u00f4ne sur la 5\u00e8me marche du podium des plus grosses fortunes lyonnaises en 2024, extrait du classement r\u00e9alis\u00e9 chaque ann\u00e9e par le magazine Challenges. En 50 ans, Christian Latouche a fait de son groupe Fiducial, sp\u00e9cialis\u00e9 dans l\u2019expertise comptable et les services aux entreprises, un leader mondial. L\u2019homme est d\u2019une discr\u00e9tion maladive, le microcosme le surnomme \u00ab\u00a0le milliardaire triste\u00a0\u00bb.<\/p>\n<p><strong>La fortune du fondateur de Fiducial est estim\u00e9e \u00e0 2 milliards 200 millions d\u2019euros, soit le double de celle de Bruno Rousset.<\/strong><\/p>\n<p>Et l\u2019on peut ais\u00e9ment comprendre les tensions que suscitent ces niveaux de fortune. En ce qui concerne l\u2019affaire Fiducial, comme pour April, on notera que l\u2019attaque est partie du banc f\u00e9minin. A la man\u0153uvre <strong>Pascale Bourgeois<\/strong>, qui se pr\u00e9sente comme \u00ab\u00a0la compagne depuis 30 ans de Christian Latouche\u00a0\u00bb, furieuse d\u2019\u00eatre mise sur\u2026 la touche (facile).<\/p>\n<p>Avec des proches du milliardaire (pas de noms encore r\u00e9v\u00e9l\u00e9s \u00e0 ce stade), elle a cr\u00e9\u00e9 le \u00ab\u00a0Collectif Sauvez Christian\u00a0\u00bb, afin \u00ab\u00a0d\u2019obtenir la v\u00e9rit\u00e9 sur la situation exacte de Christian Latouche, le fondateur du groupe Fiducial\u00a0\u00bb. Les relations presse du collectif sont assur\u00e9es par <strong>Pierre Gandonni\u00e8re<\/strong>, ancien journaliste de l\u2019hebdomadaire \u00ab\u00a0Les Potins d\u2019Ang\u00e8le\u00a0\u00bb.<\/p>\n<p><img loading=\"lazy\" decoding=\"async\" aria-describedby=\"caption-attachment-159224\" class=\"lazy lazy-hidden size-full wp-image-159224\" data-lazy-type=\"image\" src=\"https:\/\/www.europesays.com\/fr\/wp-content\/uploads\/2025\/05\/Ile-de-Boedic-Christian-Latouche-.jpg\" alt=\"\" width=\"900\" height=\"732\"  \/><\/p>\n<p id=\"caption-attachment-159224\" class=\"wp-caption-text\">Parmi les p\u00e9pites du patrimoine de Christian Latouche, l\u2019\u00eele de Boedic achet\u00e9e 4 millions d\u2019euros en 2015 \u2013 Capture d\u2019\u00e9cran Le Progr\u00e8s<\/p>\n<p><strong>Quels sont ses motifs d\u2019inqui\u00e9tude\u00a0?<\/strong> \u00ab\u00a0Depuis son accident de sant\u00e9 en janvier 2022, Christian Latouche n\u2019a plus donn\u00e9 signe de vie, n\u2019a plus effectu\u00e9 aucune apparition publique, n\u2019a plus \u00e9t\u00e9 vu \u00e0 son bureau ni \u00e0 aucun rendez-vous professionnel\u00a0\u00bb\u00a0assure-t-elle. Avec en filagramme, la rivalit\u00e9 amoureuse qui l\u2019oppose \u00e0 <strong>Marie-Jos\u00e8phe<\/strong>, l\u2019\u00e9pouse du milliardaire.<\/p>\n<p>Ainsi, on apprend de sa bouche que sa rivale est de retour aux affaires, ce qui a fini de mettre le feu aux poudres. \u00ab Le 19 mars 2024, son ex-\u00e9pouse <strong>Marie-Jos\u00e8phe Jarjaille<\/strong> a \u00e9t\u00e9 nomm\u00e9e g\u00e9rante de la holding avec tout pouvoir sur le groupe, alors qu\u2019il \u00e9tait en instance de divorce avec elle (s\u00e9paration de corps).\u00a0\u00bb\u00a0Moins d\u2019un an plus tard, Pascale Bourgeois \u00e9tait licenci\u00e9e\u2026<\/p>\n<p><strong>Le ministre de l\u2019Int\u00e9rieur rentre dans la danse <\/strong><\/p>\n<p>Dans une lettre adress\u00e9e le 27 mars 2025 au ministre de l\u2019Int\u00e9rieur <strong>Bruno Retailleau<\/strong>, elle enfonce le clou\u00a0: \u00ab\u00a0Christian Latouche est dans un \u00e9tat pr\u00e9occupant. J\u2019ai partag\u00e9 pr\u00e8s de 30 ans avec lui. Mais tout a \u00e9t\u00e9 mis en \u0153uvre pour m\u2019\u00e9loigner, l\u2019isoler, couper les communications et le priver de rep\u00e8re familier\u00a0\u00bb.<\/p>\n<p><strong>Comment expliquer cette mise \u00e0 l\u2019\u00e9cart\u00a0?<\/strong> Pascale Bourgeois a \u00e9t\u00e9 licenci\u00e9e et \u00ab\u00a0expuls\u00e9e de son logement de fonction\u00a0\u00bb. Pour quel motif\u00a0? Elle assure au locataire de la place Beauvau avoir mis \u00e0 jour \u00ab\u00a0des \u00e9l\u00e9ments graves\u00a0: abus de faiblesse manifeste, irr\u00e9gularit\u00e9s internes au sein de Fiducial, failles de cybers\u00e9curit\u00e9, risques massifs de fuite de donn\u00e9es.\u00a0\u00bb<\/p>\n<p><img loading=\"lazy\" decoding=\"async\" class=\"lazy lazy-hidden  wp-image-159226 alignleft\" data-lazy-type=\"image\" src=\"https:\/\/www.europesays.com\/fr\/wp-content\/uploads\/2025\/05\/Christian-Latouche-un-euro.jpg\" alt=\"\" width=\"165\" height=\"201\"\/>A cet inventaire quelque peu d\u00e9sordonn\u00e9, s\u2019ajoute le fait que \u00ab\u00a0des transactions immobili\u00e8res ont \u00e9t\u00e9 r\u00e9cemment effectu\u00e9es donnant \u00e0 penser qu\u2019on pourrait se diriger vers une liquidation partielle ou totale du patrimoine de Fiducial (3Mds \u20ac).\u00a0C\u2019est l\u2019ensemble du groupe, ses 350 000 clients, ses 15 000 salari\u00e9s qui pourraient se retrouver menac\u00e9s en cas de gestion hasardeuse\u00a0\u00bb pr\u00e9cise le collectif.<\/p>\n<p>Dans sa r\u00e9ponse dat\u00e9e du 11 avril 2025, le ministre de l\u2019Int\u00e9rieur sugg\u00e8re \u00e0 PB \u00ab\u00a0de d\u00e9poser plainte et de solliciter un r\u00e9gime de protection pour Monsieur Christian Latouche\u00a0\u00bb. Joignant le geste \u00e0 la parole, ce lundi 5 mai 2025, Pascale Bourgeois, et son filleul <strong>Olivier Queval-Bourgeois<\/strong> ont d\u00e9pos\u00e9 plainte au Tribunal de Paris notamment pour abus de faiblesse. L\u2019affaire va donc prendre une tournure judiciaire.<\/p>\n<p><strong>R\u00e9ponse sibylline de Fiducial et preuves de vie<\/strong><\/p>\n<p>Interrog\u00e9 par Lyon People, le groupe lyonnais choisit d\u2019adopter une attitude similaire \u00e0 celle des h\u00e9ritiers de Bruno Rousset. Une communication factuelle et millim\u00e9tr\u00e9e qui se garde bien de se prononcer sur le fond (amoureux) de l\u2019affaire. En commen\u00e7ant par r\u00e9pondre sur \u00ab\u00a0la disparition\u00a0\u00bb du chef d\u2019entreprise.<\/p>\n<p>Fid\u00e8le grognard de Christian Latouche, <strong>Jean-Claude Carquillat<\/strong> nous a ainsi fait parvenir les photos prises par sa fille \u00c9lisabeth Latouche d\u2019un r\u00e9cent voyage de son patron sur l\u2019Ile d\u2019Elbe. C\u2019est sur cette \u00eele italienne que <strong>Napol\u00e9on<\/strong> fut exil\u00e9 en 1814-1815. On y aper\u00e7oit l\u2019homme d\u2019affaires entour\u00e9 de membres de sa famille en mode randonn\u00e9e, piolets en mains, ou encore visitant le th\u00e9\u00e2tre des Vigilants, une ancienne \u00e9glise transform\u00e9e en salle de spectacle par l\u2019empereur.<\/p>\n<p><img loading=\"lazy\" decoding=\"async\" aria-describedby=\"caption-attachment-159227\" class=\"lazy lazy-hidden size-full wp-image-159227\" data-lazy-type=\"image\" src=\"https:\/\/www.europesays.com\/fr\/wp-content\/uploads\/2025\/05\/Christian-Latouche-Ile-dElbe.jpg\" alt=\"\" width=\"823\" height=\"628\"  \/><\/p>\n<p id=\"caption-attachment-159227\" class=\"wp-caption-text\">Une famille \u00ab\u00a0ordinaire\u00a0\u00bb en goguette, d\u00e9but mai \u2013 Photo \u00c9lisabeth Latouche<\/p>\n<p>Dans la foul\u00e9e, <strong>Eric Luc<\/strong>, le directeur de la communication de Fiducial nous a apport\u00e9 les \u00e9l\u00e9ments suivants\u00a0: \u00ab\u00a0Monsieur Christian Latouche, pr\u00e9sident-fondateur du groupe Fiducial, va bien comme peut aller un homme de 85 ans. Il n\u2019est sous aucune mesure de protection juridique. Fid\u00e8le \u00e0 sa discr\u00e9tion habituelle, il poursuit sa vie familiale et personnelle en toute s\u00e9r\u00e9nit\u00e9, tout en continuant \u00e0 suivre l\u2019\u00e9volution du groupe\u00a0\u00bb.<\/p>\n<p>\u00ab\u00a0S\u2019agissant de Madame Pascale Bourgeois, celle-ci \u00e9tait employ\u00e9e par Fiducial comme attach\u00e9e de direction, bas\u00e9e \u00e0 Paris, jusqu\u2019\u00e0 son licenciement en f\u00e9vrier 2025. Celui-ci a \u00e9t\u00e9 motiv\u00e9 par des faits pr\u00e9cis qui lui ont \u00e9t\u00e9 notifi\u00e9s. \u00c0 ce jour, elle n\u2019a pas contest\u00e9 judiciairement cette d\u00e9cision\u00a0\u00bb.<\/p>\n<p>Et de conclure\u00a0: \u00ab\u00a0Fiducial se r\u00e9serve la facult\u00e9 d\u2019engager toute action n\u00e9cessaire en r\u00e9ponse aux accusations publiques dont elle fait aujourd\u2019hui l\u2019objet\u00a0\u00bb. Suite au prochain \u00e9pisode.<\/p>\n","protected":false},"excerpt":{"rendered":"Texte\u00a0: Marco Polisson \u2013 Apr\u00e8s l\u2019affaire de la \u00ab s\u00e9questration \u00bb de Bruno Rousset, une nouvelle pol\u00e9mique du&hellip;\n","protected":false},"author":2,"featured_media":83354,"comment_status":"","ping_status":"","sticky":false,"template":"","format":"standard","meta":{"footnotes":""},"categories":[1889],"tags":[4257,1111,11,2430,19111,1777,674,1011,27,2428,12,25],"class_list":{"0":"post-83353","1":"post","2":"type-post","3":"status-publish","4":"format-standard","5":"has-post-thumbnail","7":"category-lyon","8":"tag-0top","9":"tag-actu","10":"tag-actualites","11":"tag-auvergne-rhone-alpes","12":"tag-christian-latouche","13":"tag-eu","14":"tag-europe","15":"tag-fr","16":"tag-france","17":"tag-lyon","18":"tag-news","19":"tag-republique-francaise"},"share_on_mastodon":{"url":"https:\/\/pubeurope.com\/@fr\/114469825673660317","error":""},"_links":{"self":[{"href":"https:\/\/www.europesays.com\/fr\/wp-json\/wp\/v2\/posts\/83353","targetHints":{"allow":["GET"]}}],"collection":[{"href":"https:\/\/www.europesays.com\/fr\/wp-json\/wp\/v2\/posts"}],"about":[{"href":"https:\/\/www.europesays.com\/fr\/wp-json\/wp\/v2\/types\/post"}],"author":[{"embeddable":true,"href":"https:\/\/www.europesays.com\/fr\/wp-json\/wp\/v2\/users\/2"}],"replies":[{"embeddable":true,"href":"https:\/\/www.europesays.com\/fr\/wp-json\/wp\/v2\/comments?post=83353"}],"version-history":[{"count":0,"href":"https:\/\/www.europesays.com\/fr\/wp-json\/wp\/v2\/posts\/83353\/revisions"}],"wp:featuredmedia":[{"embeddable":true,"href":"https:\/\/www.europesays.com\/fr\/wp-json\/wp\/v2\/media\/83354"}],"wp:attachment":[{"href":"https:\/\/www.europesays.com\/fr\/wp-json\/wp\/v2\/media?parent=83353"}],"wp:term":[{"taxonomy":"category","embeddable":true,"href":"https:\/\/www.europesays.com\/fr\/wp-json\/wp\/v2\/categories?post=83353"},{"taxonomy":"post_tag","embeddable":true,"href":"https:\/\/www.europesays.com\/fr\/wp-json\/wp\/v2\/tags?post=83353"}],"curies":[{"name":"wp","href":"https:\/\/api.w.org\/{rel}","templated":true}]}}