{"id":83360,"date":"2025-05-08T02:25:09","date_gmt":"2025-05-08T02:25:09","guid":{"rendered":"https:\/\/www.europesays.com\/fr\/83360\/"},"modified":"2025-05-08T02:25:09","modified_gmt":"2025-05-08T02:25:09","slug":"previsions-du-jeudi-8-mai-2025-10","status":"publish","type":"post","link":"https:\/\/www.europesays.com\/fr\/83360\/","title":{"rendered":"pr\u00e9visions du jeudi 8 mai 2025"},"content":{"rendered":"<p>\u00c0 Paris, les valeurs seront de 9\u00b0C au plus bas et de 17\u00b0C au maximum la journ\u00e9e. Un vent de nord-est soufflera doucement. Petits et grands pourront appr\u00e9cier leur matin\u00e9e sous un ciel l\u00e9g\u00e8rement nuageux. L&rsquo;apr\u00e8s-midi, les perturbations seront toujours pr\u00e9sentes avec des nuages. Le temps sera marqu\u00e9 par des pluies \u00e9parses. Les maximales atteindront les 17\u00b0C tandis que les minimales seront de 16\u00b0C. Il fera environ 14\u00b0C, le soir. Durant la nuit de jeudi \u00e0 vendredi, le ciel sera d\u00e9pourvu de nuages.<\/p>\n<p>L&rsquo;air ambiant va se r\u00e9chauffer demain \u00e0 Paris avec une hausse de quelques degr\u00e9s. Les temp\u00e9ratures seront comprises entre 8 et 19\u00b0C. Une l\u00e9g\u00e8re brise de nord-est sera ressentie par les habitants. Un beau soleil est pr\u00e9vu le matin. Le ciel sera relativement lumineux, avec quelques \u00e9claircies demain apr\u00e8s-midi. Une m\u00e9t\u00e9o plus chaude est pr\u00e9vue \u00e9tant donn\u00e9 que le mercure va enregistrer une l\u00e9g\u00e8re augmentation. Les valeurs s&rsquo;\u00e9chelonneront entre 18 et 19\u00b0C.<\/p>\n<p>Le temps restera stable les jours \u00e0 venir. Il fera 16\u00b0C en moyenne pour des journ\u00e9es avec une m\u00e9t\u00e9o ensoleill\u00e9e.<\/p>\n<p>Pour c\u00e9l\u00e9brer la victoire de 1945, la journ\u00e9e enti\u00e8re est feri\u00e9e aujourd&rsquo;hui. Profitez de l&rsquo;occasion pour pour faire des visites !<\/p>\n","protected":false},"excerpt":{"rendered":"\u00c0 Paris, les valeurs seront de 9\u00b0C au plus bas et de 17\u00b0C au maximum la journ\u00e9e. Un&hellip;\n","protected":false},"author":2,"featured_media":83361,"comment_status":"","ping_status":"","sticky":false,"template":"","format":"standard","meta":{"footnotes":""},"categories":[1888],"tags":[11,1777,674,1011,27,662,12,626,2119,25],"class_list":{"0":"post-83360","1":"post","2":"type-post","3":"status-publish","4":"format-standard","5":"has-post-thumbnail","7":"category-paris","8":"tag-actualites","9":"tag-eu","10":"tag-europe","11":"tag-fr","12":"tag-france","13":"tag-ile-de-france","14":"tag-news","15":"tag-paris","16":"tag-previsions-meteo","17":"tag-republique-francaise"},"share_on_mastodon":{"url":"https:\/\/pubeurope.com\/@fr\/114469845282887173","error":""},"_links":{"self":[{"href":"https:\/\/www.europesays.com\/fr\/wp-json\/wp\/v2\/posts\/83360","targetHints":{"allow":["GET"]}}],"collection":[{"href":"https:\/\/www.europesays.com\/fr\/wp-json\/wp\/v2\/posts"}],"about":[{"href":"https:\/\/www.europesays.com\/fr\/wp-json\/wp\/v2\/types\/post"}],"author":[{"embeddable":true,"href":"https:\/\/www.europesays.com\/fr\/wp-json\/wp\/v2\/users\/2"}],"replies":[{"embeddable":true,"href":"https:\/\/www.europesays.com\/fr\/wp-json\/wp\/v2\/comments?post=83360"}],"version-history":[{"count":0,"href":"https:\/\/www.europesays.com\/fr\/wp-json\/wp\/v2\/posts\/83360\/revisions"}],"wp:featuredmedia":[{"embeddable":true,"href":"https:\/\/www.europesays.com\/fr\/wp-json\/wp\/v2\/media\/83361"}],"wp:attachment":[{"href":"https:\/\/www.europesays.com\/fr\/wp-json\/wp\/v2\/media?parent=83360"}],"wp:term":[{"taxonomy":"category","embeddable":true,"href":"https:\/\/www.europesays.com\/fr\/wp-json\/wp\/v2\/categories?post=83360"},{"taxonomy":"post_tag","embeddable":true,"href":"https:\/\/www.europesays.com\/fr\/wp-json\/wp\/v2\/tags?post=83360"}],"curies":[{"name":"wp","href":"https:\/\/api.w.org\/{rel}","templated":true}]}}