{"id":83366,"date":"2025-05-08T02:28:14","date_gmt":"2025-05-08T02:28:14","guid":{"rendered":"https:\/\/www.europesays.com\/fr\/83366\/"},"modified":"2025-05-08T02:28:14","modified_gmt":"2025-05-08T02:28:14","slug":"la-treve-de-trois-jours-ordonnee-par-poutine-entre-en-vigueur-2","status":"publish","type":"post","link":"https:\/\/www.europesays.com\/fr\/83366\/","title":{"rendered":"la tr\u00eave de trois jours ordonn\u00e9e par Poutine entre en vigueur"},"content":{"rendered":"<p>\u00ab\u00a0Le cessez-le-feu (&#8230;) \u00e0 l&rsquo;occasion du 80e anniversaire de la Grande Victoire, a commenc\u00e9\u00a0\u00bb, a rapport\u00e9 l&rsquo;agence de presse officielle russe Ria Novosti.<\/p>\n<p>L&rsquo;Ukraine n&rsquo;a jamais accept\u00e9 cette tr\u00eave et l&rsquo;a qualifi\u00e9e d&rsquo;op\u00e9ration de communication, appelant plut\u00f4t \u00e0 un cessez-le-feu de 30 jours.<\/p>\n<p>Quelques heures avant l&rsquo;entr\u00e9e en vigueur de l&rsquo;ordre de M. Poutine \u00e0 21H00 GMT, la Russie et l&rsquo;Ukraine ont \u00e9chang\u00e9 des attaques a\u00e9riennes, entra\u00eenant la fermeture d&rsquo;a\u00e9roports c\u00f4t\u00e9 russe et faisant au moins deux morts c\u00f4t\u00e9 ukrainien. <\/p>\n<p>Le Kremlin a pr\u00e9cis\u00e9 que les forces russes respecteraient le cessez-le-feu mais qu&rsquo;elles r\u00e9pondraient \u00ab\u00a0imm\u00e9diatement\u00a0\u00bb si l&rsquo;Ukraine lan\u00e7ait des attaques.<\/p>\n<p>Dans son adresse de mercredi soir, le pr\u00e9sident ukrainien Volodymyr Zelensky a renouvel\u00e9 son appel \u00e0 une tr\u00eave de 30 jours. \u00ab\u00a0Nous ne retirons pas cette proposition qui pourrait donner une chance \u00e0 la diplomatie. Mais le monde ne voit pas de r\u00e9ponse de la part de la Russie\u00a0\u00bb, a-t-il d\u00e9clar\u00e9.<\/p>\n<p>Vladimir Poutine a annonc\u00e9 la tr\u00eave le 28 avril dans un geste \u00ab\u00a0humanitaire\u00a0\u00bb, \u00e0 la suite de pressions des Etats-Unis pour que la Russie mette un terme \u00e0 l&rsquo;assaut qu&rsquo;elle m\u00e8ne depuis 2022 contre l&rsquo;Ukraine.<\/p>\n<p>Depuis son investiture en janvier, le pr\u00e9sident am\u00e9ricain Donald Trump tente de n\u00e9gocier un cessez-le-feu durable entre Moscou et Kiev. Mais il n&rsquo;a pas r\u00e9ussi \u00e0 obtenir de concessions majeures de la part du Kremlin.<\/p>\n<p>&#8211; Frustration \u00e0 Washington &#8211;<\/p>\n<p>En mars, Vladimir Poutine a rejet\u00e9 une proposition conjointe am\u00e9ricano-ukrainienne de cessez-le-feu inconditionnel et n&rsquo;a depuis offert que de maigres contributions aux efforts de paix de M. Trump.<\/p>\n<p>La Maison Blanche est de plus en plus frustr\u00e9e par cette absence de progr\u00e8s.<\/p>\n<p><img alt=\"Le pr\u00e9sident russe Vladimir Poutine, le 7 mai 2025 au Kremlin\" loading=\"lazy\" decoding=\"async\" data-nimg=\"fill\" class=\" TwicCore_img__i9TC1 undefined  undefined\" style=\"position:absolute;height:100%;width:100%;left:0;top:0;right:0;bottom:0;color:transparent;background-size:cover;background-position:50% 50%;background-repeat:no-repeat;background-image:url(&quot;data:image\/svg+xml;charset=utf-8,%3Csvg xmlns='http:\/\/www.w3.org\/2000\/svg' %3E%3Cfilter id='b' color-interpolation-filters='sRGB'%3E%3CfeGaussianBlur stdDeviation='20'\/%3E%3CfeColorMatrix values='1 0 0 0 0 0 1 0 0 0 0 0 1 0 0 0 0 0 100 -1' result='s'\/%3E%3CfeFlood x='0' y='0' width='100%25' height='100%25'\/%3E%3CfeComposite operator='out' in='s'\/%3E%3CfeComposite in2='SourceGraphic'\/%3E%3CfeGaussianBlur stdDeviation='20'\/%3E%3C\/filter%3E%3Cimage width='100%25' height='100%25' x='0' y='0' preserveAspectRatio='none' style='filter: url(%23b);' href='https:\/\/pictures.laprovence.com\/cdn-cgi\/image\/blur=250\/media\/afp\/e2321f127d7e7697da5a1ada3a193284761844ba.jpg'\/%3E%3C\/svg%3E&quot;)\"   src=\"https:\/\/www.europesays.com\/fr\/wp-content\/uploads\/2025\/05\/e2321f127d7e7697da5a1ada3a193284761844ba.jpg\"\/>Le pr\u00e9sident russe Vladimir Poutine, le 7 mai 2025 au Kremlin PHOTO AFP \/ Alexander NEMENOV<\/p>\n<p>\u00ab\u00a0Il est probablement impossible pour nous d&rsquo;assurer une m\u00e9diation compl\u00e8te sans au moins quelques n\u00e9gociations directes entre les deux parties\u00a0\u00bb, a d\u00e9clar\u00e9 mercredi le vice-pr\u00e9sident am\u00e9ricain JD Vance.<\/p>\n<p>L&rsquo;Ukraine a dit qu&rsquo;elle ne croyait pas que la Russie adh\u00e9rerait \u00e0 la tr\u00eave, et a accus\u00e9 Moscou d&rsquo;avoir commis des centaines de violations lors d&rsquo;un pr\u00e9c\u00e9dent cessez-le-feu de 30 heures ordonn\u00e9 par le pr\u00e9sident russe \u00e0 P\u00e2ques.<\/p>\n<p>Dans la nuit de mardi \u00e0 mercredi, l&rsquo;arm\u00e9e russe a tir\u00e9 cinq missiles balistiques et lanc\u00e9 187 drones sur l&rsquo;Ukraine, selon l&rsquo;arm\u00e9e de l&rsquo;air ukrainienne qui a affirm\u00e9 avoir abattu deux de ces missiles et 81 drones.<\/p>\n<p>A Kiev, une m\u00e8re et son fils ont p\u00e9ri et sept autres personnes ont \u00e9t\u00e9 bless\u00e9es, dont quatre enfants.<\/p>\n<p>L&rsquo;Ukraine, dont environ 20% du territoire est occup\u00e9 par l&rsquo;arm\u00e9e russe, a pour sa part multipli\u00e9 les attaques de drones contre la Russie ces derniers jours, perturbant le fonctionnement des a\u00e9roports de Moscou et d&rsquo;autres villes.<\/p>\n<p>&#8211; Inqui\u00e9tudes pour le d\u00e9fil\u00e9 &#8211;<\/p>\n<p>Cons\u00e9quence, depuis mardi, au moins 350 vols ont \u00e9t\u00e9 annul\u00e9s ou retard\u00e9s et au moins 60.000 passagers ont \u00e9t\u00e9 affect\u00e9s, selon l&rsquo;association des tour-op\u00e9rateurs russes.<\/p>\n<p><img alt=\"Un \u00e9cran au-dessus de l'entr\u00e9e d'un passage souterrain affiche une image comm\u00e9morative de la victoire du 9 mai 1945, le 7 mai 2025 \u00e0 Moscou\" loading=\"lazy\" decoding=\"async\" data-nimg=\"fill\" class=\" TwicCore_img__i9TC1 undefined  undefined\" style=\"position:absolute;height:100%;width:100%;left:0;top:0;right:0;bottom:0;color:transparent;background-size:cover;background-position:50% 50%;background-repeat:no-repeat;background-image:url(&quot;data:image\/svg+xml;charset=utf-8,%3Csvg xmlns='http:\/\/www.w3.org\/2000\/svg' %3E%3Cfilter id='b' color-interpolation-filters='sRGB'%3E%3CfeGaussianBlur stdDeviation='20'\/%3E%3CfeColorMatrix values='1 0 0 0 0 0 1 0 0 0 0 0 1 0 0 0 0 0 100 -1' result='s'\/%3E%3CfeFlood x='0' y='0' width='100%25' height='100%25'\/%3E%3CfeComposite operator='out' in='s'\/%3E%3CfeComposite in2='SourceGraphic'\/%3E%3CfeGaussianBlur stdDeviation='20'\/%3E%3C\/filter%3E%3Cimage width='100%25' height='100%25' x='0' y='0' preserveAspectRatio='none' style='filter: url(%23b);' href='https:\/\/pictures.laprovence.com\/cdn-cgi\/image\/blur=250\/media\/afp\/0cabe53a608bdfa1f00de21f2baba0a1ae6e9995.jpg'\/%3E%3C\/svg%3E&quot;)\"   src=\"https:\/\/www.europesays.com\/fr\/wp-content\/uploads\/2025\/05\/0cabe53a608bdfa1f00de21f2baba0a1ae6e9995.jpg\"\/>Un \u00e9cran au-dessus de l&rsquo;entr\u00e9e d&rsquo;un passage souterrain affiche une image comm\u00e9morative de la victoire du 9 mai 1945, le 7 mai 2025 \u00e0 Moscou PHOTO AFP \/ Angelos TZORTZINIS<\/p>\n<p>Ces attaques ont suscit\u00e9 des inqui\u00e9tudes sur le d\u00e9roulement en bon ordre des c\u00e9r\u00e9monies du 9 mai.<\/p>\n<p>Les premiers dirigeants \u00e9trangers ont commenc\u00e9 \u00e0 arriver \u00e0 Moscou, parmi lesquels les pr\u00e9sidents chinois Xi Jinping, br\u00e9silien Luiz Inacio Lula da Silva et v\u00e9n\u00e9zu\u00e9lien Nicolas Maduro.<\/p>\n<p>Le porte-parole du Kremlin, Dmitri Peskov, a d\u00e9clar\u00e9 mercredi que son pays prenait \u00ab\u00a0toutes les mesures n\u00e9cessaires\u00a0\u00bb pour assurer la s\u00e9curit\u00e9 des comm\u00e9morations, dont le point d&rsquo;orgue sera un d\u00e9fil\u00e9 militaire vendredi sur la place Rouge.<\/p>\n<p>Le pr\u00e9sident Zelensky a averti que l&rsquo;Ukraine ne pouvait garantir la s\u00e9curit\u00e9 des dirigeants se rendant \u00e0 Moscou, et soulign\u00e9 que la Russie avait \u00ab\u00a0raison de s&rsquo;inqui\u00e9ter\u00a0\u00bb pour la s\u00e9curit\u00e9 du d\u00e9fil\u00e9.<\/p>\n<p>Les c\u00e9l\u00e9brations du 9 mai occupent une place centrale dans le culte patriotique promu par le pouvoir russe, qui a \u00e9tabli des parall\u00e8les entre l&rsquo;offensive en Ukraine d\u00e9clench\u00e9e en f\u00e9vrier 2022 et la guerre contre l&rsquo;Allemagne nazie.<\/p>\n<p>Rencontr\u00e9e pr\u00e8s d&rsquo;une art\u00e8re de la capitale sur laquelle passaient les v\u00e9hicules militaires participant \u00e0 la r\u00e9p\u00e9tition g\u00e9n\u00e9rale du d\u00e9fil\u00e9, Valeria Pavlova, une \u00e9tudiante russe de 22 ans, a dit \u00e0 l&rsquo;AFP avoir \u00ab\u00a0du mal \u00e0 croire\u00a0\u00bb que les Ukrainiens observent ce cessez-le-feu provisoire.<\/p>\n","protected":false},"excerpt":{"rendered":"\u00ab\u00a0Le cessez-le-feu (&#8230;) \u00e0 l&rsquo;occasion du 80e anniversaire de la Grande Victoire, a commenc\u00e9\u00a0\u00bb, a rapport\u00e9 l&rsquo;agence de&hellip;\n","protected":false},"author":2,"featured_media":83367,"comment_status":"","ping_status":"","sticky":false,"template":"","format":"standard","meta":{"footnotes":""},"categories":[1590],"tags":[17,11,1777,674,329,7285,12,19112,5912,2405,12907,1100,220],"class_list":{"0":"post-83366","1":"post","2":"type-post","3":"status-publish","4":"format-standard","5":"has-post-thumbnail","7":"category-ukraine","8":"tag-17","9":"tag-actualites","10":"tag-eu","11":"tag-europe","12":"tag-france-monde","13":"tag-jours","14":"tag-news","15":"tag-ordonnee","16":"tag-par","17":"tag-poutine","18":"tag-treve","19":"tag-trois","20":"tag-ukraine"},"share_on_mastodon":{"url":"https:\/\/pubeurope.com\/@fr\/114469857177152155","error":""},"_links":{"self":[{"href":"https:\/\/www.europesays.com\/fr\/wp-json\/wp\/v2\/posts\/83366","targetHints":{"allow":["GET"]}}],"collection":[{"href":"https:\/\/www.europesays.com\/fr\/wp-json\/wp\/v2\/posts"}],"about":[{"href":"https:\/\/www.europesays.com\/fr\/wp-json\/wp\/v2\/types\/post"}],"author":[{"embeddable":true,"href":"https:\/\/www.europesays.com\/fr\/wp-json\/wp\/v2\/users\/2"}],"replies":[{"embeddable":true,"href":"https:\/\/www.europesays.com\/fr\/wp-json\/wp\/v2\/comments?post=83366"}],"version-history":[{"count":0,"href":"https:\/\/www.europesays.com\/fr\/wp-json\/wp\/v2\/posts\/83366\/revisions"}],"wp:featuredmedia":[{"embeddable":true,"href":"https:\/\/www.europesays.com\/fr\/wp-json\/wp\/v2\/media\/83367"}],"wp:attachment":[{"href":"https:\/\/www.europesays.com\/fr\/wp-json\/wp\/v2\/media?parent=83366"}],"wp:term":[{"taxonomy":"category","embeddable":true,"href":"https:\/\/www.europesays.com\/fr\/wp-json\/wp\/v2\/categories?post=83366"},{"taxonomy":"post_tag","embeddable":true,"href":"https:\/\/www.europesays.com\/fr\/wp-json\/wp\/v2\/tags?post=83366"}],"curies":[{"name":"wp","href":"https:\/\/api.w.org\/{rel}","templated":true}]}}