{"id":83378,"date":"2025-05-08T02:34:12","date_gmt":"2025-05-08T02:34:12","guid":{"rendered":"https:\/\/www.europesays.com\/fr\/83378\/"},"modified":"2025-05-08T02:34:12","modified_gmt":"2025-05-08T02:34:12","slug":"date-lieu-chaines-toutes-les-informations-sur-la-finale-de-la-ligue-des-champions-psg-inter-c1-finale-psg-inter","status":"publish","type":"post","link":"https:\/\/www.europesays.com\/fr\/83378\/","title":{"rendered":"Date, lieu, cha\u00eenes&#8230; toutes les informations sur la finale de la Ligue des champions PSG-Inter &#8211; C1 &#8211; Finale &#8211; PSG-Inter"},"content":{"rendered":"<p>Direction Munich.<\/p>\n<p>C\u2019est dans la capitale allemande que<strong> le Paris Saint-Germain et l\u2019Inter disputeront la finale de la Ligue des champions, le 31 mai prochain<\/strong>, soit dans la m\u00eame ville o\u00f9 l\u2019OM avait soulev\u00e9 la coupe aux grandes oreilles en 1993.<\/p>\n<p>Une finale sur M6<\/p>\n<p>Le club rival tentera sa chance dans un autre stade, puisque la rencontre se jouera au <strong>Fu\u00dfball Arena M\u00fcnchen<\/strong> (plus connu sous le nom d\u2019Allianz Arena pour les fans d\u2019assurances), qui avait d\u00e9j\u00e0 accueilli la finale de la C1 2012, remport\u00e9e par Chelsea face aux h\u00f4tes malheureux du Bayern.<\/p>\n<p><strong>Le coup d\u2019envoi sera donc donn\u00e9 \u00e0 21 heures<\/strong> un samedi soir devant du public, cette fois, cinq ans apr\u00e8s la finale perdue par le PSG dans une enceinte vide \u00e0 Lisbonne, crise sanitaire oblige. Pour ceux qui n\u2019auront pas la chance de se rendre en Allemagne, <strong>la finale sera codiffus\u00e9e par Canal+ et M6<\/strong>, qui a chip\u00e9 les droits des trois prochaines finales (2025, 2026, 2027).<\/p>\n<p>Prends \u00e7a, Top Chef.<\/p>\n<p>\t\t\t\t\t\t\t\t\t\t<a class=\"lien-connexe\" href=\"https:\/\/www.sofoot.com\/breves\/finale-de-la-ligue-des-champions-quel-historique-entre-le-psg-et-linter-milan\" rel=\"nofollow noopener\" target=\"_blank\">Quel historique entre le PSG et l\u2019Inter\u202f? <\/a>\t\t\t\t\t<\/p>\n","protected":false},"excerpt":{"rendered":"Direction Munich. C\u2019est dans la capitale allemande que le Paris Saint-Germain et l\u2019Inter disputeront la finale de la&hellip;\n","protected":false},"author":2,"featured_media":83379,"comment_status":"","ping_status":"","sticky":false,"template":"","format":"standard","meta":{"footnotes":""},"categories":[2],"tags":[47,11,61,69,65,64,63,1011,27,68,66,12,62,70,25,67],"class_list":{"0":"post-83378","1":"post","2":"type-post","3":"status-publish","4":"format-standard","5":"has-post-thumbnail","7":"category-actualites","8":"tag-actualite","9":"tag-actualites","10":"tag-actus-football","11":"tag-bundesliga","12":"tag-championnats-europeens","13":"tag-equipe-de-france","14":"tag-football","15":"tag-fr","16":"tag-france","17":"tag-ligua","18":"tag-ligue-1","19":"tag-news","20":"tag-news-foot","21":"tag-premier-league","22":"tag-republique-francaise","23":"tag-serie-a"},"share_on_mastodon":{"url":"https:\/\/pubeurope.com\/@fr\/114469880925221636","error":""},"_links":{"self":[{"href":"https:\/\/www.europesays.com\/fr\/wp-json\/wp\/v2\/posts\/83378","targetHints":{"allow":["GET"]}}],"collection":[{"href":"https:\/\/www.europesays.com\/fr\/wp-json\/wp\/v2\/posts"}],"about":[{"href":"https:\/\/www.europesays.com\/fr\/wp-json\/wp\/v2\/types\/post"}],"author":[{"embeddable":true,"href":"https:\/\/www.europesays.com\/fr\/wp-json\/wp\/v2\/users\/2"}],"replies":[{"embeddable":true,"href":"https:\/\/www.europesays.com\/fr\/wp-json\/wp\/v2\/comments?post=83378"}],"version-history":[{"count":0,"href":"https:\/\/www.europesays.com\/fr\/wp-json\/wp\/v2\/posts\/83378\/revisions"}],"wp:featuredmedia":[{"embeddable":true,"href":"https:\/\/www.europesays.com\/fr\/wp-json\/wp\/v2\/media\/83379"}],"wp:attachment":[{"href":"https:\/\/www.europesays.com\/fr\/wp-json\/wp\/v2\/media?parent=83378"}],"wp:term":[{"taxonomy":"category","embeddable":true,"href":"https:\/\/www.europesays.com\/fr\/wp-json\/wp\/v2\/categories?post=83378"},{"taxonomy":"post_tag","embeddable":true,"href":"https:\/\/www.europesays.com\/fr\/wp-json\/wp\/v2\/tags?post=83378"}],"curies":[{"name":"wp","href":"https:\/\/api.w.org\/{rel}","templated":true}]}}