{"id":83384,"date":"2025-05-08T02:39:18","date_gmt":"2025-05-08T02:39:18","guid":{"rendered":"https:\/\/www.europesays.com\/fr\/83384\/"},"modified":"2025-05-08T02:39:18","modified_gmt":"2025-05-08T02:39:18","slug":"nrl-dominic-young-prie-de-quitter-les-roosters-rugby-a-xiii","status":"publish","type":"post","link":"https:\/\/www.europesays.com\/fr\/83384\/","title":{"rendered":"NRL &#8211; Dominic Young pri\u00e9 de quitter les Roosters &#8211; Rugby \u00e0 XIII"},"content":{"rendered":"<p style=\"text-align: justify;\"><strong>Arriv\u00e9 en bombe des Newcastle Knights la saison pass\u00e9e, Dominic Young est aujourd\u2019hui devenu ind\u00e9sirable chez les Tricolores.<\/strong><\/p>\n<p style=\"text-align: justify;\">L\u2019exp\u00e9rience \u00e0 Sydney du jeune ailier de 23 ans touche d\u00e9j\u00e0 \u00e0 sa fin\u2026 Auteur d\u2019une premi\u00e8re saison correcte en termes de statistiques avec 20 essais en 22 matchs, la place de Dom Young avait d\u00e9j\u00e0 \u00e9t\u00e9 remise en cause en cours de saison.<\/p>\n<p style=\"text-align: justify;\">Il semblerait que cette fois soit de trop pour Trent Robinson qui ne supporte plus la faiblesse d\u00e9fensive de son ailier, en plus d\u2019\u00eatre beaucoup moins impactant offensivement. De plus, le nouveau venu Mark Nawaqanitawase, d\u2019abord install\u00e9 au centre, donne satisfaction \u00e0 l\u2019aile depuis deux matchs.<\/p>\n<p style=\"text-align: justify;\">Selon les rumeurs, Dom Young pourrait faire le chemin inverse d\u2019il y a deux ans et retourner \u00e0 Newcastle, en panne offensivement depuis le d\u00e9but de saison.<\/p>\n<blockquote class=\"instagram-media\" data-instgrm-captioned=\"\" data-instgrm-permalink=\"https:\/\/www.instagram.com\/p\/DJTOPLnsHfn\/?utm_source=ig_embed&amp;utm_campaign=loading\" data-instgrm-version=\"14\" style=\" background:#FFF; border:0; border-radius:3px; box-shadow:0 0 1px 0 rgba(0,0,0,0.5),0 1px 10px 0 rgba(0,0,0,0.15); margin: 1px; max-width:500px; min-width:326px; padding:0; width:99.375%; width:-webkit-calc(100% - 2px); width:calc(100% - 2px);\">\n<\/blockquote>\n<p><strong>Treize Mondial<br \/><a href=\"https:\/\/www.facebook.com\/13Mondial\" target=\"_blank\" rel=\"noopener\"><img loading=\"lazy\" decoding=\"async\" class=\"alignnone wp-image-217097\" src=\"https:\/\/www.europesays.com\/fr\/wp-content\/uploads\/2025\/04\/logo-facebook.png\" alt=\"\" width=\"40\" height=\"40\"  \/><\/a> <a href=\"https:\/\/twitter.com\/XIIIMondial\" target=\"_blank\" rel=\"noopener\"><img loading=\"lazy\" decoding=\"async\" class=\"alignnone wp-image-217098\" src=\"https:\/\/www.europesays.com\/fr\/wp-content\/uploads\/2025\/04\/logo-twitter.png\" alt=\"\" width=\"39\" height=\"39\"  \/><\/a><\/strong><\/p>\n<p>        <script async src=\"https:\/\/platform.twitter.com\/widgets.js\" charset=\"utf-8\"><\/script><script async src=\"\/\/www.instagram.com\/embed.js\"><\/script><\/p>\n","protected":false},"excerpt":{"rendered":"Arriv\u00e9 en bombe des Newcastle Knights la saison pass\u00e9e, Dominic Young est aujourd\u2019hui devenu ind\u00e9sirable chez les Tricolores.&hellip;\n","protected":false},"author":2,"featured_media":83385,"comment_status":"","ping_status":"","sticky":false,"template":"","format":"standard","meta":{"footnotes":""},"categories":[1416],"tags":[19113,1011,27,19114,4473,479,2228,1468,2229,60,19115],"class_list":{"0":"post-83384","1":"post","2":"type-post","3":"status-publish","4":"format-standard","5":"has-post-thumbnail","7":"category-rugby","8":"tag-dominic-young","9":"tag-fr","10":"tag-france","11":"tag-newcastle-knights","12":"tag-nrl","13":"tag-rugby","14":"tag-rugby-a-xiii","15":"tag-rugby-football","16":"tag-rugby-league","17":"tag-sports","18":"tag-sydney-roosters"},"share_on_mastodon":{"url":"https:\/\/pubeurope.com\/@fr\/114469900412582185","error":""},"_links":{"self":[{"href":"https:\/\/www.europesays.com\/fr\/wp-json\/wp\/v2\/posts\/83384","targetHints":{"allow":["GET"]}}],"collection":[{"href":"https:\/\/www.europesays.com\/fr\/wp-json\/wp\/v2\/posts"}],"about":[{"href":"https:\/\/www.europesays.com\/fr\/wp-json\/wp\/v2\/types\/post"}],"author":[{"embeddable":true,"href":"https:\/\/www.europesays.com\/fr\/wp-json\/wp\/v2\/users\/2"}],"replies":[{"embeddable":true,"href":"https:\/\/www.europesays.com\/fr\/wp-json\/wp\/v2\/comments?post=83384"}],"version-history":[{"count":0,"href":"https:\/\/www.europesays.com\/fr\/wp-json\/wp\/v2\/posts\/83384\/revisions"}],"wp:featuredmedia":[{"embeddable":true,"href":"https:\/\/www.europesays.com\/fr\/wp-json\/wp\/v2\/media\/83385"}],"wp:attachment":[{"href":"https:\/\/www.europesays.com\/fr\/wp-json\/wp\/v2\/media?parent=83384"}],"wp:term":[{"taxonomy":"category","embeddable":true,"href":"https:\/\/www.europesays.com\/fr\/wp-json\/wp\/v2\/categories?post=83384"},{"taxonomy":"post_tag","embeddable":true,"href":"https:\/\/www.europesays.com\/fr\/wp-json\/wp\/v2\/tags?post=83384"}],"curies":[{"name":"wp","href":"https:\/\/api.w.org\/{rel}","templated":true}]}}