{"id":83392,"date":"2025-05-08T02:44:10","date_gmt":"2025-05-08T02:44:10","guid":{"rendered":"https:\/\/www.europesays.com\/fr\/83392\/"},"modified":"2025-05-08T02:44:10","modified_gmt":"2025-05-08T02:44:10","slug":"un-normand-fait-le-tour-de-la-france-a-velo-en-hommage-a-son-frere-disparu","status":"publish","type":"post","link":"https:\/\/www.europesays.com\/fr\/83392\/","title":{"rendered":"Un Normand fait le tour de la France \u00e0 v\u00e9lo en hommage \u00e0 son fr\u00e8re disparu"},"content":{"rendered":"<p>            Par<br \/>\n        <strong><br \/>\n            <a href=\"https:\/\/actu.fr\/auteur\/julien-lagarde\" title=\"Consulter tous les articles de Julien Lagarde\" rel=\"nofollow noopener\" target=\"_blank\">Julien Lagarde<\/a><br \/>\n        <\/strong><\/p>\n<p>        Publi\u00e9 le<\/p>\n<p>            7 mai 2025 \u00e0 20h16        <\/p>\n<p>Le grand d\u00e9part a eu lieu lundi 5 mai 2025. Pour la <a href=\"https:\/\/actu.fr\/normandie\/lisieux_14366\/disparition-de-patrick-leboucher-son-frere-a-fait-le-tour-de-la-france-en-velo-pour-lui_59763936.html\" rel=\"nofollow noopener\" target=\"_blank\">troisi\u00e8me fois<\/a> en dix ans, Gilles Leboucher s\u2019est fix\u00e9 l\u2019objectif de parcourir, \u00e0 v\u00e9lo, le tour complet de la France, dans le sens des aiguilles d\u2019une montre.<\/p>\n<p class=\" wall-content\">Parti de <a href=\"https:\/\/actu.fr\/normandie\/lisieux_14366\" rel=\"nofollow noopener\" target=\"_blank\">Lisieux<\/a> (Calvados), ce cycliste amateur de 67 ans doit rejoindre le nord, puis les Ardennes, l\u2019Alsace, les Alpes, la C\u00f4te d\u2019Azur, la Corse, le pourtour m\u00e9diterran\u00e9en, les Pyr\u00e9n\u00e9es, le Pays Basque, la c\u00f4te atlantique et la Bretagne avant de retrouver la Normandie.<\/p>\n<p class=\" wall-content\">Son p\u00e9riple de 6000km s\u2019arr\u00eatera l\u00e0 o\u00f9 il a commenc\u00e9, dans la capitale du Pays d\u2019Auge. L\u2019arriv\u00e9e est pr\u00e9vue dans deux mois.<\/p>\n<p>Son fr\u00e8re disparu depuis quatre ans<\/p>\n<p class=\" wall-content\">Le retrait\u00e9 de <a href=\"https:\/\/actu.fr\/normandie\/lisieux_14366\/video-sanofi-a-lisieux-deux-ministres-lassurent-le-doliprane-sera-toujours-produit-en-france_61735039.html\" rel=\"nofollow noopener\" target=\"_blank\">l\u2019usine Sanofi<\/a> a choisi de m\u00e9diatiser son exploit sportif pour rendre hommage \u00e0 son fr\u00e8re a\u00een\u00e9, Patrick, port\u00e9 disparu depuis le 12 septembre 2021. Ce jour-l\u00e0, <a href=\"https:\/\/actu.fr\/normandie\/lisieux_14366\/disparition-de-patrick-leboucher-a-lisieux-il-a-probablement-ete-amene-quelque-part_61605095.html\" rel=\"nofollow noopener\" target=\"_blank\">Patrick Leboucher<\/a> est parti faire un footing dans la campagne lexovienne et n\u2019a jamais regagn\u00e9 son domicile.<\/p>\n<p class=\" wall-content\">Malgr\u00e9 d\u2019importantes recherches et une enqu\u00eate en cours, personne ne sait ce qu\u2019il est arriv\u00e9 \u00e0 ce marathonien chevronn\u00e9.<\/p>\n<p>Vid\u00e9os : en ce moment sur Actu<\/p>\n<blockquote class=\"ac-article-quote wall-content\">\n<p>\u00ab Je ne veux pas qu\u2019on l\u2019oublie. L\u2019appel \u00e0 t\u00e9moin est toujours d\u2019actualit\u00e9. Si des gens savent quelque chose, ils doivent s\u2019adresser \u00e0 la gendarmerie, m\u00eame de mani\u00e8re anonyme. Notre famille est dans le d\u00e9sespoir depuis quatre ans. La tristesse et les larmes sont notre quotidien \u00bb.<\/p>\n<p>Gilles Leboucher.<\/p><\/blockquote>\n<p class=\" wall-content\">Quand les kilom\u00e8tres s\u2019encha\u00eenent, que les routes s\u2019\u00e9l\u00e8vent, et que la pluie ou le vent s\u2019en m\u00ealent, les organismes sont mis \u00e0 rude \u00e9preuve.<\/p>\n<p class=\" wall-content\">Mais Gilles pourra compter sur son ange gardien pour se surpasser. \u00ab Lors de mon pr\u00e9c\u00e9dent tour de la France, il y a deux ans, je suis pass\u00e9 par des moments difficiles. Je pensais \u00e0 Patrick, il me donnait la force de continuer, car je sais qu\u2019il n\u2019aurait jamais abandonn\u00e9 \u00bb.<\/p>\n<p>Une centaine de km par jour<\/p>\n<p class=\" wall-content\">Pour ce nouveau d\u00e9fi, le sportif a achet\u00e9 un gravel bike, un v\u00e9lo adapt\u00e9 \u00e0 tous les terrains et plus confortable sur les longues distances. \u00ab Je l\u2019ai depuis deux mois, on l\u2019a pr\u00e9par\u00e9 avec mes amis du magasin <a href=\"https:\/\/actu.fr\/normandie\/lisieux_14366\/lisieux-aides-lachat-dun-velo-assistance-electrique_19790474.html\" rel=\"nofollow noopener\" target=\"_blank\">Cycle Evasion<\/a>. J\u2019ai roul\u00e9 environ 80 km tous les deux jours, afin de faire corps avec la machine \u00bb.<\/p>\n<p class=\" wall-content\">S\u2019il veut atteindre son objectif, Gilles Leboucher doit parcourir une centaine de km par jour.<\/p>\n<blockquote class=\"ac-article-quote wall-content\">\n<p>\u00ab J\u2019ai un bon v\u00e9lo, je me suis entra\u00een\u00e9, je vais tout faire pour aller au bout. Je pars de bonne heure le matin, en roulant tranquillement. Ce n\u2019est pas une course \u00bb.<\/p>\n<\/blockquote>\n<p class=\" wall-content\">Le soir, il a pr\u00e9vu de s\u2019arr\u00eater dans un camping. \u00ab J\u2019ai amen\u00e9 le mat\u00e9riel n\u00e9cessaire \u00bb. Et s\u2019il n\u2019y a pas de camping, il dormira \u00e0 la belle \u00e9toile.<\/p>\n<p>\u00ab\u00a0J\u2019en prends plein les yeux\u00a0\u00bb<\/p>\n<p class=\" wall-content\">Une chose est s\u00fbre, Gilles va (re) d\u00e9couvrir des paysages magnifiques. \u00ab J\u2019en prends plein les yeux \u00e0 chaque fois \u00bb.<\/p>\n<p>    <a href=\"https:\/\/www.facebook.com\/plugins\/post.php?href=https%3A%2F%2Fwww.facebook.com%2Fpermalink.php%3Fstory_fbid%3Dpfbid0pxp2G3uNSYVK7RffdikKAw2TrGNmV7ioqZ4xcVJvSLSC2S954hzuNhuAa1vzkxaYl%26id%3D100063703561883&amp;show_text=true&amp;width=350\" title=\"Ouvrie le lien\" rel=\"nofollow noopener\" target=\"_blank\">Cliquez ici pour visualiser le contenu<\/a><\/p>\n<p class=\" wall-content\">Le public peut suivre son aventure au quotidien, en suivant la page Facebook \u00ab Le p\u00e9riple de Gilles Leboucher \u00bb. \u00ab Je publie un post tous les soirs. Je mets des photos, je raconte aussi quelques anecdotes. Les messages d\u2019encouragement des lecteurs me font du bien et me portent \u00bb assure le cycliste, qui tient \u00e0 remercier sa compagne, Cathy, pour l\u2019avoir laiss\u00e9 partir aussi longtemps.<\/p>\n<p>L\u2019aventure de Gilles est \u00e0 suivre sur la page Facebook \u00ab <a href=\"https:\/\/www.facebook.com\/profile.php?id=100063703561883\" rel=\"nofollow noopener\" target=\"_blank\">Le p\u00e9riple de Gilles Leboucher<\/a> \u00bb.<\/p>\n<p class=\" wall-content\">Suivez toute l\u2019actualit\u00e9 de vos villes et m\u00e9dias favoris en vous inscrivant \u00e0 <a href=\"https:\/\/moncompte.actu.fr\" title=\"D\u00e9couvez Mon Actu\" rel=\"nofollow noopener\" data-trk=\"{&quot;cta&quot;:{&quot;action&quot;:&quot;https:\\\/\\\/moncompte.actu.fr&quot;,&quot;category&quot;:&quot;mon compte&quot;,&quot;from&quot;:&quot;article footer&quot;,&quot;name&quot;:&quot;Mon actu&quot;,&quot;type&quot;:&quot;cta&quot;}}\" target=\"_blank\">Mon Actu<\/a>.<\/p>\n<ul class=\"ac-article-tag wall-content\">\n<li><a href=\"https:\/\/actu.fr\/tag\/disparition\" data-trk=\"{&quot;cta&quot;:{&quot;action&quot;:&quot;Disparition inqui\\u00e9tante&quot;,&quot;category&quot;:&quot;tag&quot;,&quot;from&quot;:&quot;article footer&quot;,&quot;name&quot;:&quot;Disparition inqui\\u00e9tante&quot;,&quot;type&quot;:&quot;cta&quot;}}\" rel=\"nofollow noopener\" target=\"_blank\">#Disparition inqui\u00e9tante<\/a><\/li>\n<li><a href=\"https:\/\/actu.fr\/tag\/velo\" data-trk=\"{&quot;cta&quot;:{&quot;action&quot;:&quot;V\\u00e9lo&quot;,&quot;category&quot;:&quot;tag&quot;,&quot;from&quot;:&quot;article footer&quot;,&quot;name&quot;:&quot;V\\u00e9lo&quot;,&quot;type&quot;:&quot;cta&quot;}}\" rel=\"nofollow noopener\" target=\"_blank\">#V\u00e9lo<\/a><\/li>\n<\/ul>\n","protected":false},"excerpt":{"rendered":"Par Julien Lagarde Publi\u00e9 le 7 mai 2025 \u00e0 20h16 Le grand d\u00e9part a eu lieu lundi 5&hellip;\n","protected":false},"author":2,"featured_media":83393,"comment_status":"","ping_status":"","sticky":false,"template":"","format":"standard","meta":{"footnotes":""},"categories":[1411],"tags":[1154,207,3676,1011,27,104,60,208],"class_list":{"0":"post-83392","1":"post","2":"type-post","3":"status-publish","4":"format-standard","5":"has-post-thumbnail","7":"category-cyclisme","8":"tag-cycling","9":"tag-cyclisme","10":"tag-disparition-inquietante","11":"tag-fr","12":"tag-france","13":"tag-societe","14":"tag-sports","15":"tag-velo"},"share_on_mastodon":{"url":"https:\/\/pubeurope.com\/@fr\/114469920033618600","error":""},"_links":{"self":[{"href":"https:\/\/www.europesays.com\/fr\/wp-json\/wp\/v2\/posts\/83392","targetHints":{"allow":["GET"]}}],"collection":[{"href":"https:\/\/www.europesays.com\/fr\/wp-json\/wp\/v2\/posts"}],"about":[{"href":"https:\/\/www.europesays.com\/fr\/wp-json\/wp\/v2\/types\/post"}],"author":[{"embeddable":true,"href":"https:\/\/www.europesays.com\/fr\/wp-json\/wp\/v2\/users\/2"}],"replies":[{"embeddable":true,"href":"https:\/\/www.europesays.com\/fr\/wp-json\/wp\/v2\/comments?post=83392"}],"version-history":[{"count":0,"href":"https:\/\/www.europesays.com\/fr\/wp-json\/wp\/v2\/posts\/83392\/revisions"}],"wp:featuredmedia":[{"embeddable":true,"href":"https:\/\/www.europesays.com\/fr\/wp-json\/wp\/v2\/media\/83393"}],"wp:attachment":[{"href":"https:\/\/www.europesays.com\/fr\/wp-json\/wp\/v2\/media?parent=83392"}],"wp:term":[{"taxonomy":"category","embeddable":true,"href":"https:\/\/www.europesays.com\/fr\/wp-json\/wp\/v2\/categories?post=83392"},{"taxonomy":"post_tag","embeddable":true,"href":"https:\/\/www.europesays.com\/fr\/wp-json\/wp\/v2\/tags?post=83392"}],"curies":[{"name":"wp","href":"https:\/\/api.w.org\/{rel}","templated":true}]}}