{"id":83413,"date":"2025-05-08T02:56:09","date_gmt":"2025-05-08T02:56:09","guid":{"rendered":"https:\/\/www.europesays.com\/fr\/83413\/"},"modified":"2025-05-08T02:56:09","modified_gmt":"2025-05-08T02:56:09","slug":"pour-sauver-le-site-de-dunkerque-bruno-le-maire-propose-une-solution-radicale","status":"publish","type":"post","link":"https:\/\/www.europesays.com\/fr\/83413\/","title":{"rendered":"Pour sauver le site de Dunkerque, Bruno Le\u00a0Maire propose une solution radicale"},"content":{"rendered":"<p>C\u2019est un message envoy\u00e9 par un ancien ministre de l\u2019<a href=\"https:\/\/www.20minutes.fr\/economie\/\" target=\"_blank\" class=\"color-ultramarine c-link\" rel=\"noopener\">Economie<\/a> au nouveau locataire de Bercy. <a href=\"https:\/\/www.20minutes.fr\/dossier\/bruno_le_maire\" target=\"_blank\" class=\"color-ultramarine c-link\" rel=\"noopener\">Bruno Le\u00a0Maire<\/a> a estim\u00e9 mercredi lors d\u2019une audition au S\u00e9nat qu\u2019il fallait \u00ab\u00a0tout\u00a0\u00bb faire pour sauver <a href=\"https:\/\/www.20minutes.fr\/dossier\/arcelor_mittal\" target=\"_blank\" class=\"color-ultramarine c-link\" rel=\"noopener\">ArcelorMittal<\/a> \u00e0 Dunkerque.<\/p>\n<p>Bruno Le\u00a0Maire, qui \u00e9tait entendu par la commission d\u2019enqu\u00eate sur les aides publiques aux grandes entreprises, est d\u00e9sormais \u00ab\u00a0conseiller sp\u00e9cial de l\u2019entreprise n\u00e9erlandaise de semi-conducteurs ASML\u00a0\u00bb.<\/p>\n<p>\u00ab\u00a0La protection, ce n\u2019est pas un gros mot\u00a0\u00bb<\/p>\n<p>\u00ab\u00a0Tout doit \u00eatre fait pour sauver le site ArcelorMittal de <a href=\"https:\/\/www.20minutes.fr\/dossier\/dunkerque\" target=\"_blank\" class=\"color-ultramarine c-link\" rel=\"noopener\">Dunkerque<\/a>, tout\u00a0\u00bb, a-t-il affirm\u00e9. Sans aller jusqu\u2019\u00e0 une nationalisation, ou \u00ab\u00a0comme outil temporaire et de dernier recours\u00a0\u00bb, au cas o\u00f9 \u00ab\u00a0Mittal ne respecterait pas ses engagements\u00a0\u00bb vis-\u00e0-vis de l\u2019Etat.<\/p>\n<\/p>\n<p>Selon l\u2019ancien ministre, il faudrait peut-\u00eatre alors \u00ab\u00a0faire la jonction entre Mittal et un autre investisseur\u00a0\u00bb. Mais \u00ab\u00a0ne donnons pas l\u2019illusion que l\u2019\u00c9tat pourrait \u00eatre le gestionnaire d\u2019un site sid\u00e9rurgique. C\u2019est une folie, il ne saurait pas faire\u00a0\u00bb, a-t-il assur\u00e9. La nationalisation \u00ab\u00a0ne peut en aucun cas \u00eatre une solution p\u00e9renne\u00a0\u00bb.<\/p>\n<p><a href=\"https:\/\/www.20minutes.fr\/economie\/\" target=\"_blank\" class=\"c-link c-btn c-btn--primary\" rel=\"noopener\">Notre dossier Economie<\/a><\/p>\n<p>\u00ab\u00a0Les barri\u00e8res tarifaires ne servant \u00e0 rien\u00a0\u00bb, face au dumping chinois, Bruno Le\u00a0Maire pense que \u00ab\u00a0la seule bonne mesure qui doit \u00eatre prise sans d\u00e9lai\u00a0\u00bb, est \u00ab\u00a0une limitation drastique des contingents d\u2019acier chinois arrivant sur le march\u00e9\u00a0\u00bb europ\u00e9en. \u00ab\u00a0Stop \u00e0 l\u2019acier chinois\u00a0\u00bb par des \u00ab\u00a0mesures de sauvegarde\u00a0\u00bb, \u00ab\u00a0c\u2019est le seul message que nous attendons de la Commission europ\u00e9enne\u00a0\u00bb. Car \u00ab\u00a0la protection, ce n\u2019est pas un gros mot, et il faut arr\u00eater de penser qu\u2019on ne peut r\u00e9ussir que par la comp\u00e9titivit\u00e9 et la productivit\u00e9\u00a0\u00bb.<\/p>\n","protected":false},"excerpt":{"rendered":"C\u2019est un message envoy\u00e9 par un ancien ministre de l\u2019Economie au nouveau locataire de Bercy. Bruno Le\u00a0Maire a&hellip;\n","protected":false},"author":2,"featured_media":83414,"comment_status":"","ping_status":"","sticky":false,"template":"","format":"standard","meta":{"footnotes":""},"categories":[6],"tags":[47,19116,11946,35,2196,920,33,34,1011,27,811,19117,1308,1309,13018,133],"class_list":{"0":"post-83413","1":"post","2":"type-post","3":"status-publish","4":"format-standard","5":"has-post-thumbnail","7":"category-economie","8":"tag-actualite","9":"tag-arcelor-mittal","10":"tag-bruno-le-maire","11":"tag-business","12":"tag-commission-europeenne","13":"tag-dunkerque","14":"tag-economie","15":"tag-economy","16":"tag-fr","17":"tag-france","18":"tag-hauts-de-france","19":"tag-nationalisation","20":"tag-nord","21":"tag-nord-pas-de-calais","22":"tag-siderurgie","23":"tag-video"},"share_on_mastodon":{"url":"https:\/\/pubeurope.com\/@fr\/114469967409643790","error":""},"_links":{"self":[{"href":"https:\/\/www.europesays.com\/fr\/wp-json\/wp\/v2\/posts\/83413","targetHints":{"allow":["GET"]}}],"collection":[{"href":"https:\/\/www.europesays.com\/fr\/wp-json\/wp\/v2\/posts"}],"about":[{"href":"https:\/\/www.europesays.com\/fr\/wp-json\/wp\/v2\/types\/post"}],"author":[{"embeddable":true,"href":"https:\/\/www.europesays.com\/fr\/wp-json\/wp\/v2\/users\/2"}],"replies":[{"embeddable":true,"href":"https:\/\/www.europesays.com\/fr\/wp-json\/wp\/v2\/comments?post=83413"}],"version-history":[{"count":0,"href":"https:\/\/www.europesays.com\/fr\/wp-json\/wp\/v2\/posts\/83413\/revisions"}],"wp:featuredmedia":[{"embeddable":true,"href":"https:\/\/www.europesays.com\/fr\/wp-json\/wp\/v2\/media\/83414"}],"wp:attachment":[{"href":"https:\/\/www.europesays.com\/fr\/wp-json\/wp\/v2\/media?parent=83413"}],"wp:term":[{"taxonomy":"category","embeddable":true,"href":"https:\/\/www.europesays.com\/fr\/wp-json\/wp\/v2\/categories?post=83413"},{"taxonomy":"post_tag","embeddable":true,"href":"https:\/\/www.europesays.com\/fr\/wp-json\/wp\/v2\/tags?post=83413"}],"curies":[{"name":"wp","href":"https:\/\/api.w.org\/{rel}","templated":true}]}}