{"id":83415,"date":"2025-05-08T02:57:10","date_gmt":"2025-05-08T02:57:10","guid":{"rendered":"https:\/\/www.europesays.com\/fr\/83415\/"},"modified":"2025-05-08T02:57:10","modified_gmt":"2025-05-08T02:57:10","slug":"au-moins-43-morts-le-point-sur-une-journee-sanglante","status":"publish","type":"post","link":"https:\/\/www.europesays.com\/fr\/83415\/","title":{"rendered":"Au moins 43 morts, le point sur une journ\u00e9e sanglante"},"content":{"rendered":"<p>La plus grave confrontation militaire entre l\u2019<a href=\"https:\/\/www.20minutes.fr\/dossier\/inde\" target=\"_blank\" class=\"color-ultramarine c-link\" rel=\"noopener\">Inde<\/a> et le <a href=\"https:\/\/www.20minutes.fr\/monde\/pakistan\/\" target=\"_blank\" class=\"color-ultramarine c-link\" rel=\"noopener\">Pakistan<\/a> depuis vingt ans a fait basculer l\u2019Asie du Sud dans une crise \u00e0 haut risque. Les tensions, raviv\u00e9es par l\u2019<a href=\"https:\/\/www.20minutes.fr\/monde\/4149787-20250422-inde-touristes-pris-cible-region-cachemire-moins-24-morts\" target=\"_blank\" class=\"color-ultramarine c-link\" rel=\"noopener\">attentat de Pahalgam<\/a> le 22\u00a0avril dans le Cachemire indien, ont culmin\u00e9 mercredi avec des \u00e9changes d\u2019artillerie nourris et des frappes de missiles indiennes. Selon les autorit\u00e9s pakistanaises, au moins 31 personnes ont \u00e9t\u00e9 tu\u00e9es et 57 bless\u00e9es. L\u2019Inde, elle, fait \u00e9tat de 12 morts et 38 bless\u00e9s, principalement dans le village frontalier de Poonch.<\/p>\n<p>Les hostilit\u00e9s ont d\u00e9but\u00e9 dans la nuit, quand <a href=\"https:\/\/www.20minutes.fr\/dossier\/new_delhi\" target=\"_blank\" class=\"color-ultramarine c-link\" rel=\"noopener\">New Delhi<\/a> a ordonn\u00e9 des frappes cibl\u00e9es sur neuf sites au Pakistan, affirmant viser des camps du groupe islamiste Lashkar-e-Taiba (LeT), accus\u00e9 par l\u2019Inde d\u2019avoir orchestr\u00e9 l\u2019attaque de Pahalgam. \u00ab\u00a0Ces frappes ont \u00e9t\u00e9 men\u00e9es avec pr\u00e9cision pour \u00e9viter les pertes civiles\u00a0\u00bb, a assur\u00e9 le ministre indien de la D\u00e9fense Rajnath Singh.<\/p>\n<p>Attaque indienne, riposte pakistanaise<\/p>\n<p>En repr\u00e9sailles, l\u2019<a href=\"https:\/\/www.20minutes.fr\/monde\/armee\/\" target=\"_blank\" class=\"color-ultramarine c-link\" rel=\"noopener\">arm\u00e9e<\/a> pakistanaise a ripost\u00e9 en tirant des obus sur plusieurs localit\u00e9s indiennes. \u00ab\u00a0Nos ennemis pensaient nous surprendre dans l\u2019obscurit\u00e9, mais ils ont \u00e9chou\u00e9\u00a0\u00bb, a lanc\u00e9 le Premier ministre pakistanais Shehbaz Sharif, tandis que son ministre de la D\u00e9fense, Khawaja Muhammad Asif, accusait le Premier ministre indien <a href=\"https:\/\/www.20minutes.fr\/monde\/narendra-modi\/\" target=\"_blank\" class=\"color-ultramarine c-link\" rel=\"noopener\">Narendra Modi<\/a> de chercher \u00e0 \u00ab\u00a0renforcer sa popularit\u00e9\u00a0\u00bb \u00e0 travers ces op\u00e9rations. Islamabad affirme avoir abattu cinq avions indiens. C\u00f4t\u00e9 indien, une source s\u00e9curitaire a confirm\u00e9 la perte de trois chasseurs.<\/p>\n<\/p>\n<p>Parmi les sites vis\u00e9s figure la <a href=\"https:\/\/www.20minutes.fr\/dossier\/mosquee\" target=\"_blank\" class=\"color-ultramarine c-link\" rel=\"noopener\">mosqu\u00e9e<\/a> Subhan \u00e0 Bahawalpur, que les services indiens consid\u00e8rent comme un repaire de groupes li\u00e9s au LeT. Les d\u00e9g\u00e2ts s\u2019\u00e9tendent \u00e9galement \u00e0 des infrastructures civiles, dont un barrage hydro\u00e9lectrique dans le Cachemire, selon l\u2019arm\u00e9e pakistanaise.<\/p>\n<p>Sc\u00e8nes de panique et fun\u00e9railles<\/p>\n<p>Des sc\u00e8nes de panique ont \u00e9t\u00e9 rapport\u00e9es dans les zones touch\u00e9es. \u00c0 Muzaffarabad, capitale du Cachemire pakistanais, Mohammed Salman a racont\u00e9 \u00ab\u00a0des bruits terribles dans la nuit\u00a0\u00bb et une \u00ab\u00a0panique partout\u00a0\u00bb. Dans le Pendjab, Mohammed Khourram, habitant de Mouridke, a d\u00e9crit \u00e0 l\u2019AFP \u00ab\u00a0un grand boum\u00a0\u00bb suivi de plusieurs explosions en l\u2019espace de quelques minutes.<\/p>\n<p>Dans les rues de Muzaffarabad et d\u2019autres villes touch\u00e9es, les fun\u00e9railles des victimes ont d\u00e9but\u00e9, sous haute tension. Des observateurs militaires de l\u2019ONU inspectaient les lieux des frappes. R\u00e9uni en urgence, le Comit\u00e9 pakistanais de s\u00e9curit\u00e9 nationale a exig\u00e9 que \u00ab\u00a0l\u2019Inde rende des comptes\u00a0\u00bb, et a re\u00e7u le soutien d\u2019Ankara qui a d\u00e9nonc\u00e9 une attaque risquant de \u00ab\u00a0conduire \u00e0 une guerre totale\u00a0\u00bb.<\/p>\n<p>Appels internationaux \u00e0 la d\u00e9sescalade<\/p>\n<p>Les capitales internationales ont aussit\u00f4t lanc\u00e9 des appels \u00e0 la retenue. L\u2019Union europ\u00e9enne, les <a href=\"https:\/\/www.20minutes.fr\/monde\/onu\/\" target=\"_blank\" class=\"color-ultramarine c-link\" rel=\"noopener\">Nations unies<\/a>, Moscou, Paris et Washington ont exprim\u00e9 leur inqui\u00e9tude. \u00ab\u00a0Je veux qu\u2019ils arr\u00eatent. Et j\u2019esp\u00e8re qu\u2019ils peuvent arr\u00eater maintenant\u00a0\u00bb, a d\u00e9clar\u00e9 le pr\u00e9sident am\u00e9ricain Donald Trump.<\/p>\n<p><a href=\"https:\/\/www.20minutes.fr\/dossier\/inde\" target=\"_blank\" class=\"c-link c-btn c-btn--primary\" rel=\"noopener\">Notre dossier sur l&rsquo;Inde<\/a><\/p>\n<p>P\u00e9kin et Londres ont propos\u00e9 leur m\u00e9diation. De son c\u00f4t\u00e9, le chef de la diplomatie indienne Subrahmanyam Jaishankar a contact\u00e9 ses homologues au Japon, en France, en Allemagne et en Espagne pour d\u00e9fendre la l\u00e9gitimit\u00e9 des frappes.<\/p>\n","protected":false},"excerpt":{"rendered":"La plus grave confrontation militaire entre l\u2019Inde et le Pakistan depuis vingt ans a fait basculer l\u2019Asie du&hellip;\n","protected":false},"author":2,"featured_media":83416,"comment_status":"","ping_status":"","sticky":false,"template":"","format":"standard","meta":{"footnotes":""},"categories":[5],"tags":[47,11,1813,3983,1011,27,5595,14,19119,3343,74,14577,18611,19118,12,14488,28],"class_list":{"0":"post-83415","1":"post","2":"type-post","3":"status-publish","4":"format-standard","5":"has-post-thumbnail","7":"category-international","8":"tag-actualite","9":"tag-actualites","10":"tag-armee","11":"tag-deces","12":"tag-fr","13":"tag-france","14":"tag-inde","15":"tag-international","16":"tag-islamabad","17":"tag-missile","18":"tag-monde","19":"tag-mosquee","20":"tag-narendra-modi","21":"tag-new-delhi","22":"tag-news","23":"tag-pakistan","24":"tag-world"},"share_on_mastodon":{"url":"https:\/\/pubeurope.com\/@fr\/114469971153212457","error":""},"_links":{"self":[{"href":"https:\/\/www.europesays.com\/fr\/wp-json\/wp\/v2\/posts\/83415","targetHints":{"allow":["GET"]}}],"collection":[{"href":"https:\/\/www.europesays.com\/fr\/wp-json\/wp\/v2\/posts"}],"about":[{"href":"https:\/\/www.europesays.com\/fr\/wp-json\/wp\/v2\/types\/post"}],"author":[{"embeddable":true,"href":"https:\/\/www.europesays.com\/fr\/wp-json\/wp\/v2\/users\/2"}],"replies":[{"embeddable":true,"href":"https:\/\/www.europesays.com\/fr\/wp-json\/wp\/v2\/comments?post=83415"}],"version-history":[{"count":0,"href":"https:\/\/www.europesays.com\/fr\/wp-json\/wp\/v2\/posts\/83415\/revisions"}],"wp:featuredmedia":[{"embeddable":true,"href":"https:\/\/www.europesays.com\/fr\/wp-json\/wp\/v2\/media\/83416"}],"wp:attachment":[{"href":"https:\/\/www.europesays.com\/fr\/wp-json\/wp\/v2\/media?parent=83415"}],"wp:term":[{"taxonomy":"category","embeddable":true,"href":"https:\/\/www.europesays.com\/fr\/wp-json\/wp\/v2\/categories?post=83415"},{"taxonomy":"post_tag","embeddable":true,"href":"https:\/\/www.europesays.com\/fr\/wp-json\/wp\/v2\/tags?post=83415"}],"curies":[{"name":"wp","href":"https:\/\/api.w.org\/{rel}","templated":true}]}}