{"id":83425,"date":"2025-05-08T03:03:15","date_gmt":"2025-05-08T03:03:15","guid":{"rendered":"https:\/\/www.europesays.com\/fr\/83425\/"},"modified":"2025-05-08T03:03:15","modified_gmt":"2025-05-08T03:03:15","slug":"le-traite-de-nancy-aboutissement-dun-lent-rechauffement-entre-varsovie-et-paris","status":"publish","type":"post","link":"https:\/\/www.europesays.com\/fr\/83425\/","title":{"rendered":"Le trait\u00e9 de Nancy, aboutissement d\u2019un lent r\u00e9chauffement entre Varsovie et Paris"},"content":{"rendered":"\n<p>Il y a plus d\u2019un si\u00e8cle et demi, le romantique fran\u00e7ais Victor Hugo d\u00e9crivait\u00a0la France et la Pologne comme \u201cdeux s\u0153urs luttant\u00a0ensemble pour la civilisation europ\u00e9enne\u201d.\u00a0Force est de constater que leurs int\u00e9r\u00eats g\u00e9opolitiques n\u2019ont pas toujours co\u00efncid\u00e9. Les Polonais ont souvent \u00e9t\u00e9 fascin\u00e9s par\u00a0France, sans grande r\u00e9ciprocit\u00e9. \u00c0 de rares exceptions pr\u00e8s, l\u2019une d\u2019elles \u00e9tant l\u2019\u00e9poque de\u00a0Solidarnosc [\u201cSolidarit\u00e9\u201d, une importante f\u00e9d\u00e9ration de syndicats fond\u00e9e en 1980 et un mouvement d\u2019opposition au pouvoir dirig\u00e9 par Lech Walesa, devenu ensuite pr\u00e9sident de la Pologne en 1990], o\u00f9 la r\u00e9volution polonaise sans\u00a0effusion de sang a particuli\u00e8rement touch\u00e9 les Fran\u00e7ais.<\/p>\n<p>Aujourd\u2019hui, de nombreux observateurs fran\u00e7ais et polonais interrog\u00e9s par Tygodnik\u00a0Powszechny\u00a0s\u2019accordent \u00e0 dire qu\u2019un tournant s\u2019amorce sur la ligne Varsovie-Paris. Car, cette fois, l\u2019int\u00e9r\u00eat est mutuel.\u00a0Depuis que la Russie s\u2019est lanc\u00e9e\u00a0dans l\u2019invasion \u00e0 grande \u00e9chelle\u00a0de l\u2019Ukraine, il y a trois ans, Paris fonde des espoirs grandissants en Varsovie.<\/p>\n<p> <strong>Des relations franco-polonaises longtemps froides<\/strong> <\/p>\n<p>Les ann\u00e9es\u00a0o\u00f9 [les nationaux conservateurs de] Droit et Justice ont \u00e9t\u00e9 au pouvoir en Pologne [entre 2015 et\u00a02023] ont\u00a0correspondu \u00e0\u00a0une p\u00e9riode de \u201cgel\u201d des relations politiques entre Paris et Varsovie.\u00a0L\u2019affaire des\u00a0Caracal, dont la diplomatie fran\u00e7aise garde un souvenir traumatisant, y a jou\u00e9 un r\u00f4le d\u00e9terminant.<\/p>\n<p>En 2016, le gouvernement de Droit et Justice (PiS) avait\u00a0rompu un contrat n\u00e9goci\u00e9 avec la France\u00a0pour l\u2019arm\u00e9e polonaise\u00a0de 50\u00a0h\u00e9licopt\u00e8res fran\u00e7ais H225M Caracal, fabriqu\u00e9s par Airbus Helicopters.<strong>\u00a0<\/strong>Du jour au lendemain,<strong> <\/strong>le gouvernement Droit et Justice avait\u00a0annonc\u00e9 avoir\u00a0choisi des\u00a0Black Hawk\u00a0am\u00e9ricains. Si\u00a0le gouvernement polonais s\u2019est engag\u00e9 \u00e0 verser une indemnit\u00e9 de 80\u00a0millions de zlotys [18,5\u00a0millions d\u2019euros] en 2021 pour la r\u00e9siliation unilat\u00e9rale du contrat, il\u00a0a\u00a0fallu bien\u00a0du\u00a0temps pour r\u00e9tablir la confiance\u00a0entre les deux pays.<\/p>\n<p>L\u2019approche de Paris n\u2019a rien de surprenant quand on sait que les Fran\u00e7ais\u00a0tiennent \u00e0 l\u2019industrie de l\u2019armement comme \u00e0 la\u00a0prunelle de\u00a0leurs yeux, et s\u2019enorgueillissent\u00a0de leur\u00a0ind\u00e9pendance vis-\u00e0-vis des \u00c9tats-Unis. Selon les derni\u00e8res analyses de\u00a0l\u2019Institut international de recherche sur la paix de Stockholm (Sipri), la France se hisse\u00a0\u00e0 la deuxi\u00e8me place parmi les\u00a0exportateurs d\u2019armes dans le monde. Les armes fran\u00e7aises repr\u00e9sentent pr\u00e8s de 10\u00a0% des ventes mondiales d\u2019\u00e9quipements militaires. Certes, elle reste\u00a0loin derri\u00e8re le leader incontest\u00e9, les \u00c9tats-Unis (43\u00a0%), mais elle devance la Russie, troisi\u00e8me\u00a0du podium (avec presque 8\u00a0%).<\/p>\n<p>En outre, jusqu\u2019au d\u00e9clenchement de la\u00a0guerre \u00e0 grande \u00e9chelle en Ukraine, Paris et Varsovie \u00e9taient divis\u00e9s sur\u00a0leur approche de la Russie. Apr\u00e8s l\u2019annexion de la Crim\u00e9e et la guerre dans le Donbass [en 2014], le pr\u00e9sident Emmanuel Macron a tent\u00e9 \u00e0 plusieurs reprises de proc\u00e9der \u00e0 une \u201cr\u00e9initialisation\u201d [des relations] avec Moscou.<\/p>\n<p>Et la violation de l\u2019\u00c9tat de droit par le gouvernement du PiS\u00a0et ses bras de fer\u00a0constants\u00a0avec Bruxelles ont constitu\u00e9 un obstacle aux relations franco-polonaises.<\/p>\n<p> Le revirement d\u2019Emmanuel Macron sur l\u2019Ukraine <\/p>\n<p>L\u2019ouverture\u00a0actuelle\u00a0a \u00e9t\u00e9 rendue possible par le changement de cap du pr\u00e9sident fran\u00e7ais vis-\u00e0-vis de la Russie en 2022 et l\u2019arriv\u00e9e du gouvernement proeurop\u00e9en de Donald Tusk, en Pologne, \u00e0 l\u2019automne 2023. \u201cLe discours d\u2019Emmanuel Macron, en mai 2023, peut \u00eatre consid\u00e9r\u00e9 comme un tournant. Il a\u00a0admis \u2013\u00a0m\u00eame si c\u2019\u00e9tait \u00e0 demi-mot\u00a0\u2013 sa culpabilit\u00e9 d\u2019alors, en reconnaissant que l\u2019Occident avait \u201coubli\u00e9\u201d d\u2019\u00e9couter les avertissements contre la Russie venant de l\u2019Europe de l\u2019Est\u201d, explique Pierre Buhler, ancien ambassadeur de France \u00e0 Varsovie entre 2012 et\u00a02016.<\/p>\n<p>Une allusion \u00e0 peine voil\u00e9e \u201c\u00e0 une d\u00e9claration bien connue du pr\u00e9sident Chirac, qui, en 2003, avait reproch\u00e9 \u00e0 l\u2019Europe centrale et orientale d\u2019avoir \u2018manqu\u00e9 une occasion de rester tranquille\u2019\u201d. Il reprochait aux pays de cette r\u00e9gion [Pologne en t\u00eate] d\u2019avoir soutenu l\u2019invasion am\u00e9ricaine en Irak.<\/p>\n<p>Dans son livre intitul\u00e9\u00a0Pologne, histoire d\u2019une ambition. Comprendre le moment polonais, qui vient de para\u00eetre en France [aux \u00e9ditions Tallandier], Pierre Buhler souligne qu\u2019en raison de sa position strat\u00e9gique, juste derri\u00e8re la ligne de front, la Pologne est devenue un \u201cpilier\u00a0de la s\u00e9curit\u00e9 europ\u00e9enne\u201d. Les Fran\u00e7ais sont impressionn\u00e9s par l\u2019ampleur\u00a0des d\u00e9penses polonaises en mati\u00e8re de d\u00e9fense, qui atteignent d\u00e9j\u00e0 5\u00a0% de son\u00a0PIB. Ainsi, au cours des derniers mois, les m\u00e9dias fran\u00e7ais ont r\u00e9guli\u00e8rement annonc\u00e9 que \u201cla Pologne devenait une nouvelle puissance militaire en Europe\u201d. Gr\u00e2ce \u00e0 cette\u00a0m\u00e9diatisation, les Fran\u00e7ais nous consid\u00e8rent aujourd\u2019hui non pas comme un qu\u00e9mandeur, mais un partenaire s\u00e9rieux.<\/p>\n<p> <strong>L\u2019industrie fran\u00e7aise de<\/strong>   <\/p>\n","protected":false},"excerpt":{"rendered":"Il y a plus d\u2019un si\u00e8cle et demi, le romantique fran\u00e7ais Victor Hugo d\u00e9crivait\u00a0la France et la Pologne&hellip;\n","protected":false},"author":2,"featured_media":83426,"comment_status":"","ping_status":"","sticky":false,"template":"","format":"standard","meta":{"footnotes":""},"categories":[9635],"tags":[1111,11,19120,1777,674,1011,27,775,1892,3821,1702,12,2476,2437,25],"class_list":{"0":"post-83425","1":"post","2":"type-post","3":"status-publish","4":"format-standard","5":"has-post-thumbnail","7":"category-nancy","8":"tag-actu","9":"tag-actualites","10":"tag-armes-nuclu00e9aires","11":"tag-eu","12":"tag-europe","13":"tag-fr","14":"tag-france","15":"tag-grand-est","16":"tag-gu00e9opolitique","17":"tag-la-france-vue-de-lu2019u00e9tranger","18":"tag-nancy","19":"tag-news","20":"tag-politique-de-du00e9fense","21":"tag-pologne","22":"tag-republique-francaise"},"share_on_mastodon":{"url":"https:\/\/pubeurope.com\/@fr\/114469994717605641","error":""},"_links":{"self":[{"href":"https:\/\/www.europesays.com\/fr\/wp-json\/wp\/v2\/posts\/83425","targetHints":{"allow":["GET"]}}],"collection":[{"href":"https:\/\/www.europesays.com\/fr\/wp-json\/wp\/v2\/posts"}],"about":[{"href":"https:\/\/www.europesays.com\/fr\/wp-json\/wp\/v2\/types\/post"}],"author":[{"embeddable":true,"href":"https:\/\/www.europesays.com\/fr\/wp-json\/wp\/v2\/users\/2"}],"replies":[{"embeddable":true,"href":"https:\/\/www.europesays.com\/fr\/wp-json\/wp\/v2\/comments?post=83425"}],"version-history":[{"count":0,"href":"https:\/\/www.europesays.com\/fr\/wp-json\/wp\/v2\/posts\/83425\/revisions"}],"wp:featuredmedia":[{"embeddable":true,"href":"https:\/\/www.europesays.com\/fr\/wp-json\/wp\/v2\/media\/83426"}],"wp:attachment":[{"href":"https:\/\/www.europesays.com\/fr\/wp-json\/wp\/v2\/media?parent=83425"}],"wp:term":[{"taxonomy":"category","embeddable":true,"href":"https:\/\/www.europesays.com\/fr\/wp-json\/wp\/v2\/categories?post=83425"},{"taxonomy":"post_tag","embeddable":true,"href":"https:\/\/www.europesays.com\/fr\/wp-json\/wp\/v2\/tags?post=83425"}],"curies":[{"name":"wp","href":"https:\/\/api.w.org\/{rel}","templated":true}]}}