{"id":83462,"date":"2025-05-08T03:26:14","date_gmt":"2025-05-08T03:26:14","guid":{"rendered":"https:\/\/www.europesays.com\/fr\/83462\/"},"modified":"2025-05-08T03:26:14","modified_gmt":"2025-05-08T03:26:14","slug":"une-enquete-ouverte-contre-franck-allisio-rn-pour-detournements-de-fonds-a-la-region-paca","status":"publish","type":"post","link":"https:\/\/www.europesays.com\/fr\/83462\/","title":{"rendered":"Une enqu\u00eate ouverte contre Franck Allisio (RN) pour d\u00e9tournements de fonds \u00e0 la R\u00e9gion Paca"},"content":{"rendered":"<p>Le parquet de Marseille a ouvert une enqu\u00eate pr\u00e9liminaire \u00e0 l\u2019encontre de <a href=\"https:\/\/www.laprovence.com\/article\/politique\/34413430835222\/municipales-2026-a-marseille-les-hesitations-de-franck-allisio-rn\" target=\"_blank\" rel=\"noopener\">Franck Allisio, d\u00e9put\u00e9 de Vitrolles<\/a> et pr\u00e9sident du groupe RN au Conseil r\u00e9gional Provence-Alpes-C\u00f4te d&rsquo;Azur. Selon les informations de La Provence, qui corroborent <a href=\"https:\/\/marsactu.fr\/la-justice-a-ouvert-une-enquete-contre-franck-allisio-pour-detournement-de-biens-publics\/\" target=\"_blank\" rel=\"noopener\">les r\u00e9v\u00e9lations de Marsactu<\/a>, cette enqu\u00eate a \u00e9t\u00e9 lanc\u00e9e \u00e0 la suite d\u2019un signalement effectu\u00e9 par la R\u00e9gion au titre de l\u2019article\u00a040 du Code de proc\u00e9dure p\u00e9nale, le 30\u00a0d\u00e9cembre\u00a02024. Du c\u00f4t\u00e9 de la R\u00e9gion, on confirme avoir inform\u00e9 le procureur de la R\u00e9publique \u00e0 la suite d\u2019un contr\u00f4le interne.<\/p>\n<p>Cette enqu\u00eate porte sur l\u2019utilisation d\u00e9tourn\u00e9e de moyens de la R\u00e9gion Paca, o\u00f9 le RN dispose d\u2019un groupe de 35\u00a0\u00e9lus, par son pr\u00e9sident Franck Allisio. Le tout au profit de son activit\u00e9 de d\u00e9put\u00e9 de la 12e circonscription des Bouches-du-Rh\u00f4ne. L\u2019\u00e9lu d\u2019extr\u00eame droite et l\u2019un des collaborateurs du groupe RN \u00e0 la R\u00e9gion auraient utilis\u00e9 les v\u00e9hicules mis \u00e0 leur disposition par le Conseil r\u00e9gional pour se rendre \u00e0 de nombreux \u00e9v\u00e9nements organis\u00e9s dans le cadre de l\u2019activit\u00e9 de d\u00e9put\u00e9 d\u2019Allisio, comme les campagnes des europ\u00e9ennes et des \u00e9lections l\u00e9gislatives de juin et juillet\u00a02024.<\/p>\n<p>\u00c0 la suite de premi\u00e8res r\u00e9v\u00e9lations de Marsactu, concernant le cumul d\u2019emploi de deux collaborateurs du groupe RN \u00e0 la R\u00e9gion en tant qu\u2019attach\u00e9s parlementaires par Franck Allisio, la R\u00e9gion avait annonc\u00e9 l\u2019ouverture d\u2019une enqu\u00eate interne.<\/p>\n<p>Autre grief envers le d\u00e9put\u00e9 de Vitrolles\u00a0: <a href=\"https:\/\/www.laprovence.com\/article\/politique\/5871416049233414\/marseille-confidentiels-la-reforme-de-la-loi-plm-seloigne-a-nouveau\" target=\"_blank\" rel=\"noopener\">l\u2019envoi de courriers relatif \u00e0 son activit\u00e9 parlementaire aux frais de la R\u00e9gion<\/a>. Sur une vid\u00e9o publi\u00e9e d\u00e9but d\u00e9cembre\u00a02024 par nos confr\u00e8res, tourn\u00e9e dans les locaux du RN au Conseil r\u00e9gional, on peut y voir des dizaines d\u2019enveloppes sigl\u00e9es \u00ab\u00a0Assembl\u00e9e nationale\u00a0\u00bb pr\u00eates \u00e0 \u00eatre envoy\u00e9es en vue de la c\u00e9r\u00e9monie des v\u0153ux du d\u00e9put\u00e9, d\u00e9but janvier\u00a02024.<\/p>\n<p>Franck Allisio \u00e0 la recherche d\u2019une \u00ab\u00a0taupe\u00a0\u00bb au groupe RN<\/p>\n<p>Cet \u00e9pisode m\u00e9diatique a laiss\u00e9 des traces au Rassemblement national. Selon nos informations, Franck Allisio a cherch\u00e9 \u00e0 savoir qui \u00e9tait la \u00ab\u00a0taupe\u00a0\u00bb qui avait film\u00e9 cette vid\u00e9o transmise au m\u00e9dia en ligne. Le d\u00e9put\u00e9 et conseiller r\u00e9gional assure m\u00eame avoir demand\u00e9 aux services de la R\u00e9gion les enregistrements de la vid\u00e9osurveillance interne de l\u2019h\u00f4tel de R\u00e9gion. \u00ab\u00a0Ils n\u2019ont pas \u00e9t\u00e9 en capacit\u00e9 de nous les donner\u00a0\u00bb, indiquait-il fin f\u00e9vrier.<\/p>\n<p>Ses soup\u00e7ons se sont toutefois port\u00e9s sur un conseiller r\u00e9gional de son propre groupe. Contact\u00e9 par La Provence, cet \u00e9lu conteste\u00a0: \u00ab\u00a0Je n\u2019ai pas acc\u00e8s aux bureaux de Franck Allisio. Ce serait d\u2019ailleurs facile de le v\u00e9rifier, il suffit de consulter le registre des entr\u00e9es que tient la R\u00e9gion.\u00a0\u00bb<\/p>\n<p>Cette affaire pourrait s\u2019av\u00e9rer embarrassante pour le <a href=\"https:\/\/www.laprovence.com\/article\/politique\/34413430835222\/municipales-2026-a-marseille-les-hesitations-de-franck-allisio-rn\" target=\"_blank\" rel=\"noopener\">probable candidat du RN \u00e0 la mairie de Marseille en\u00a02026<\/a> et \u00e0 la R\u00e9gion Paca en\u00a02028. Le proc\u00e8s des assistants parlementaires des d\u00e9put\u00e9s europ\u00e9ens, pour lequel <a href=\"https:\/\/www.laprovence.com\/article\/politique\/1228114513367215\/marine-le-pen-condamnee-a-5-ans-dineligibilite-a-execution-immediate-dans-le-proces-des-assistants-parlementaires-du-rn\" target=\"_blank\" rel=\"noopener\">Marine Le Pen a \u00e9cop\u00e9 de deux ans de prison ferme et cinq ans d\u2019in\u00e9ligibilit\u00e9<\/a>, a mis en lumi\u00e8re un d\u00e9tournement de fonds op\u00e9r\u00e9 par le parti \u00e0 la flamme au d\u00e9triment d\u2019une institution publique, en l\u2019occurrence le Parlement europ\u00e9en.<\/p>\n<p>\u00ab\u00a0Franck Allisio s\u2019est d\u00e9j\u00e0 exprim\u00e9 sur le sujet. Il n\u2019y a rien de plus \u00e0 ajouter. Cette enqu\u00eate sera l\u2019occasion de mettre d\u00e9finitivement un terme \u00e0 cette pol\u00e9mique sans fondement\u00a0\u00bb, r\u00e9pond-on dans l\u2019entourage du patron du RN dans les Bouches-du-Rh\u00f4ne. <a href=\"https:\/\/www.laprovence.com\/article\/region\/3599476454932914\/municipales-a-marseille-allisio-rn-propose-a-muselier-ren-de-discuter-ensemble-sil-pense-que-le-danger-cest-la-gauche\" target=\"_blank\" rel=\"noopener\">Interrog\u00e9 par La Provence en d\u00e9cembre\u00a02024<\/a>, Franck Allisio avait d\u00e9plor\u00e9 une cabale dans laquelle il serait un \u00ab\u00a0homme \u00e0 abattre\u00a0\u00bb confront\u00e9 \u00e0 des \u00ab\u00a0boules puantes\u00a0\u00bb, notamment en raison de ses ambitions sur la mairie de Marseille et la R\u00e9gion.<\/p>\n","protected":false},"excerpt":{"rendered":"Le parquet de Marseille a ouvert une enqu\u00eate pr\u00e9liminaire \u00e0 l\u2019encontre de Franck Allisio, d\u00e9put\u00e9 de Vitrolles et&hellip;\n","protected":false},"author":2,"featured_media":83463,"comment_status":"","ping_status":"","sticky":false,"template":"","format":"standard","meta":{"footnotes":""},"categories":[2814],"tags":[17,1111,11,19140,1444,1067,1777,674,1011,27,12182,884,12,12884,882,16,25,2848,96],"class_list":{"0":"post-83462","1":"post","2":"type-post","3":"status-publish","4":"format-standard","5":"has-post-thumbnail","7":"category-marseille","8":"tag-17","9":"tag-actu","10":"tag-actualites","11":"tag-allisio","12":"tag-contre","13":"tag-enquete","14":"tag-eu","15":"tag-europe","16":"tag-fr","17":"tag-france","18":"tag-franck","19":"tag-marseille","20":"tag-news","21":"tag-ouverte","22":"tag-provence-alpes-cote-dazur","23":"tag-region","24":"tag-republique-francaise","25":"tag-rn","26":"tag-une"},"share_on_mastodon":{"url":"https:\/\/pubeurope.com\/@fr\/114470085290410632","error":""},"_links":{"self":[{"href":"https:\/\/www.europesays.com\/fr\/wp-json\/wp\/v2\/posts\/83462","targetHints":{"allow":["GET"]}}],"collection":[{"href":"https:\/\/www.europesays.com\/fr\/wp-json\/wp\/v2\/posts"}],"about":[{"href":"https:\/\/www.europesays.com\/fr\/wp-json\/wp\/v2\/types\/post"}],"author":[{"embeddable":true,"href":"https:\/\/www.europesays.com\/fr\/wp-json\/wp\/v2\/users\/2"}],"replies":[{"embeddable":true,"href":"https:\/\/www.europesays.com\/fr\/wp-json\/wp\/v2\/comments?post=83462"}],"version-history":[{"count":0,"href":"https:\/\/www.europesays.com\/fr\/wp-json\/wp\/v2\/posts\/83462\/revisions"}],"wp:featuredmedia":[{"embeddable":true,"href":"https:\/\/www.europesays.com\/fr\/wp-json\/wp\/v2\/media\/83463"}],"wp:attachment":[{"href":"https:\/\/www.europesays.com\/fr\/wp-json\/wp\/v2\/media?parent=83462"}],"wp:term":[{"taxonomy":"category","embeddable":true,"href":"https:\/\/www.europesays.com\/fr\/wp-json\/wp\/v2\/categories?post=83462"},{"taxonomy":"post_tag","embeddable":true,"href":"https:\/\/www.europesays.com\/fr\/wp-json\/wp\/v2\/tags?post=83462"}],"curies":[{"name":"wp","href":"https:\/\/api.w.org\/{rel}","templated":true}]}}