{"id":83488,"date":"2025-05-08T03:40:09","date_gmt":"2025-05-08T03:40:09","guid":{"rendered":"https:\/\/www.europesays.com\/fr\/83488\/"},"modified":"2025-05-08T03:40:09","modified_gmt":"2025-05-08T03:40:09","slug":"lallemagne-ce-pays-qui-celebre-sa-propre-capitulation","status":"publish","type":"post","link":"https:\/\/www.europesays.com\/fr\/83488\/","title":{"rendered":"l\u2019Allemagne, ce pays qui c\u00e9l\u00e8bre sa propre capitulation"},"content":{"rendered":"\n<p>Nous c\u00e9l\u00e9brons la fin de la Seconde\u00a0Guerre mondiale, qui s\u2019est conclue le 8\u00a0mai 1945 par la capitulation totale de la Wehrmacht \u00e0 Karlshorst, un quartier de l\u2019est de Berlin. Qui avait 20\u00a0ans \u00e0 l\u2019\u00e9poque en a 100\u00a0aujourd\u2019hui. Par cons\u00e9quent, cette date dispara\u00eet progressivement du champ de la m\u00e9moire transmissible. Il en reste de moins en moins de t\u00e9moins vivants.<\/p>\n<p>C\u2019est d\u00e9sormais la communication m\u00e9diatique qui dessine les contours de l\u2019\u00e9v\u00e9nement, ainsi que les \u00e9tudes scientifiques, les expositions historiques, les d\u00e9bats publics, et au besoin les cours dans les \u00e9tablissements scolaires. Depuis quelque temps, on se pose moins la question du souvenir que l\u2019on a de la fin de la guerre, et on s\u2019interroge davantage sur la fa\u00e7on de s\u2019en souvenir, collectivement.<\/p>\n<p>Du reste, le verbe \u201cse souvenir\u201d est aussi impr\u00e9cis que la formule \u201crappeler quelque chose \u00e0 quelqu\u2019un\u201d. Car ce n\u2019est que le passage de la m\u00e9moire individuelle (qui repose sur l\u2019exp\u00e9rience), \u00e0 la comm\u00e9moration qui rend possible une d\u00e9finition collective r\u00e9pondant \u00e0 des exigences normatives. Le collectif ne peut pas se souvenir, il ne peut que comm\u00e9morer. Or m\u00eame le d\u00e9bat sur le 8\u00a0mai en tant que \u201cjourn\u00e9e du souvenir\u201d est depuis longtemps d\u00e9pass\u00e9. Il y a quarante ans, en Allemagne, la discussion portait sur les termes \u201cd\u00e9faite\u201d et \u201clib\u00e9ration\u201d, afin de d\u00e9terminer quel regard il fallait, r\u00e9trospectivement, porter sur la fin de la guerre.<\/p>\n<p>Comme si la volont\u00e9 d\u2019\u00e9tiqueter l\u2019\u00e9v\u00e9nement historique sous un concept unique pouvait se r\u00e9v\u00e9ler fructueuse, on se disputait afin de savoir lequel des deux termes \u00e9tait le plus adapt\u00e9. Ce qui a entra\u00een\u00e9 une autre question, celle de savoir si la date du 8\u00a0mai \u00e9tait appropri\u00e9e pour un jour du souvenir allemand, ce qu\u2019il a \u00e9t\u00e9 en R\u00e9publique d\u00e9mocratique allemande (RDA) de 1950 \u00e0 1967, et en 1985. Dans le Mecklembourg-Pom\u00e9ranie-Occidentale, le Brandebourg, le Schleswig-Holstein et \u00e0 Hambourg, il est entre-temps devenu un \u201cjour du souvenir\u201d officiel. Et \u00e0 Berlin il l\u2019a \u00e9t\u00e9 une fois, en 2020 [et devrait \u00eatre exceptionnellement f\u00e9ri\u00e9 cette ann\u00e9e, \u00e0 l\u2019occasion des 80\u00a0ans de la fin de la Seconde Guerre mondiale].<\/p>\n<p> \u201c\u00c9tat ennemi vaincu\u201d <\/p>\n<p>Il en va diff\u00e9remment dans les autres pays d\u2019Europe, ce qui para\u00eet normal. Aux Pays-Bas, par exemple, c\u2019est le 5\u00a0mai que l\u2019on marque le Bevrijdingsdag, le \u201cjour de la Lib\u00e9ration\u201d\u00a0; tandis qu\u2019en Russie, le 9\u00a0mai est c\u00e9l\u00e9br\u00e9 comme le \u201cjour de la Victoire\u201d. Dans les deux cas, la logique est claire. On peut c\u00e9l\u00e9brer des<\/p>\n","protected":false},"excerpt":{"rendered":"Nous c\u00e9l\u00e9brons la fin de la Seconde\u00a0Guerre mondiale, qui s\u2019est conclue le 8\u00a0mai 1945 par la capitulation totale&hellip;\n","protected":false},"author":2,"featured_media":83489,"comment_status":"","ping_status":"","sticky":false,"template":"","format":"standard","meta":{"footnotes":""},"categories":[1587],"tags":[11,19146,672,1804,1805,1803,1777,674,1801,937,11119,12,1802,935,1857],"class_list":{"0":"post-83488","1":"post","2":"type-post","3":"status-publish","4":"format-standard","5":"has-post-thumbnail","7":"category-allemagne","8":"tag-actualites","9":"tag-adolf-hitler","10":"tag-allemagne","11":"tag-bundesrepublik-deutschland","12":"tag-de","13":"tag-deutschland","14":"tag-eu","15":"tag-europe","16":"tag-germany","17":"tag-histoire","18":"tag-mu00e9moire","19":"tag-news","20":"tag-republique-federale-dallemagne","21":"tag-seconde-guerre-mondiale","22":"tag-sociu00e9tu00e9"},"share_on_mastodon":{"url":"https:\/\/pubeurope.com\/@fr\/114470140203689648","error":""},"_links":{"self":[{"href":"https:\/\/www.europesays.com\/fr\/wp-json\/wp\/v2\/posts\/83488","targetHints":{"allow":["GET"]}}],"collection":[{"href":"https:\/\/www.europesays.com\/fr\/wp-json\/wp\/v2\/posts"}],"about":[{"href":"https:\/\/www.europesays.com\/fr\/wp-json\/wp\/v2\/types\/post"}],"author":[{"embeddable":true,"href":"https:\/\/www.europesays.com\/fr\/wp-json\/wp\/v2\/users\/2"}],"replies":[{"embeddable":true,"href":"https:\/\/www.europesays.com\/fr\/wp-json\/wp\/v2\/comments?post=83488"}],"version-history":[{"count":0,"href":"https:\/\/www.europesays.com\/fr\/wp-json\/wp\/v2\/posts\/83488\/revisions"}],"wp:featuredmedia":[{"embeddable":true,"href":"https:\/\/www.europesays.com\/fr\/wp-json\/wp\/v2\/media\/83489"}],"wp:attachment":[{"href":"https:\/\/www.europesays.com\/fr\/wp-json\/wp\/v2\/media?parent=83488"}],"wp:term":[{"taxonomy":"category","embeddable":true,"href":"https:\/\/www.europesays.com\/fr\/wp-json\/wp\/v2\/categories?post=83488"},{"taxonomy":"post_tag","embeddable":true,"href":"https:\/\/www.europesays.com\/fr\/wp-json\/wp\/v2\/tags?post=83488"}],"curies":[{"name":"wp","href":"https:\/\/api.w.org\/{rel}","templated":true}]}}