{"id":83491,"date":"2025-05-08T03:42:12","date_gmt":"2025-05-08T03:42:12","guid":{"rendered":"https:\/\/www.europesays.com\/fr\/83491\/"},"modified":"2025-05-08T03:42:12","modified_gmt":"2025-05-08T03:42:12","slug":"xi-jinping-a-moscou-pour-le-jour-de-la-victoire-mais-les-signes-dun-reboot-entre-lue-et-la-chine-sintensifient","status":"publish","type":"post","link":"https:\/\/www.europesays.com\/fr\/83491\/","title":{"rendered":"Xi Jinping \u00e0 Moscou pour le Jour de la Victoire, mais les signes d&rsquo;un reboot entre l&rsquo;UE et la Chine s&rsquo;intensifient"},"content":{"rendered":"<p>Les signes d&rsquo;une r\u00e9initialisation diplomatique entre l&rsquo;Union europ\u00e9enne et la Chine continuent de s&rsquo;intensifier, bien que P\u00e9kin ait r\u00e9affirm\u00e9 son partenariat \u00ab\u00a0sans limites\u00a0\u00bb avec Moscou, qui \u00e9tait jusqu&rsquo;\u00e0 r\u00e9cemment consid\u00e9r\u00e9 comme un facteur disqualifiant aux yeux de l&rsquo;Union europ\u00e9enne.<\/p>\n<p>Ursula von der Leyen, pr\u00e9sidente de la Commission europ\u00e9enne, et Ant\u00f3nio Costa, pr\u00e9sident du Conseil europ\u00e9en, ont \u00e9chang\u00e9 mardi des messages avec le pr\u00e9sident Xi Jinping et le premier ministre Li Qian, \u00e0 l&rsquo;occasion du 50e anniversaire des relations bilat\u00e9rales.<\/p>\n<p>D&rsquo;un ton optimiste, les d\u00e9clarations soulignent la volont\u00e9 mutuelle de faire progresser la coop\u00e9ration dans des domaines d&rsquo;int\u00e9r\u00eat commun et de relever ensemble les d\u00e9fis mondiaux.<\/p>\n<p>Cet anniversaire \u00ab\u00a0intervient \u00e0 un moment d&rsquo;incertitude mondiale et de changements g\u00e9opolitiques, ce qui souligne notre responsabilit\u00e9 commune dans la d\u00e9fense de tous les principes inscrits dans la Charte des Nations unies\u00a0\u00bb, ont \u00e9crit Mme von der Leyen et M. Costa.<\/p>\n<p>\u00ab\u00a0Dans ce contexte, nous restons d\u00e9termin\u00e9s \u00e0 approfondir notre partenariat avec la Chine. Une relation \u00e9quilibr\u00e9e, fond\u00e9e sur l&rsquo;\u00e9quit\u00e9 et la r\u00e9ciprocit\u00e9, est dans notre int\u00e9r\u00eat commun\u00a0\u00bb.<\/p>\n<p>Le <a href=\"https:\/\/www.mfa.gov.cn\/eng\/xw\/zyxw\/202505\/t20250507_11616672.html\" rel=\"nofollow noopener\" target=\"_blank\" data-ylk=\"slk:communiqu\u00e9;elm:context_link;itc:0;sec:content-canvas\" class=\"link \">communiqu\u00e9<\/a> publi\u00e9 par le bureau de M. Xi \u00e9tait plus d\u00e9taill\u00e9 et plus optimiste, d\u00e9crivant l&rsquo;anniversaire comme une occasion d'\u00a0\u00bbouvrir un avenir meilleur pour les relations entre la Chine et l&rsquo;UE\u00a0\u00bb.<\/p>\n<p>\u00ab\u00a0Des relations saines et stables entre la Chine et l&rsquo;UE sont non seulement b\u00e9n\u00e9fiques pour les deux parties, mais elles profitent \u00e9galement au monde entier\u00a0\u00bb, peut-on lire dans le communiqu\u00e9 de presse.<\/p>\n<p>Cette formulation contraste fortement avec la politique men\u00e9e par Mme von der Leyen au cours de son premier mandat pr\u00e9sidentiel, lorsqu&rsquo;elle a invent\u00e9 le terme \u00ab\u00a0de-risking\u00a0\u00bb pour \u00e9liminer les d\u00e9pendances dangereuses \u00e0 l&rsquo;\u00e9gard de la Chine et qu&rsquo;elle a r\u00e9guli\u00e8rement d\u00e9nonc\u00e9 les relations de P\u00e9kin avec Moscou.<\/p>\n<p>\u00ab\u00a0L&rsquo;objectif clair du parti communiste chinois est un changement syst\u00e9mique de l&rsquo;ordre international avec la Chine en son centre\u00a0\u00bb, a-t-elle d\u00e9clar\u00e9 dans un discours historique prononc\u00e9 en <a href=\"https:\/\/fr.news.yahoo.com\/l-ukraine-facteur-d%C3%A9terminant-l-172029615.html\" data-ylk=\"slk:mars 2023;elm:context_link;itc:0;sec:content-canvas;outcm:mb_qualified_link;_E:mb_qualified_link;ct:story;\" class=\"link  yahoo-link\" target=\"_blank\" rel=\"noopener\"><strong>mars 2023<\/strong><\/a>.<\/p>\n<p>L&rsquo;attitude dure de Mme Von der Leyen a \u00e9t\u00e9 salu\u00e9e par l&rsquo;administration am\u00e9ricaine de Joe Biden et a rapproch\u00e9 les \u00c9tats membres d&rsquo;une position unifi\u00e9e sur la Chine, m\u00eame si d&rsquo;importants d\u00e9saccords subsistent. P\u00e9kin, en revanche, n&rsquo;a pas appr\u00e9ci\u00e9 l&rsquo;approche et a s\u00e9v\u00e8rement critiqu\u00e9 le \u00ab\u00a0de-risking\u00a0\u00bb, qu&rsquo;elle a qualifi\u00e9 d&rsquo;ouvertement conflictuel et politiquement motiv\u00e9.<\/p>\n<p>Lorsque Mme von der Leyen s&rsquo;est pr\u00e9sent\u00e9e pour un second mandat en juillet 2024, ses lignes directrices promettaient la poursuite de la m\u00eame politique, sans aucun signe d&rsquo;adoucissement.<\/p>\n<p>\u00ab\u00a0La posture plus agressive et la concurrence \u00e9conomique d\u00e9loyale de la Chine, son amiti\u00e9 \u00ab\u00a0no-limits\u00a0\u00bb avec la Russie &#8211; et la dynamique de ses relations avec l&rsquo;Europe &#8211; refl\u00e8tent un passage de la coop\u00e9ration \u00e0 la concurrence\u00a0\u00bb, <a href=\"https:\/\/commission.europa.eu\/document\/download\/e6cd4328-673c-4e7a-8683-f63ffb2cf648_en?filename=Political%20Guidelines%202024-2029_EN.pdf\" rel=\"nofollow noopener\" target=\"_blank\" data-ylk=\"slk:a \u00e9crit;elm:context_link;itc:0;sec:content-canvas\" class=\"link \">a \u00e9crit<\/a> Mme von der Leyen.<\/p>\n<p>Mais le retour de Donald Trump \u00e0 la Maison Blanche a chang\u00e9 le calcul g\u00e9opolitique du jour au lendemain, for\u00e7ant l&rsquo;UE \u00e0 reconsid\u00e9rer ses relations avec ses alli\u00e9s comme avec ses adversaires.<\/p>\n<p>Les tarifs douaniers radicaux de M. Trump, en particulier, ont incit\u00e9 Bruxelles \u00e0 r\u00e9examiner la mani\u00e8re dont elle s&rsquo;engage avec la Chine, la deuxi\u00e8me \u00e9conomie mondiale, et ont rapidement aliment\u00e9 les sp\u00e9culations sur une r\u00e9initialisation diplomatique imminente, une impression encore renforc\u00e9e par les messages envoy\u00e9s \u00e0 l&rsquo;occasion du 50e anniversaire.<\/p>\n<p><img decoding=\"async\" class=\"caas-img caas-lazy has-preview\" alt=\"Ursula von der Leyen et Xi Jinping doivent se rencontrer \u00e0 la mi-juillet.\" src=\"https:\/\/www.europesays.com\/fr\/wp-content\/uploads\/2025\/05\/9c71119f14801ec501665cca065f83e3.jpeg\"\/><\/p>\n<p> Ursula von der Leyen et Xi Jinping doivent se rencontrer \u00e0 la mi-juillet.   &#8211; European Union, 2023. <\/p>\n<p>Un timing mal choisi<\/p>\n<p>La c\u00e9l\u00e9bration de l&rsquo;\u00e9change s&rsquo;est toutefois d\u00e9roul\u00e9e \u00e0 un moment tr\u00e8s d\u00e9licat.<\/p>\n<p>Mercredi, Xi Jinping <a href=\"https:\/\/fr.euronews.com\/my-europe\/2025\/05\/07\/perturber-le-defile-du-jour-de-la-victoire-les-drones-ukrainiens-paralysent-lespace-aerien\" rel=\"nofollow noopener\" target=\"_blank\" data-ylk=\"slk:s&#039;est rendu \u00e0 Moscou;elm:context_link;itc:0;sec:content-canvas\" class=\"link \"><strong>s&rsquo;est rendu \u00e0 Moscou<\/strong><\/a> pour une visite d&rsquo;\u00c9tat de quatre jours qui comprendra le d\u00e9fil\u00e9 militaire organis\u00e9 par Vladimir Poutine \u00e0 l&rsquo;occasion du Jour de la Victoire, le 9 mai, un \u00e9v\u00e9nement que Bruxelles a qualifi\u00e9 de propagande. M. Poutine a d\u00e9clar\u00e9 que M. Xi serait \u00ab\u00a0l&rsquo;invit\u00e9 principal\u00a0\u00bb du d\u00e9fil\u00e9.<\/p>\n<p>La pr\u00e9sence du pr\u00e9sident chinois a soulev\u00e9 la question de savoir si Mme von der Leyen, <a href=\"https:\/\/fr.news.yahoo.com\/von-der-leyen-l%C3%A8re-combustibles-111033345.html\" data-ylk=\"slk:fervente partisane de l&#039;Ukraine;elm:context_link;itc:0;sec:content-canvas;outcm:mb_qualified_link;_E:mb_qualified_link;ct:story;\" class=\"link  yahoo-link\" target=\"_blank\" rel=\"noopener\"><strong>fervente partisane de l&rsquo;Ukraine<\/strong><\/a>, serait d\u00e9sormais pr\u00eate \u00e0 changer de vitesse et \u00e0 n\u00e9gliger l&rsquo;alliance de P\u00e9kin avec Moscou au profit d&rsquo;opportunit\u00e9s commerciales.<\/p>\n<p>Paula Pinho, porte-parole en chef de la Commission, a admis que le partenariat Xi-Poutine n&rsquo;\u00e9tait \u00ab\u00a0clairement pas un \u00e9l\u00e9ment constructif\u00a0\u00bb, mais a d\u00e9clar\u00e9 que l&rsquo;UE pouvait toujours travailler de mani\u00e8re \u00ab\u00a0constructive\u00a0\u00bb avec la Chine sur d&rsquo;autres questions, comme le changement climatique et le commerce mondial.<\/p>\n<p>\u00ab\u00a0Nous voyons un certain nombre de domaines dans lesquels nous pouvons nous engager avec la Chine et o\u00f9 nous pouvons obtenir des r\u00e9sultats plus significatifs si nous travaillons ensemble. C&rsquo;est pr\u00e9cis\u00e9ment ce que nous nous r\u00e9jouissons de faire\u00a0\u00bb, a d\u00e9clar\u00e9 Mme Pinho mercredi. \u00ab\u00a0Dans les domaines o\u00f9 nous avons des points de vue diff\u00e9rents, nous continuons \u00e0 nous engager avec beaucoup d&rsquo;ouverture et de sinc\u00e9rit\u00e9\u00a0\u00bb.<\/p>\n<p>La porte-parole a fait remarquer que la Chine, en tant que membre permanent du Conseil de s\u00e9curit\u00e9 de l&rsquo;ONU, avait \u00ab\u00a0la responsabilit\u00e9 de d\u00e9noncer les violations \u00e9videntes de la Charte de l&rsquo;ONU\u00a0\u00bb, telles que l&rsquo;invasion massive de l&rsquo;Ukraine par la Russie, que P\u00e9kin qualifie simplement de \u00ab\u00a0crise\u00a0\u00bb.<\/p>\n<p>\u00ab\u00a0Si la Chine veut mettre fin \u00e0 la guerre en Ukraine, elle peut avoir un r\u00f4le \u00e0 jouer\u00a0\u00bb, a-t-elle ajout\u00e9.<\/p>\n<p>L&rsquo;amiti\u00e9 \u00e9troite entre P\u00e9kin et Moscou est une source importante de fiction dans les relations entre l&rsquo;UE et la Chine, mais ce n&rsquo;est certainement pas la seule.<\/p>\n<p>D&rsquo;autres tensions concernent les exportations massives de produits chinois \u00e0 bas prix, le recours massif aux subventions publiques au d\u00e9triment des concurrents \u00e9trangers, les r\u00e9glementations protectionnistes qui emp\u00eachent un acc\u00e8s \u00e9quitable au march\u00e9 chinois, la <a href=\"https:\/\/fr.news.yahoo.com\/pourquoi-loi-chinoise-contre-lespionnage-124618292.html\" data-ylk=\"slk:surveillance;elm:context_link;itc:0;sec:content-canvas;outcm:mb_qualified_link;_E:mb_qualified_link;ct:story;\" class=\"link  yahoo-link\" target=\"_blank\" rel=\"noopener\"><strong>surveillance<\/strong><\/a> des citoyens et des entreprises, la gestion de la pand\u00e9mie de COVID-19, le comportement agressif dans le d\u00e9troit de Ta\u00efwan, la r\u00e9pression de la minorit\u00e9 ou\u00efghoure dans la r\u00e9gion du Xinjiang, les violations des droits de l&rsquo;homme, les cyber-attaques et les campagnes de d\u00e9sinformation.<\/p>\n<p>Toutes ces questions devraient \u00eatre au c\u0153ur du sommet UE-Chine pr\u00e9vu pour la mi-juillet.<\/p>\n<p>\u00c0 l&rsquo;approche de cette \u00e9ch\u00e9ance cruciale, les deux parties ne m\u00e9nagent pas leurs efforts : Bruxelles a accept\u00e9 de relancer les n\u00e9gociations sur les v\u00e9hicules \u00e9lectriques fabriqu\u00e9s en Chine, tandis que P\u00e9kin a lev\u00e9 les sanctions prises \u00e0 l&rsquo;encontre de cinq membres du Parlement europ\u00e9en.<\/p>\n","protected":false},"excerpt":{"rendered":"Les signes d&rsquo;une r\u00e9initialisation diplomatique entre l&rsquo;Union europ\u00e9enne et la Chine continuent de s&rsquo;intensifier, bien que P\u00e9kin ait&hellip;\n","protected":false},"author":2,"featured_media":83492,"comment_status":"","ping_status":"","sticky":false,"template":"","format":"standard","meta":{"footnotes":""},"categories":[1586],"tags":[11,1777,674,1779,1011,27,7738,19147,1916,12,25,1778,364,2544,7084],"class_list":{"0":"post-83491","1":"post","2":"type-post","3":"status-publish","4":"format-standard","5":"has-post-thumbnail","7":"category-europe","8":"tag-actualites","9":"tag-eu","10":"tag-europe","11":"tag-european-union","12":"tag-fr","13":"tag-france","14":"tag-lunion-europeenne","15":"tag-mme-von-der-leyen","16":"tag-moscou","17":"tag-news","18":"tag-republique-francaise","19":"tag-ue","20":"tag-union-europeenne","21":"tag-ursula-von-der-leyen","22":"tag-xi-jinping"},"share_on_mastodon":{"url":"https:\/\/pubeurope.com\/@fr\/114470148156198208","error":""},"_links":{"self":[{"href":"https:\/\/www.europesays.com\/fr\/wp-json\/wp\/v2\/posts\/83491","targetHints":{"allow":["GET"]}}],"collection":[{"href":"https:\/\/www.europesays.com\/fr\/wp-json\/wp\/v2\/posts"}],"about":[{"href":"https:\/\/www.europesays.com\/fr\/wp-json\/wp\/v2\/types\/post"}],"author":[{"embeddable":true,"href":"https:\/\/www.europesays.com\/fr\/wp-json\/wp\/v2\/users\/2"}],"replies":[{"embeddable":true,"href":"https:\/\/www.europesays.com\/fr\/wp-json\/wp\/v2\/comments?post=83491"}],"version-history":[{"count":0,"href":"https:\/\/www.europesays.com\/fr\/wp-json\/wp\/v2\/posts\/83491\/revisions"}],"wp:featuredmedia":[{"embeddable":true,"href":"https:\/\/www.europesays.com\/fr\/wp-json\/wp\/v2\/media\/83492"}],"wp:attachment":[{"href":"https:\/\/www.europesays.com\/fr\/wp-json\/wp\/v2\/media?parent=83491"}],"wp:term":[{"taxonomy":"category","embeddable":true,"href":"https:\/\/www.europesays.com\/fr\/wp-json\/wp\/v2\/categories?post=83491"},{"taxonomy":"post_tag","embeddable":true,"href":"https:\/\/www.europesays.com\/fr\/wp-json\/wp\/v2\/tags?post=83491"}],"curies":[{"name":"wp","href":"https:\/\/api.w.org\/{rel}","templated":true}]}}