{"id":8350,"date":"2025-04-07T17:10:29","date_gmt":"2025-04-07T17:10:29","guid":{"rendered":"https:\/\/www.europesays.com\/fr\/8350\/"},"modified":"2025-04-07T17:10:29","modified_gmt":"2025-04-07T17:10:29","slug":"chefs-doeuvre-des-musees-de-marseille-musee-des-beaux-arts-sattarder-au-soleil-au-pied-de-la-tour-du-roi-rene","status":"publish","type":"post","link":"https:\/\/www.europesays.com\/fr\/8350\/","title":{"rendered":"[Chefs-d\u2019\u0153uvre des mus\u00e9es de Marseille] Mus\u00e9e des Beaux-Arts, s\u2019attarder au soleil, au pied de la tour du Roi Ren\u00e9"},"content":{"rendered":"\n<p>On reconna\u00eet l\u2019entr\u00e9e du port, la colline min\u00e9rale et les entrep\u00f4ts qui surplombaient Rive-Neuve. Au centre, la muraille du fort Saint-Jean, l\u2019acuit\u00e9 du printemps ou bien la finesse d\u2019un matin de janvier. Les \u00e9pais manteaux et les visages des deux personnages, les coups de brosse du peintre surgissent dans une salle du fin fond du dernier \u00e9tage du palais Longchamp.<\/p>\n<p>Deux titres pour ce tableau de 1893 : \u00ab\u00a0Au cagnard\u00a0\u00bb et \u00ab\u00a0Les gueux au soleil\u00a0\u00bb. Ins\u00e9r\u00e9e dans la seconde partie des po\u00e8mes de \u00ab\u00a0La Pauriho\u00a0\u00bb(La Mis\u00e8re), sa gravure fut publi\u00e9e en 1899. Son auteur, Val\u00e8re Bernard (1860-1936) en fait don en 1906 au mus\u00e9e des Beaux-Arts. Longtemps d\u00e9pos\u00e9 au mus\u00e9e du Vieux Marseille, il est revenu \u00e0 Longchamp apr\u00e8s la fermeture de la maison Diamant\u00e9e.<\/p>\n<p>Qui seraient ces marginaux, quelle amiti\u00e9 r\u00e9unit ces vagabonds ? D\u2019apr\u00e8s la bienveillance du portrait du plus \u00e2g\u00e9 et l\u2019ombre d\u00e9licate de sa casquette, peut-on imaginer qu\u2019ils font autre chose que prendre des forces et se r\u00e9chauffer ? Malgr\u00e9 le turban rouge qu\u2019affectionnent les p\u00eacheurs catalans, en d\u00e9pit de la posture myst\u00e9rieuse et des boutons du manteau militaire du second personnage qui peut faire songer \u00e0 Corto Maltese, point de projet de braquage ni d\u2019amorce de mouvement social\u00a0: les vertus du soleil sont pacificatrices.<\/p>\n<p>Cette image instille des connotations romanesques, on devrait l\u2019apercevoir sur des couvertures de livres qui racontent la M\u00e9diterran\u00e9e. On est dans l\u2019imaginaire du Hussard sur le toit, du Comte de Monte-Cristo et des militants de la R\u00e9publique italienne. Transform\u00e9e en affiche, elle pourrait annoncer un op\u00e9ra de Verdi, une pi\u00e8ce de Brecht, une projection de cin\u00e9ma n\u00e9o-r\u00e9aliste. C\u2019est injuste, les expositions comme Peintres de la Couleur en Provence (1995), Le grand Atelier du Midi (2013) et les anthologies l\u2019ont escamot\u00e9e.<\/p>\n<p>Val\u00e8re Bernard fut peintre, sculpteur, c\u00e9ramiste, d\u00e9corateur de salles de caf\u00e9. Ami de Fr\u00e9d\u00e9ric Mistral, il \u00e9crivait en proven\u00e7al des vers et des romans \u00e0 propos des guerres, des mis\u00e8res et des quartiers maudits de son \u00e9poque. Timide dans la vie courante, cet aquafortiste aimait broyer du noir. Lors de ses s\u00e9jours \u00e0 Paris, il fr\u00e9quenta Puvis de Chavannes, F\u00e9licien Rops, Huysmans, R\u00e9my de Gourmont et les Symbolistes. Une exposition se pr\u00e9pare au mus\u00e9e Longchamp afin de mieux comprendre son ambivalence, ses affections et son pathos, les d\u00e9s\u00e9quilibres et les tourments de ses gravures.<\/p>\n","protected":false},"excerpt":{"rendered":"On reconna\u00eet l\u2019entr\u00e9e du port, la colline min\u00e9rale et les entrep\u00f4ts qui surplombaient Rive-Neuve. Au centre, la muraille&hellip;\n","protected":false},"author":2,"featured_media":8351,"comment_status":"","ping_status":"","sticky":false,"template":"","format":"standard","meta":{"footnotes":""},"categories":[2814],"tags":[1111,11,4374,1777,674,1011,27,884,12,882,25],"class_list":{"0":"post-8350","1":"post","2":"type-post","3":"status-publish","4":"format-standard","5":"has-post-thumbnail","7":"category-marseille","8":"tag-actu","9":"tag-actualites","10":"tag-chef-doeuvre","11":"tag-eu","12":"tag-europe","13":"tag-fr","14":"tag-france","15":"tag-marseille","16":"tag-news","17":"tag-provence-alpes-cote-dazur","18":"tag-republique-francaise"},"share_on_mastodon":{"url":"https:\/\/pubeurope.com\/@fr\/114297793654449935","error":""},"_links":{"self":[{"href":"https:\/\/www.europesays.com\/fr\/wp-json\/wp\/v2\/posts\/8350","targetHints":{"allow":["GET"]}}],"collection":[{"href":"https:\/\/www.europesays.com\/fr\/wp-json\/wp\/v2\/posts"}],"about":[{"href":"https:\/\/www.europesays.com\/fr\/wp-json\/wp\/v2\/types\/post"}],"author":[{"embeddable":true,"href":"https:\/\/www.europesays.com\/fr\/wp-json\/wp\/v2\/users\/2"}],"replies":[{"embeddable":true,"href":"https:\/\/www.europesays.com\/fr\/wp-json\/wp\/v2\/comments?post=8350"}],"version-history":[{"count":0,"href":"https:\/\/www.europesays.com\/fr\/wp-json\/wp\/v2\/posts\/8350\/revisions"}],"wp:featuredmedia":[{"embeddable":true,"href":"https:\/\/www.europesays.com\/fr\/wp-json\/wp\/v2\/media\/8351"}],"wp:attachment":[{"href":"https:\/\/www.europesays.com\/fr\/wp-json\/wp\/v2\/media?parent=8350"}],"wp:term":[{"taxonomy":"category","embeddable":true,"href":"https:\/\/www.europesays.com\/fr\/wp-json\/wp\/v2\/categories?post=8350"},{"taxonomy":"post_tag","embeddable":true,"href":"https:\/\/www.europesays.com\/fr\/wp-json\/wp\/v2\/tags?post=8350"}],"curies":[{"name":"wp","href":"https:\/\/api.w.org\/{rel}","templated":true}]}}