{"id":83510,"date":"2025-05-08T03:58:29","date_gmt":"2025-05-08T03:58:29","guid":{"rendered":"https:\/\/www.europesays.com\/fr\/83510\/"},"modified":"2025-05-08T03:58:29","modified_gmt":"2025-05-08T03:58:29","slug":"apres-hortense-catherine-davydzenka-mehdi-marvin-pellegrino-va-t-il-aussi-quitter-linstitut-la-reponse-de-la-productrice","status":"publish","type":"post","link":"https:\/\/www.europesays.com\/fr\/83510\/","title":{"rendered":"Apr\u00e8s Hortense (Catherine Davydzenka), Mehdi (Marvin Pellegrino) va-t-il aussi quitter l&rsquo;institut ? La r\u00e9ponse de la productrice !"},"content":{"rendered":"<p>Il y a quelques jours, les spectateurs de Ici tout commence ont assist\u00e9 au d\u00e9part d\u00a0\u00bbHortense,  interpr\u00e9t\u00e9 par Catherine Davydzenka. Ce d\u00e9part va-t-il entra\u00eener celui de Mehdi (Marvin Pellegrino) ? <\/p>\n<p>Encore un d\u00e9part dans <b>Ici tout commence<\/b>&#8230; Et pas n&rsquo;importe lequel ! L&rsquo;<a href=\"https:\/\/www.programme-tv.net\/news\/series-tv\/376870-ici-tout-commence-on-connait-la-date-du-depart-de-catherine-davydzenka-hortense-et-c-est-pour-bientot\/\" data-api-deeplink=\"teleloisirs:\/\/news\/376870\" target=\"_blank\" rel=\"noopener\">\u00e9pisode de ce lundi 5\u00a0mai 2025 <\/a>a \u00e9t\u00e9 marqu\u00e9 par <a href=\"https:\/\/www.programme-tv.net\/news\/series-tv\/378163-ici-tout-commence-catherine-davydzenka-quitte-la-serie-son-depart-est-il-definitif-on-vous-dit-tout\/\" data-api-deeplink=\"teleloisirs:\/\/news\/378163\" target=\"_blank\" rel=\"noopener\">le d\u00e9part d&rsquo;une actrice embl\u00e9matique d&rsquo;Ici tout commence : <b>Catherine Davydzenka<\/b><\/a>. Comme <a href=\"https:\/\/www.programme-tv.net\/news\/series-tv\/374763-exclu-catherine-davydzenka-quitte-ici-tout-commence-et-change-completement-de-look-photos\/\" data-api-deeplink=\"teleloisirs:\/\/news\/374763\" target=\"_blank\" rel=\"noopener\">T\u00e9l\u00e9-Loisirs l&rsquo;avait annonc\u00e9 en exclusivit\u00e9<\/a> : la com\u00e9dienne a d\u00e9cid\u00e9 de s&rsquo;\u00e9loigner du feuilleton qui l&rsquo;a fait conna\u00eetre. Apr\u00e8s avoir expliqu\u00e9 <a href=\"https:\/\/www.programme-tv.net\/news\/series-tv\/378033-jai-donne-tout-ce-que-je-pouvais-avec-hortense-catherine-davydzenka-ici-tout-commence-devoile-les-vraies-raisons-de-son-depart\/\" data-api-deeplink=\"teleloisirs:\/\/news\/378033\" target=\"_blank\" rel=\"noopener\">les raisons de son d\u00e9part<\/a>, elle nous a d\u00e9voil\u00e9 les contours de <a href=\"https:\/\/www.programme-tv.net\/news\/people\/377180-exclu-on-s-est-lances-catherine-davydzenka-et-stephane-blancafort-nous-devoilent-leur-projet-de-vie-commun\/\" data-api-deeplink=\"teleloisirs:\/\/news\/377180\" target=\"_blank\" rel=\"noopener\">son nouveau \u00ab\u00a0projet de vie\u00a0\u00bb<\/a> avec <a href=\"https:\/\/www.programme-tv.net\/news\/people\/350553-exclu-on-est-tres-amoureux-stephane-blancafort-nous-revele-etre-en-couple-avec-catherine-davydzenka-sa-partenaire-d-ici-tout-commence\/\" data-api-deeplink=\"teleloisirs:\/\/news\/350553\" target=\"_blank\" rel=\"noopener\">son compagnon St\u00e9phane Blancafort<\/a>. Mais quid de<b> Mehdi<\/b>, le compagnon d&rsquo;Hortense incarn\u00e9 par Marvin Pellegrino ? Va-t-il quitter lui aussi la s\u00e9rie de TF1 ?<\/p>\n<p>Ici tout commence : <b>Mehdi (<\/b>Marvin Pellegrino) va-t-il quitter l&rsquo;institut ? On a la r\u00e9ponse<\/p>\n<p>Tout comme <a href=\"https:\/\/www.programme-tv.net\/news\/series-tv\/378035-ici-tout-commence-vic-lou-ladegaillerie-quitte-l-institut-va-t-elle-revenir-on-a-la-reponse\/\" data-api-deeplink=\"teleloisirs:\/\/news\/378035\" target=\"_blank\" rel=\"noopener\">Vic alias Lou Ladegaillerie<\/a>, la r\u00e9ponse est&#8230; non ! \u00ab\u00a0Il reste \u00e0 l\u2019Institut. Pour le moment \u00e7a va \u00eatre une relation \u00e0 distance. Ils ont les week-end pour se voir. Et puis pour la saison prochaine, on est en cours de r\u00e9flexion quant \u00e0 l\u2019avenir de ce personnage, qui termine son master cette ann\u00e9e. On a d\u00e9j\u00e0 des pistes\u00a0\u00bb, a r\u00e9pondu Eglantine Sofianos, productrice d\u2019Ici<b> tout commence<\/b>, au site <a href=\"https:\/\/surnosecrans.com\/2025\/04\/27\/itc-catherine-davydzenka\/\" target=\"_blank\" rel=\"noopener\">Surnos\u00e9crans<\/a>. Vu qu&rsquo;il reste \u00e0 l&rsquo;institut Auguste Armand, Mehdi pourrait-il se rebeller contre Teyssier qui lui en fait voir de toutes les couleurs depuis quelque temps ?<\/p>\n<p>                        Ici tout commence : Entre Mehdi (Marvin Pellegrino) et Teyssier (Benjamin Baroche) c\u2019est un peu \u00ab\u00a0je t\u2019aime moi non plus\u00a0\u00bb<\/p>\n<p>\u00ab\u00a0C\u2019est vrai que c\u2019est une relation qu\u2019on essaie de nourrir de temps en temps puisque, mine de rien, entre Mehdi (Marvin Pellegrino) et Teyssier (Benjamin Baroche) c\u2019est un peu \u00ab\u00a0je t\u2019aime moi non plus\u00a0\u00bb, a indiqu\u00e9 Eglantine Sofianos \u00e0 nos confr\u00e8res. \u00c0 la fois, Teyssier l\u2019admire beaucoup parce qu\u2019il a quand m\u00eame r\u00e9ussi \u00e0 sortir un dessert signature rapidement, et puis si jeune. Et en m\u00eame temps, il le cherche beaucoup, il le pousse dans ses retranchements. Pour Mehdi c\u2019est difficile, mais il sait que Teyssier en faisant \u00e7a cherche \u00e0 le pousser \u00e0 l\u2019excellence, mais effectivement, c\u2019est une relation qu\u2019il faut qu\u2019on creuse davantage\u00a0\u00bb. <\/p>\n","protected":false},"excerpt":{"rendered":"Il y a quelques jours, les spectateurs de Ici tout commence ont assist\u00e9 au d\u00e9part d\u00a0\u00bbHortense, interpr\u00e9t\u00e9 par&hellip;\n","protected":false},"author":2,"featured_media":83511,"comment_status":"","ping_status":"","sticky":false,"template":"","format":"standard","meta":{"footnotes":""},"categories":[1356],"tags":[18648,244,58,59,1011,27,620,19148,252,199,1364],"class_list":{"0":"post-83510","1":"post","2":"type-post","3":"status-publish","4":"format-standard","5":"has-post-thumbnail","7":"category-television","8":"tag-catherine-davydzenka","9":"tag-commentaire","10":"tag-divertissement","11":"tag-entertainment","12":"tag-fr","13":"tag-france","14":"tag-ici-tout-commence","15":"tag-marvin-pellegrino","16":"tag-television","17":"tag-tf1","18":"tag-tv"},"share_on_mastodon":{"url":"https:\/\/pubeurope.com\/@fr\/114470211054023305","error":""},"_links":{"self":[{"href":"https:\/\/www.europesays.com\/fr\/wp-json\/wp\/v2\/posts\/83510","targetHints":{"allow":["GET"]}}],"collection":[{"href":"https:\/\/www.europesays.com\/fr\/wp-json\/wp\/v2\/posts"}],"about":[{"href":"https:\/\/www.europesays.com\/fr\/wp-json\/wp\/v2\/types\/post"}],"author":[{"embeddable":true,"href":"https:\/\/www.europesays.com\/fr\/wp-json\/wp\/v2\/users\/2"}],"replies":[{"embeddable":true,"href":"https:\/\/www.europesays.com\/fr\/wp-json\/wp\/v2\/comments?post=83510"}],"version-history":[{"count":0,"href":"https:\/\/www.europesays.com\/fr\/wp-json\/wp\/v2\/posts\/83510\/revisions"}],"wp:featuredmedia":[{"embeddable":true,"href":"https:\/\/www.europesays.com\/fr\/wp-json\/wp\/v2\/media\/83511"}],"wp:attachment":[{"href":"https:\/\/www.europesays.com\/fr\/wp-json\/wp\/v2\/media?parent=83510"}],"wp:term":[{"taxonomy":"category","embeddable":true,"href":"https:\/\/www.europesays.com\/fr\/wp-json\/wp\/v2\/categories?post=83510"},{"taxonomy":"post_tag","embeddable":true,"href":"https:\/\/www.europesays.com\/fr\/wp-json\/wp\/v2\/tags?post=83510"}],"curies":[{"name":"wp","href":"https:\/\/api.w.org\/{rel}","templated":true}]}}