{"id":83524,"date":"2025-05-08T04:05:10","date_gmt":"2025-05-08T04:05:10","guid":{"rendered":"https:\/\/www.europesays.com\/fr\/83524\/"},"modified":"2025-05-08T04:05:10","modified_gmt":"2025-05-08T04:05:10","slug":"la-prefecture-ordonne-a-nestle-de-retirer-son-systeme-de-filtration-est-ce-la-fin-de-leau-minerale-perrier","status":"publish","type":"post","link":"https:\/\/www.europesays.com\/fr\/83524\/","title":{"rendered":"La pr\u00e9fecture ordonne \u00e0 Nestl\u00e9 de retirer son syst\u00e8me de filtration, est-ce la fin de l\u2019eau min\u00e9rale Perrier\u00a0?"},"content":{"rendered":"<p class=\"paragraph text_align_left\">\u00ab Perrier, c\u2019est fou ! \u00bb Le slogan publicitaire r\u00e9sonne tristement, ce mercredi 7 mai, alors que le dernier rebondissement du long feuilleton du <a href=\"https:\/\/www.leparisien.fr\/societe\/sante\/traitement-illegal-des-eaux-minerales-nestle-vise-par-une-information-judiciaire-pour-tromperie-18-01-2025-7XXPSTLMNFFHLNY6M3WPFPAVTY.php\" target=\"_blank\" rel=\"noopener\">traitement des eaux min\u00e9rales Nestl\u00e9<\/a> pose d\u00e9sormais la question de la p\u00e9rennit\u00e9 de la marque n\u00e9e\u2026 au XIXe si\u00e8cle.<\/p>\n<p class=\"paragraph text_align_left\">La pr\u00e9fecture du <a href=\"https:\/\/www.leparisien.fr\/gard-30\/\" target=\"_blank\" rel=\"noopener\">Gard<\/a> a intim\u00e9 \u00e0 Nestl\u00e9 Waters de \u00ab retirer dans un d\u00e9lai de deux mois \u00bb le syst\u00e8me de microfiltration de son eau min\u00e9rale Perrier, \u00e0 Verg\u00e8ze. Alors que les dirigeants de la filiale eau du g\u00e9ant suisse \u00e9taient convoqu\u00e9s en fin d\u2019apr\u00e8s-midi en pr\u00e9fecture <a href=\"https:\/\/www.leparisien.fr\/economie\/consommation\/nouvelles-contaminations-risque-de-declassement-les-deboires-saccumulent-pour-perrier-19-04-2025-LZXH65WLFRHRTD3EP2LU6BWRSQ.php\" target=\"_blank\" rel=\"noopener\">apr\u00e8s un nouvel \u00e9pisode de contamination<\/a> dans l\u2019usine.<\/p>\n","protected":false},"excerpt":{"rendered":"\u00ab Perrier, c\u2019est fou ! \u00bb Le slogan publicitaire r\u00e9sonne tristement, ce mercredi 7 mai, alors que le&hellip;\n","protected":false},"author":2,"featured_media":83525,"comment_status":"","ping_status":"","sticky":false,"template":"","format":"standard","meta":{"footnotes":""},"categories":[6],"tags":[35,33,34,1011,27,3746,104],"class_list":{"0":"post-83524","1":"post","2":"type-post","3":"status-publish","4":"format-standard","5":"has-post-thumbnail","7":"category-economie","8":"tag-business","9":"tag-economie","10":"tag-economy","11":"tag-fr","12":"tag-france","13":"tag-futurs","14":"tag-societe"},"share_on_mastodon":{"url":"https:\/\/pubeurope.com\/@fr\/114470238548695722","error":""},"_links":{"self":[{"href":"https:\/\/www.europesays.com\/fr\/wp-json\/wp\/v2\/posts\/83524","targetHints":{"allow":["GET"]}}],"collection":[{"href":"https:\/\/www.europesays.com\/fr\/wp-json\/wp\/v2\/posts"}],"about":[{"href":"https:\/\/www.europesays.com\/fr\/wp-json\/wp\/v2\/types\/post"}],"author":[{"embeddable":true,"href":"https:\/\/www.europesays.com\/fr\/wp-json\/wp\/v2\/users\/2"}],"replies":[{"embeddable":true,"href":"https:\/\/www.europesays.com\/fr\/wp-json\/wp\/v2\/comments?post=83524"}],"version-history":[{"count":0,"href":"https:\/\/www.europesays.com\/fr\/wp-json\/wp\/v2\/posts\/83524\/revisions"}],"wp:featuredmedia":[{"embeddable":true,"href":"https:\/\/www.europesays.com\/fr\/wp-json\/wp\/v2\/media\/83525"}],"wp:attachment":[{"href":"https:\/\/www.europesays.com\/fr\/wp-json\/wp\/v2\/media?parent=83524"}],"wp:term":[{"taxonomy":"category","embeddable":true,"href":"https:\/\/www.europesays.com\/fr\/wp-json\/wp\/v2\/categories?post=83524"},{"taxonomy":"post_tag","embeddable":true,"href":"https:\/\/www.europesays.com\/fr\/wp-json\/wp\/v2\/tags?post=83524"}],"curies":[{"name":"wp","href":"https:\/\/api.w.org\/{rel}","templated":true}]}}