{"id":83528,"date":"2025-05-08T04:07:09","date_gmt":"2025-05-08T04:07:09","guid":{"rendered":"https:\/\/www.europesays.com\/fr\/83528\/"},"modified":"2025-05-08T04:07:09","modified_gmt":"2025-05-08T04:07:09","slug":"feu-vert-des-deputes-pour-reguler-linstallation-des-medecins","status":"publish","type":"post","link":"https:\/\/www.europesays.com\/fr\/83528\/","title":{"rendered":"feu vert des d\u00e9put\u00e9s pour r\u00e9guler l&rsquo;installation des m\u00e9decins"},"content":{"rendered":"<p class=\"fig-paragraph\">Les d\u00e9put\u00e9s ont approuv\u00e9 mercredi 7 mai au soir en premi\u00e8re lecture une proposition de loi visant \u00e0 r\u00e9guler l&rsquo;installation des m\u00e9decins pour lutter contre les\u00a0<a href=\"https:\/\/www.lefigaro.fr\/tag\/deserts-medicaux\" target=\"_blank\" rel=\"noopener\" data-gtm-custom-categorie=\"navigation\" data-gtm-custom-action=\"crossclick\" data-gtm-custom-label=\"Contextuel\" data-gtm-event=\"customEventSPE\">d\u00e9serts m\u00e9dicaux<\/a>. Le texte, port\u00e9 par un groupe transpartisan de plus de 250 d\u00e9put\u00e9s allant de LFI \u00e0 pr\u00e8s d&rsquo;un tiers du groupe LR et auquel la profession et le gouvernement \u00e9taient oppos\u00e9s, a \u00e9t\u00e9 adopt\u00e9 tr\u00e8s largement par 99 voix contre 9.<\/p>\n<p class=\"fig-paragraph\">\u00abNous disons souvent que lorsque les d\u00e9serts m\u00e9dicaux avancent, c&rsquo;est la R\u00e9publique qui recule. Ce soir, nous avons remis un peu de R\u00e9publique dans notre organisation collective, cette R\u00e9publique qui doit veiller sur chacun de nous, qui que nous soyons, o\u00f9 que nous habitions, parce que notre sant\u00e9 ne peut pas d\u00e9pendre de notre code postal\u00bb, a d\u00e9clar\u00e9 \u00e0 l&rsquo;issue du vote son rapporteur, le d\u00e9put\u00e9 socialiste Guillaume Garot.<\/p>\n<p class=\"fig-paragraph\">Adopt\u00e9 \u00e0 l\u2019Assembl\u00e9e, le texte doit poursuivre sa navette au S\u00e9nat en trouvant de la place dans le calendrier, probablement \u00e0 partir de l\u2019automne, alors que la chambre basse va \u00e9tudier \u00e0 partir de lundi sa propre proposition de loi contre les p\u00e9nuries de m\u00e9decins dans les territoires. Le texte est vu d\u2019un bon \u0153il par le gouvernement qui pourrait tenter d\u2019y introduire son plan anti-d\u00e9serts m\u00e9dicaux, il a notamment activ\u00e9 la \u00abproc\u00e9dure acc\u00e9l\u00e9r\u00e9e\u00bb d\u2019examen, pour r\u00e9duire la dur\u00e9e du parcours l\u00e9gislatif de cette initiative.<\/p>\n<p class=\"fig-paragraph\">Le texte de la droite s\u00e9natoriale partage la philosophie de l\u2019ex\u00e9cutif, qui rechigne \u00e0 opter pour une r\u00e9gulation coercitive: ils proposent que dans les zones les mieux pourvues en praticiens, l\u2019installation des g\u00e9n\u00e9ralistes serait conditionn\u00e9e \u00e0 leur exercice en parall\u00e8le \u00e0 temps partiel dans une zone en d\u00e9ficit de soignants.<\/p>\n","protected":false},"excerpt":{"rendered":"Les d\u00e9put\u00e9s ont approuv\u00e9 mercredi 7 mai au soir en premi\u00e8re lecture une proposition de loi visant \u00e0&hellip;\n","protected":false},"author":2,"featured_media":83529,"comment_status":"","ping_status":"","sticky":false,"template":"","format":"standard","meta":{"footnotes":""},"categories":[4],"tags":[1111,47,11,1109,1112,19150,118,1108,107,1106,1107,1011,27,1110,1114,14,12,1113,316,25],"class_list":{"0":"post-83528","1":"post","2":"type-post","3":"status-publish","4":"format-standard","5":"has-post-thumbnail","7":"category-france","8":"tag-actu","9":"tag-actualite","10":"tag-actualites","11":"tag-breves","12":"tag-depeches","13":"tag-desert-medical","14":"tag-faits-divers","15":"tag-fil","16":"tag-fil-info","17":"tag-flash","18":"tag-flash-actu","19":"tag-fr","20":"tag-france","21":"tag-informations","22":"tag-infos","23":"tag-international","24":"tag-news","25":"tag-nouvelles","26":"tag-politique","27":"tag-republique-francaise"},"share_on_mastodon":{"url":"https:\/\/pubeurope.com\/@fr\/114470246369564689","error":""},"_links":{"self":[{"href":"https:\/\/www.europesays.com\/fr\/wp-json\/wp\/v2\/posts\/83528","targetHints":{"allow":["GET"]}}],"collection":[{"href":"https:\/\/www.europesays.com\/fr\/wp-json\/wp\/v2\/posts"}],"about":[{"href":"https:\/\/www.europesays.com\/fr\/wp-json\/wp\/v2\/types\/post"}],"author":[{"embeddable":true,"href":"https:\/\/www.europesays.com\/fr\/wp-json\/wp\/v2\/users\/2"}],"replies":[{"embeddable":true,"href":"https:\/\/www.europesays.com\/fr\/wp-json\/wp\/v2\/comments?post=83528"}],"version-history":[{"count":0,"href":"https:\/\/www.europesays.com\/fr\/wp-json\/wp\/v2\/posts\/83528\/revisions"}],"wp:featuredmedia":[{"embeddable":true,"href":"https:\/\/www.europesays.com\/fr\/wp-json\/wp\/v2\/media\/83529"}],"wp:attachment":[{"href":"https:\/\/www.europesays.com\/fr\/wp-json\/wp\/v2\/media?parent=83528"}],"wp:term":[{"taxonomy":"category","embeddable":true,"href":"https:\/\/www.europesays.com\/fr\/wp-json\/wp\/v2\/categories?post=83528"},{"taxonomy":"post_tag","embeddable":true,"href":"https:\/\/www.europesays.com\/fr\/wp-json\/wp\/v2\/tags?post=83528"}],"curies":[{"name":"wp","href":"https:\/\/api.w.org\/{rel}","templated":true}]}}