{"id":83587,"date":"2025-05-08T04:39:36","date_gmt":"2025-05-08T04:39:36","guid":{"rendered":"https:\/\/www.europesays.com\/fr\/83587\/"},"modified":"2025-05-08T04:39:36","modified_gmt":"2025-05-08T04:39:36","slug":"tournez-un-film-avec-un-comedien-handicape","status":"publish","type":"post","link":"https:\/\/www.europesays.com\/fr\/83587\/","title":{"rendered":"tournez un film avec un com\u00e9dien handicap\u00e9"},"content":{"rendered":"<p style=\"font-style: italic\" itemprop=\"description\">1 semaine pour cr\u00e9er un film de moins de 10 minutes, c&rsquo;est le d\u00e9fi lanc\u00e9 dans le cadre du concours \u00c7a tourne en IDF ! Sujet impos\u00e9 en 2025 ? \u00ab\u00a0Rien ne m&rsquo;arr\u00eate\u00a0\u00bb, avec l&rsquo;obligation d&rsquo;inclure un com\u00e9dien handicap\u00e9. Jusqu&rsquo;au 30 d\u00e9cembre pour s&rsquo;inscrire !<\/p>\n<p>Vous avez des histoires plein la t\u00eate ? Vous \u00eates r\u00e9alisateur, com\u00e9dien, sc\u00e9nariste, technicien, compositeur ou \u00e9tudiant en cin\u00e9ma ?\u00a0Participez au concours \u00ab\u00a0\u00c7a tourne en Ile-de-France\u00a0\u00bb et r\u00e9alisez ensemble un film en sept jours ! En 2025, les r\u00e8gles \u00e9voluent\u00a0: le sujet impos\u00e9 est \u00ab\u00a0Rien ne m&rsquo;arr\u00eate\u00a0!\u00a0\u00bb, avec l&rsquo;obligation d&rsquo;\u00e9crire un \u00ab\u00a0vrai r\u00f4le\u00a0\u00bb pour un com\u00e9dien en situation de handicap. Vous \u00eates pr\u00e9venus, pas de figuration ni de \u00ab\u00a0silhouette parlante\u00a0\u00bb\u00a0!<\/p>\n<p>\u00ab\u00a0Il est aussi fortement recommand\u00e9 d&rsquo;accueillir un ou plusieurs techniciens, mais aussi des sc\u00e9naristes, compositeurs en situation de handicap au sein des \u00e9quipes de tournage\u00a0\u00bb, ajoutent les organisateurs.<\/p>\n<p><strong>Une ultime contrainte d\u00e9voil\u00e9e le 3 janvier<\/strong><\/p>\n<p>Int\u00e9ress\u00e9s\u00a0?  <a href=\"https:\/\/docs.google.com\/forms\/d\/e\/1FAIpQLSdV5WWJqoyhqE8duwZ02O6wURwNOkyk0dnOtBQNf4CQgWSwcQ\/viewform\" onclick=\"javascript:tracking_innerlink(&#039;37541&#039;,&#039;&#039;,&#039;Lien_page&#039;,&#039;https:\/\/docs.google.com\/forms\/d\/e\/1FAIpQLSdV5WWJqoyhqE8duwZ02O6wURwNOkyk0dnOtBQNf4CQgWSwcQ\/viewform&#039;,&#039;https:\/\/www.handicap.fr\/tracking.php?s=1&#039;);\" target=\"_blank\" rel=\"noopener\">Inscrivez-vous en ligne<\/a> jusqu&rsquo;au 30 d\u00e9cembre 2024\u00a0! Puis rendez-vous le 3 janvier \u00e0 9h, au Cin\u00e9ma 7 Batignolles (Paris 17e), pour rencontrer les autres participants et d\u00e9couvrir l&rsquo;ultime contrainte de r\u00e9alisation. Vous disposerez\u00a0ensuite d&rsquo;une semaine,\u00a0soit jusqu&rsquo;au 10 janvier 2025, 13h, pour r\u00e9aliser, finaliser et rendre un court m\u00e9trage de fiction\u00a0(prise de vues r\u00e9elles ou animation),\u00a0d&rsquo;une dur\u00e9e comprise entre 2 et 10 minutes (g\u00e9n\u00e9rique inclus), et tourn\u00e9 en \u00cele-de-France.<\/p>\n<p><strong>1 000 euros \u00e0 la cl\u00e9<\/strong><\/p>\n<p>Les films s\u00e9lectionn\u00e9s seront projet\u00e9s le 16 janvier 2025, lors du 19e Festival Paris courts devant, qui vise \u00e0 mettre en lumi\u00e8re les cr\u00e9ations cin\u00e9matographique et audiovisuelle \u00e9mergentes et \u00e0 favoriser la rencontre entre leurs auteurs. Deux laur\u00e9ats\u00a0seront annonc\u00e9s d\u00e8s le lendemain lors de la c\u00e9r\u00e9monie de cl\u00f4ture. Le premier remportera 1 000 euros, offerts par le minist\u00e8re de la Culture.\u00a0Le second recevra le prix \u00ab\u00a0Maison du film \u00bb,\u00a0soit l&rsquo;adh\u00e9sion offerte pendant un an \u00e0 l&rsquo;organisme\u00a0\u00e9ponyme, ainsi que la promotion et diffusion de son film pendant deux semaines et l&rsquo;\u00e9ligibilit\u00e9 \u00e0 la pr\u00e9s\u00e9lection de son prix,\u00a0\u00ab\u00a0Label\u00a0Film \u00bb.<\/p>\n<p>Tous les films seront ensuite h\u00e9berg\u00e9s sur les sites  <a href=\"https:\/\/www.courtsdevant.com\" onclick=\"javascript:tracking_innerlink(&#039;37541&#039;,&#039;&#039;,&#039;Lien_page&#039;,&#039;https:\/\/www.courtsdevant.com&#039;,&#039;https:\/\/www.handicap.fr\/tracking.php?s=1&#039;);\" target=\"_blank\" rel=\"noopener\">courtsdevant.com<\/a>\u00a0et  <a href=\"https:\/\/www.handicap.live\/home\" onclick=\"javascript:tracking_innerlink(&#039;37541&#039;,&#039;&#039;,&#039;Lien_page&#039;,&#039;https:\/\/www.handicap.live\/home&#039;,&#039;https:\/\/www.handicap.fr\/tracking.php?s=1&#039;);\" target=\"_blank\" rel=\"noopener\">handicap.live<\/a>.<\/p>\n<p>\u00a9 \u00c7a tourne en \u00cele-de-France<\/p>\n<p>\u00ab\u00a0Tous droits de reproduction et de repr\u00e9sentation r\u00e9serv\u00e9s.\u00a9 Handicap.fr. Cet article a \u00e9t\u00e9 r\u00e9dig\u00e9 par Cassandre Rogeret, journaliste Handicap.fr\u00a0\u00bb<\/p>\n<p>\n\t\tTh\u00e8mes : <\/p>\n","protected":false},"excerpt":{"rendered":"1 semaine pour cr\u00e9er un film de moins de 10 minutes, c&rsquo;est le d\u00e9fi lanc\u00e9 dans le cadre&hellip;\n","protected":false},"author":2,"featured_media":83588,"comment_status":"","ping_status":"","sticky":false,"template":"","format":"standard","meta":{"footnotes":""},"categories":[1592],"tags":[1111,11,19159,903,1777,674,2081,1011,27,1943,662,12,626,25],"class_list":{"0":"post-83587","1":"post","2":"type-post","3":"status-publish","4":"format-standard","5":"has-post-thumbnail","7":"category-ile-de-france","8":"tag-actu","9":"tag-actualites","10":"tag-ca-tourne-en-ile-de-france","11":"tag-concours","12":"tag-eu","13":"tag-europe","14":"tag-film","15":"tag-fr","16":"tag-france","17":"tag-handicap","18":"tag-ile-de-france","19":"tag-news","20":"tag-paris","21":"tag-republique-francaise"},"share_on_mastodon":{"url":"https:\/\/pubeurope.com\/@fr\/114470372215021832","error":""},"_links":{"self":[{"href":"https:\/\/www.europesays.com\/fr\/wp-json\/wp\/v2\/posts\/83587","targetHints":{"allow":["GET"]}}],"collection":[{"href":"https:\/\/www.europesays.com\/fr\/wp-json\/wp\/v2\/posts"}],"about":[{"href":"https:\/\/www.europesays.com\/fr\/wp-json\/wp\/v2\/types\/post"}],"author":[{"embeddable":true,"href":"https:\/\/www.europesays.com\/fr\/wp-json\/wp\/v2\/users\/2"}],"replies":[{"embeddable":true,"href":"https:\/\/www.europesays.com\/fr\/wp-json\/wp\/v2\/comments?post=83587"}],"version-history":[{"count":0,"href":"https:\/\/www.europesays.com\/fr\/wp-json\/wp\/v2\/posts\/83587\/revisions"}],"wp:featuredmedia":[{"embeddable":true,"href":"https:\/\/www.europesays.com\/fr\/wp-json\/wp\/v2\/media\/83588"}],"wp:attachment":[{"href":"https:\/\/www.europesays.com\/fr\/wp-json\/wp\/v2\/media?parent=83587"}],"wp:term":[{"taxonomy":"category","embeddable":true,"href":"https:\/\/www.europesays.com\/fr\/wp-json\/wp\/v2\/categories?post=83587"},{"taxonomy":"post_tag","embeddable":true,"href":"https:\/\/www.europesays.com\/fr\/wp-json\/wp\/v2\/tags?post=83587"}],"curies":[{"name":"wp","href":"https:\/\/api.w.org\/{rel}","templated":true}]}}