{"id":835921,"date":"2026-03-30T15:40:14","date_gmt":"2026-03-30T15:40:14","guid":{"rendered":"https:\/\/www.europesays.com\/fr\/835921\/"},"modified":"2026-03-30T15:40:14","modified_gmt":"2026-03-30T15:40:14","slug":"international-je-suis-devaste-le-pilier-des-all-blacks-tamaiti-williams-hospitalise-en-raison-dune-grave-infection-au-niveau-du-dos","status":"publish","type":"post","link":"https:\/\/www.europesays.com\/fr\/835921\/","title":{"rendered":"International \u2013 \u00ab\u00a0Je suis d\u00e9vast\u00e9\u00a0\u00bb\u00a0: le pilier des All Blacks Tamaiti Williams hospitalis\u00e9 en raison d&rsquo;une grave infection au niveau du dos"},"content":{"rendered":"<p>\n                Le pilier n\u00e9o-z\u00e9landais Tamaiti Williams va passer ses prochains mois loin des terrains de rugby. Le joueur des Crusaders a \u00e9t\u00e9 hospitalis\u00e9 en raison d\u2019une grave infection au dos. Il a donn\u00e9 de ses nouvelles ce lundi.\n            <\/p>\n<p>C\u2019est sans Tamaiti Williams que les Crusaders finiront la saison de Super Rugby. Ce lundi, la franchise de Christchurch a annonc\u00e9 le forfait du pilier international (25 ans, 27 s\u00e9lections) pour les prochains mois, en raison d\u2019une grave infection au niveau du dos. Le colosse (1,96m, 140kg), qui a \u00e9t\u00e9 <strong><a href=\"https:\/\/www.rugbyrama.fr\/2025\/07\/04\/tournee-en-nouvelle-zelande-la-polemique-tamaiti-williams-une-finale-de-super-rugby-mais-pas-de-tournee-12805438.php\" target=\"_self\" rel=\"nofollow noopener\">un des grands artisans du titre des Crusaders<\/a><\/strong> en Super Rugby l\u2019an pass\u00e9, souffre d\u2019une\u00a0discite. Il s\u2019agit d\u2019une infection des disques intervert\u00e9braux, qui entra\u00eene souvent des maux de dos, de la fi\u00e8vre et des probl\u00e8mes de mobilit\u00e9. Un probl\u00e8me grave, pour lequel le pilier a \u00e9t\u00e9 hospitalis\u00e9, afin de recevoir des traitements m\u00e9dicaux. \u00ab\u00a0Il restera sous \u00e9troite surveillance m\u00e9dicale jusqu\u2019\u00e0 ce que son \u00e9tat soit suffisamment stable pour lui permettre de rentrer chez lui\u00a0\u00bb, a inform\u00e9 sa franchise.<\/p>\n<blockquote data-instgrm-captioned=\"\" data-instgrm-permalink=\"https:\/\/www.instagram.com\/reel\/DWeyJgpz7tK\/?utm_source=ig_embed&amp;utm_campaign=loading\" data-instgrm-version=\"14\" style=\" background:#FFF; border:0; border-radius:3px; box-shadow:0 0 1px 0 rgba(0,0,0,0.5),0 1px 10px 0 rgba(0,0,0,0.15); margin: 1px; max-width:540px; min-width:326px; padding:0; width:99.375%; width:-webkit-calc(100% - 2px); width:calc(100% - 2px);\" data-class=\"instagram-media\"\/>\n<p>Forfait face aux Bleus en juillet\u00a0?<\/p>\n<p>De son c\u00f4t\u00e9, le joueur s\u2019est dit \u00ab\u00a0d\u00e9vast\u00e9, mais\u00a0aussi reconnaissant que les nouvelles ne sont pas aussi mauvaises qu\u2019elles auraient pu l\u2019\u00eatre.\u00a0\u00c0 l\u2019h\u00f4pital, on voit beaucoup de choses, et \u00e7a nous fait r\u00e9aliser \u00e0 quel point cet endroit est l\u00e0 pour nous sauver. On m\u2019a dit que j\u2019allais gu\u00e9rir compl\u00e8tement, et j\u2019en suis reconnaissant.\u00a0\u00bb\u00a0Alors qu\u2019il semble impossible de donner une date de retour sur les terrains, Williams est donc grandement incertain pour le premier match du\u00a0Championnat des\u00a0Nations face au XV de France, le 4\u00a0juillet.<\/p>\n<p>                    <script async src=\"\/\/www.instagram.com\/embed.js\"><\/script><\/p>\n","protected":false},"excerpt":{"rendered":"Le pilier n\u00e9o-z\u00e9landais Tamaiti Williams va passer ses prochains mois loin des terrains de rugby. Le joueur des&hellip;\n","protected":false},"author":2,"featured_media":835922,"comment_status":"","ping_status":"","sticky":false,"template":"","format":"standard","meta":{"footnotes":""},"categories":[1416],"tags":[1011,27,14,479,1468,60],"class_list":{"0":"post-835921","1":"post","2":"type-post","3":"status-publish","4":"format-standard","5":"has-post-thumbnail","7":"category-rugby","8":"tag-fr","9":"tag-france","10":"tag-international","11":"tag-rugby","12":"tag-rugby-football","13":"tag-sports"},"share_on_mastodon":{"url":"https:\/\/pubeurope.com\/@fr\/116318884794911215","error":""},"_links":{"self":[{"href":"https:\/\/www.europesays.com\/fr\/wp-json\/wp\/v2\/posts\/835921","targetHints":{"allow":["GET"]}}],"collection":[{"href":"https:\/\/www.europesays.com\/fr\/wp-json\/wp\/v2\/posts"}],"about":[{"href":"https:\/\/www.europesays.com\/fr\/wp-json\/wp\/v2\/types\/post"}],"author":[{"embeddable":true,"href":"https:\/\/www.europesays.com\/fr\/wp-json\/wp\/v2\/users\/2"}],"replies":[{"embeddable":true,"href":"https:\/\/www.europesays.com\/fr\/wp-json\/wp\/v2\/comments?post=835921"}],"version-history":[{"count":0,"href":"https:\/\/www.europesays.com\/fr\/wp-json\/wp\/v2\/posts\/835921\/revisions"}],"wp:featuredmedia":[{"embeddable":true,"href":"https:\/\/www.europesays.com\/fr\/wp-json\/wp\/v2\/media\/835922"}],"wp:attachment":[{"href":"https:\/\/www.europesays.com\/fr\/wp-json\/wp\/v2\/media?parent=835921"}],"wp:term":[{"taxonomy":"category","embeddable":true,"href":"https:\/\/www.europesays.com\/fr\/wp-json\/wp\/v2\/categories?post=835921"},{"taxonomy":"post_tag","embeddable":true,"href":"https:\/\/www.europesays.com\/fr\/wp-json\/wp\/v2\/tags?post=835921"}],"curies":[{"name":"wp","href":"https:\/\/api.w.org\/{rel}","templated":true}]}}