{"id":83615,"date":"2025-05-08T04:54:12","date_gmt":"2025-05-08T04:54:12","guid":{"rendered":"https:\/\/www.europesays.com\/fr\/83615\/"},"modified":"2025-05-08T04:54:12","modified_gmt":"2025-05-08T04:54:12","slug":"sausheim-miss-ronde-france-et-miss-top-curvy-universe-sur-le-podium-de-leden-samedi-10-mai","status":"publish","type":"post","link":"https:\/\/www.europesays.com\/fr\/83615\/","title":{"rendered":"Sausheim. Miss Ronde France et Miss Top Curvy Universe sur le podium de l&rsquo;Eden samedi 10\u00a0mai"},"content":{"rendered":"<p>Les femmes rondes aussi ont leurs concours de beaut\u00e9. Ce samedi 10\u00a0mai, la salle l\u2019Eden, \u00e0 Sausheim, accueillera Miss Ronde France et Miss Top Curvy Universe. Les neuf femmes en lice pour le concours fran\u00e7ais, venues des quatre coins du pays, de l\u2019Alsace \u00e0 la R\u00e9union en passant par la Bretagne et la Guadeloupe, se sont retrouv\u00e9es ce mercredi 7\u00a0mai \u00e0 Mulhouse pour \u00ab\u00a0apprendre \u00e0 se conna\u00eetre, commencer les essayages et les r\u00e9p\u00e9titions\u00a0\u00bb, lance Sophie Abenzoar, g\u00e9rante de l\u2019agence Magnificent beauties, qui g\u00e8re l\u2019organisation des concours.<\/p>\n<p>  Des concours militants<\/p>\n<p>Par \u201cfemme ronde\u201d, le concours entend toute femme dont le poids d\u00e9passe de 6 les centim\u00e8tres de la taille. Le seul autre crit\u00e8re est d\u2019avoir entre 16 et 60 ans, \u00ab\u00a0mais c\u2019est flexible\u00a0\u00bb. \u00ab\u00a0Cette ann\u00e9e, j\u2019ai une candidate magnifique de 62 ans, je ne lui en donnais m\u00eame pas 30\u00a0\u00bb, s\u2019amuse Sophie Abenzoar. R\u00e9solument militants, les concours ne rapportent rien \u00e0 la soci\u00e9t\u00e9 organisatrice. Sophie Abenzoar casse la tirelire pour organiser la soir\u00e9e \u00e0 l\u2019Eden. \u00ab\u00a0Quand j\u2019ai commenc\u00e9 \u00e0 faire Miss Ronde Alsace en 2011, des salles me disaient\u00a0: \u201cOn ne veut pas de gens comme \u00e7a chez nous\u201d. Pouvoir le faire dans cette salle, c\u2019est une chance\u00a0\u00bb, se f\u00e9licite Sophie.<\/p>\n<p class=\"note\">Espace Dollfus et Noack (Eden), 20a rue Jean-de-la-Fontaine \u00e0 Sausheim, samedi 10\u00a0mai, \u00e0 20\u00a0h. Entr\u00e9e 20\u00a0\u20ac, 12\u00a0\u20ac pour les moins de 16 ans.<\/p>\n","protected":false},"excerpt":{"rendered":"Les femmes rondes aussi ont leurs concours de beaut\u00e9. Ce samedi 10\u00a0mai, la salle l\u2019Eden, \u00e0 Sausheim, accueillera&hellip;\n","protected":false},"author":2,"featured_media":83616,"comment_status":"","ping_status":"","sticky":false,"template":"","format":"standard","meta":{"footnotes":""},"categories":[4],"tags":[11,2389,1687,1636,107,1011,27,12,25,19160,104,11677],"class_list":{"0":"post-83615","1":"post","2":"type-post","3":"status-publish","4":"format-standard","5":"has-post-thumbnail","7":"category-france","8":"tag-actualites","9":"tag-alsace","10":"tag-culture-loisirs","11":"tag-edition-mulhouse-thann","12":"tag-fil-info","13":"tag-fr","14":"tag-france","15":"tag-news","16":"tag-republique-francaise","17":"tag-sausheim","18":"tag-societe","19":"tag-tout-autour-de-mulhouse"},"share_on_mastodon":{"url":"https:\/\/pubeurope.com\/@fr\/114470431157582936","error":""},"_links":{"self":[{"href":"https:\/\/www.europesays.com\/fr\/wp-json\/wp\/v2\/posts\/83615","targetHints":{"allow":["GET"]}}],"collection":[{"href":"https:\/\/www.europesays.com\/fr\/wp-json\/wp\/v2\/posts"}],"about":[{"href":"https:\/\/www.europesays.com\/fr\/wp-json\/wp\/v2\/types\/post"}],"author":[{"embeddable":true,"href":"https:\/\/www.europesays.com\/fr\/wp-json\/wp\/v2\/users\/2"}],"replies":[{"embeddable":true,"href":"https:\/\/www.europesays.com\/fr\/wp-json\/wp\/v2\/comments?post=83615"}],"version-history":[{"count":0,"href":"https:\/\/www.europesays.com\/fr\/wp-json\/wp\/v2\/posts\/83615\/revisions"}],"wp:featuredmedia":[{"embeddable":true,"href":"https:\/\/www.europesays.com\/fr\/wp-json\/wp\/v2\/media\/83616"}],"wp:attachment":[{"href":"https:\/\/www.europesays.com\/fr\/wp-json\/wp\/v2\/media?parent=83615"}],"wp:term":[{"taxonomy":"category","embeddable":true,"href":"https:\/\/www.europesays.com\/fr\/wp-json\/wp\/v2\/categories?post=83615"},{"taxonomy":"post_tag","embeddable":true,"href":"https:\/\/www.europesays.com\/fr\/wp-json\/wp\/v2\/tags?post=83615"}],"curies":[{"name":"wp","href":"https:\/\/api.w.org\/{rel}","templated":true}]}}