{"id":83623,"date":"2025-05-08T05:01:18","date_gmt":"2025-05-08T05:01:18","guid":{"rendered":"https:\/\/www.europesays.com\/fr\/83623\/"},"modified":"2025-05-08T05:01:18","modified_gmt":"2025-05-08T05:01:18","slug":"carlos-sainz-envisage-detre-candidat-a-la-presidence-de-la-fia","status":"publish","type":"post","link":"https:\/\/www.europesays.com\/fr\/83623\/","title":{"rendered":"Carlos Sainz envisage d&rsquo;\u00eatre candidat \u00e0 la pr\u00e9sidence de la FIA"},"content":{"rendered":"<p><a href=\"https:\/\/fr.motorsport.com\/driver\/carlos-sainz-sr\/76914\/\" rel=\"nofollow noopener\" target=\"_blank\">Carlos Sainz<\/a> envisage de se pr\u00e9senter face \u00e0 Mohammed Ben Sulayem pour devenir le prochain pr\u00e9sident de la FIA. Des sources proches du double champion du monde des rallyes et quadruple vainqueur du Dakar indiquent que plusieurs figures influentes du monde du sport automobile l&rsquo;ont approch\u00e9 pour qu&rsquo;il se pr\u00e9sente \u00e0 la pr\u00e9sidence de la FIA.<\/p>\n<p>D&rsquo;apr\u00e8s les informations de <strong>Motorsport.com<\/strong>, Carlos Sainz Sr, p\u00e8re du pilote de Formule 1 <a href=\"https:\/\/fr.motorsport.com\/driver\/carlos-sainz-jr\/91450\/\" rel=\"nofollow noopener\" target=\"_blank\">Carlos Sainz Jr<\/a>, envisage d\u00e9sormais s\u00e9rieusement de se porter candidat contre Mohammed Ben Sulayem, dont le mandat \u00e0 la t\u00eate de l&rsquo;instance internationale a \u00e9t\u00e9 marqu\u00e9 par de nombreuses controverses.<\/p>\n<p>Si Carlos Sainz, 63 ans, d\u00e9cidait de se lancer dans la campagne face \u00e0 un candidat qui a le m\u00eame \u00e2ge et qui est aussi un ancien pilote de rallye, des sources indiquent qu&rsquo;il le ferait pour \u00ab\u00a0proposer un programme positif et constructif\u00a0\u00bb afin d&rsquo;offrir une alternative aux d\u00e9l\u00e9gu\u00e9s de la FIA lors de la prochaine \u00e9lection pr\u00e9sidentielle.<\/p>\n<p>Mohammed Ben Sulayem a \u00e9t\u00e9 \u00e9lu pr\u00e9sident fin 2021, succ\u00e9dant \u00e0 Jean Todt, qui avait occup\u00e9 le poste pendant douze ans. La prochaine \u00e9lection est pr\u00e9vue \u00e0 la fin de l&rsquo;ann\u00e9e, mais aucune date officielle n&rsquo;a encore \u00e9t\u00e9 fix\u00e9e.<\/p>\n<p>En d\u00e9but d&rsquo;ann\u00e9e, des rumeurs avaient circul\u00e9 au sujet d&rsquo;une possible candidature de Susie Wolff, directrice g\u00e9n\u00e9rale de la F1 Academy, mais elles ont depuis \u00e9t\u00e9 d\u00e9menties.<\/p>\n<p>Le mandat de Mohammed Ben Sulayem a \u00e9t\u00e9 secou\u00e9 par une s\u00e9rie de pol\u00e9miques. R\u00e9cemment, plusieurs cadres de haut rang ont quitt\u00e9 la FIA. Robert Reid, vice-pr\u00e9sident en charge du sport, <a href=\"https:\/\/fr.motorsport.com\/f1\/news\/reid-denoncer-traitement-injuste-demissionner-FIA\/10714153\/\" target=\"_blank\" rel=\"noopener nofollow\">a d\u00e9missionn\u00e9 le mois dernier<\/a>, d\u00e9non\u00e7ant \u00ab\u00a0une rupture fondamentale des standards de gouvernance\u00a0\u00bb et \u00ab\u00a0des d\u00e9cisions critiques prises sans respecter les proc\u00e9dures appropri\u00e9es\u00a0\u00bb.<\/p>\n<p>   <img decoding=\"async\" draggable=\"false\" src=\"https:\/\/www.europesays.com\/fr\/wp-content\/uploads\/2025\/05\/carlos-sainz-sr.jpg\" alt=\"Carlos Sainz r\u00e9fl\u00e9chit \u00e0 la possibilit\u00e9 d'une candidature.\" width=\"1200\" height=\"800\" loading=\"lazy\"\/> <\/p>\n<p class=\"title\">Carlos Sainz r\u00e9fl\u00e9chit \u00e0 la possibilit\u00e9 d&rsquo;une candidature.<\/p>\n<p class=\"photographer\">Photo de: Kym Illman \/ Getty Images<\/p>\n<p>En f\u00e9vrier, plusieurs membres de la FIA ont \u00e9t\u00e9 exclus d&rsquo;une r\u00e9union du Conseil mondial apr\u00e8s avoir refus\u00e9 de signer une clause de confidentialit\u00e9. Parmi eux figuraient Robert Reid et David Richards, repr\u00e9sentant du Royaume-Uni. David Richards a ensuite publi\u00e9 <a href=\"https:\/\/fr.motorsport.com\/f1\/news\/gouvernance-fia-charge-explosive-david-richards\/10700760\/\" target=\"_self\" rel=\"noopener nofollow\">une lettre ouverte<\/a> dans laquelle il exprimait l&rsquo;inqui\u00e9tude croissante de nombreux acteurs quant \u00e0 la gouvernance de la FIA.<\/p>\n<p>\u00ab\u00a0La gouvernance et l&rsquo;organisation constitutionnelle de la FIA deviennent de plus en plus opaques, concentrant le pouvoir entre les mains du seul pr\u00e9sident\u00a0\u00bb, \u00e9crivait-il. \u00ab\u00a0Nous ne pouvons pas accepter que la boussole morale de notre direction \u00e9carte toute demande de transparence et de d\u00e9bat ouvert.\u00a0\u00bb<\/p>\n<p>Les tensions ne se limitent pas aux membres de l&rsquo;organisation\u00a0: Mohammed Ben Sulayem a \u00e9galement suscit\u00e9 la col\u00e8re des pilotes en sanctionnant les \u00e9carts de langage. Ceux du WRC ont protest\u00e9 en refusant de s&rsquo;exprimer en anglais lors des interviews, tandis que les pilotes de F1 ont publi\u00e9 une lettre ouverte demandant \u00e0 \u00eatre trait\u00e9s comme des adultes.<\/p>\n<p>Parmi les autres controverses, Mohammed Ben Sulayem a fait l&rsquo;objet d&rsquo;une enqu\u00eate pour une possible ing\u00e9rence dans le r\u00e9sultat d&rsquo;une course, \u00e0 l&rsquo;issue de laquelle il a \u00e9t\u00e9 blanchi. Il a \u00e9galement re\u00e7u une lettre de mise en demeure des avocats de la F1 apr\u00e8s avoir tenu des propos sur les r\u00e9seaux sociaux concernant la valeur financi\u00e8re de la discipline. D&rsquo;anciens propos misogynes tenus par le pr\u00e9sident \u00e9mirati ont aussi refait surface.<\/p>\n<p>Fin 2023, la FIA a lanc\u00e9 une enqu\u00eate de conformit\u00e9 visant Toto Wolff, patron de l&rsquo;\u00e9curie Mercedes, et son \u00e9pouse Susie, pour un suppos\u00e9 conflit d&rsquo;int\u00e9r\u00eats. L&rsquo;enqu\u00eate a \u00e9t\u00e9 abandonn\u00e9e apr\u00e8s seulement deux jours, suite \u00e0 une d\u00e9claration commune des neuf autres \u00e9quipes affirmant n&rsquo;y voir aucun probl\u00e8me. Une proc\u00e9dure judiciaire contre la FIA est d\u00e9sormais en cours \u00e0 ce sujet.<\/p>\n<p>D&rsquo;autres personnalit\u00e9s pourraient \u00e9galement se manifester dans l&rsquo;optique de briguer la pr\u00e9sidence face \u00e0 Mohammed Ben Sulayem.<\/p>\n<p>   <img decoding=\"async\" draggable=\"false\" src=\"https:\/\/www.europesays.com\/fr\/wp-content\/uploads\/2025\/05\/mohammed-ben-sulayem-fia-presi.jpg\" alt=\"Mohammed Ben Sulayem a succ\u00e9d\u00e9 \u00e0 Jean Todt en 2021.\" width=\"1200\" height=\"800\" loading=\"lazy\"\/> <\/p>\n<p class=\"title\">Mohammed Ben Sulayem a succ\u00e9d\u00e9 \u00e0 Jean Todt en 2021.<\/p>\n<p class=\"photographer\">Photo de: Sam Bloxham \/ Motorsport Images<\/p>\n<p>Dans cet article<\/p>\n<p>    Rebecca Clancy\n<\/p>\n<p>    Formule 1\n<\/p>\n<p>    General\n<\/p>\n<p>    WRC\n<\/p>\n<p>    WEC\n<\/p>\n<p>    Formule E\n<\/p>\n<p>    Carlos Sainz Sr\n<\/p>\n<p>Soyez le premier inform\u00e9 et souscrivez aux alertes mails pour recevoir les infos en temps r\u00e9el<\/p>\n<p>    S&rsquo;abonner aux alertes de news<\/p>\n","protected":false},"excerpt":{"rendered":"Carlos Sainz envisage de se pr\u00e9senter face \u00e0 Mohammed Ben Sulayem pour devenir le prochain pr\u00e9sident de la&hellip;\n","protected":false},"author":2,"featured_media":83624,"comment_status":"","ping_status":"","sticky":false,"template":"","format":"standard","meta":{"footnotes":""},"categories":[1412],"tags":[19050,1451,1452,1453,1454,8313,1455,1011,27,6556,60,12993,16405],"class_list":{"0":"post-83623","1":"post","2":"type-post","3":"status-publish","4":"format-standard","5":"has-post-thumbnail","7":"category-f1","8":"tag-carlos-sainz-sr","9":"tag-f1","10":"tag-formula-1","11":"tag-formula1","12":"tag-formule-1","13":"tag-formule-e","14":"tag-formule1","15":"tag-fr","16":"tag-france","17":"tag-general","18":"tag-sports","19":"tag-wec","20":"tag-wrc"},"share_on_mastodon":{"url":"https:\/\/pubeurope.com\/@fr\/114470460860076205","error":""},"_links":{"self":[{"href":"https:\/\/www.europesays.com\/fr\/wp-json\/wp\/v2\/posts\/83623","targetHints":{"allow":["GET"]}}],"collection":[{"href":"https:\/\/www.europesays.com\/fr\/wp-json\/wp\/v2\/posts"}],"about":[{"href":"https:\/\/www.europesays.com\/fr\/wp-json\/wp\/v2\/types\/post"}],"author":[{"embeddable":true,"href":"https:\/\/www.europesays.com\/fr\/wp-json\/wp\/v2\/users\/2"}],"replies":[{"embeddable":true,"href":"https:\/\/www.europesays.com\/fr\/wp-json\/wp\/v2\/comments?post=83623"}],"version-history":[{"count":0,"href":"https:\/\/www.europesays.com\/fr\/wp-json\/wp\/v2\/posts\/83623\/revisions"}],"wp:featuredmedia":[{"embeddable":true,"href":"https:\/\/www.europesays.com\/fr\/wp-json\/wp\/v2\/media\/83624"}],"wp:attachment":[{"href":"https:\/\/www.europesays.com\/fr\/wp-json\/wp\/v2\/media?parent=83623"}],"wp:term":[{"taxonomy":"category","embeddable":true,"href":"https:\/\/www.europesays.com\/fr\/wp-json\/wp\/v2\/categories?post=83623"},{"taxonomy":"post_tag","embeddable":true,"href":"https:\/\/www.europesays.com\/fr\/wp-json\/wp\/v2\/tags?post=83623"}],"curies":[{"name":"wp","href":"https:\/\/api.w.org\/{rel}","templated":true}]}}