{"id":836266,"date":"2026-03-30T19:07:25","date_gmt":"2026-03-30T19:07:25","guid":{"rendered":"https:\/\/www.europesays.com\/fr\/836266\/"},"modified":"2026-03-30T19:07:25","modified_gmt":"2026-03-30T19:07:25","slug":"leurope-impactee-par-la-guerre-au-moyen-orient-accents-deurope","status":"publish","type":"post","link":"https:\/\/www.europesays.com\/fr\/836266\/","title":{"rendered":"L&rsquo;Europe impact\u00e9e par la guerre au Moyen-Orient &#8211; Accents d&rsquo;Europe"},"content":{"rendered":"<p>\n                                                Elles sont devenues deux cha\u00eenes de t\u00e9l\u00e9vision incontournables pour les Iraniens en qu\u00eate d\u2019une information ind\u00e9pendante du pouvoir&#8230; Depuis Londres, deux cha\u00eenes de t\u00e9l\u00e9vision Iran International cr\u00e9\u00e9e en 2017 et BBC Persian revendiquent de dizaines de millions de spectateurs chaque semaine.                    <\/p>\n<p>Non sans risque pour ceux qui les suivent puisque le r\u00e9gime des mollahs a interdit leur diffusion et brouille souvent la diffusion satellite. Non sans risque, non plus pour les journalistes qu\u2019a rencontr\u00e9s notre correspondante <strong>Marie Billon.<\/strong><\/p>\n<p>\u00a0<\/p>\n<p> <strong>La chronique de <a href=\"https:\/\/theconversation.com\/fr\" target=\"_blank\" rel=\"nofollow noopener\">The Conversation<\/a>\u00a0: la guerre au Moyen-Orient, le d\u00e9troit d&rsquo;Ormuz et le prix de l&rsquo;\u00e9nergie en Europe\u00a0<\/strong> <\/p>\n<p>    <a class=\"m-em-image\" href=\"https:\/\/theconversation.com\/fr\" target=\"_blank\" rel=\"nofollow noopener\"><\/p>\n<p><img fetchpriority=\"low\" decoding=\"async\" src=\"https:\/\/www.europesays.com\/fr\/wp-content\/uploads\/2026\/02\/logo-the-conversation-petit.jpg\"   alt=\"\" style=\"max-height:150px\" loading=\"lazy\" class=\"a-img \"\/><\/p>\n<p>        <\/a> <\/p>\n<p>Avec <strong>Gregory Rayko<\/strong>, le r\u00e9dacteur en chef des pages internationales du site The Conversation <strong><a href=\"https:\/\/www.rfi.fr\/fr\/tag\/france\/\" target=\"_self\" class=\"gtm-add-suggested-tag\" rel=\"nofollow noopener\">France<\/a><\/strong>, site qui publie les meilleures analyses universitaires sur l\u2019actualit\u00e9 et avec lequel nous sommes partenaires.<\/p>\n<p>La guerre au Moyen-Orient s\u2019impose aussi aux Europ\u00e9ens par le biais de l\u2019\u00e9nergie&#8230; et l\u2019impact de la fermeture du d\u00e9troit d\u2019Ormuz&#8230; le r\u00e9gime iranien ne laisse plus passer les <strong><a href=\"https:\/\/www.rfi.fr\/fr\/tag\/p\u00e9trole\/\" target=\"_self\" rel=\"nofollow noopener\">tankers p\u00e9troliers<\/a><\/strong> qu\u2019au compte-gouttes et cela impacte forc\u00e9ment l\u2019Europe qui d\u00e9pend des importations pour son <strong><a href=\"https:\/\/www.rfi.fr\/fr\/tag\/\u00e9nergies\/\" target=\"_self\" rel=\"nofollow noopener\">\u00e9nergie<\/a><\/strong>&#8230; Pour le p\u00e9trole, c&rsquo;est 90% et pour le gaz entre 80 et 90%.<\/p>\n<p> <strong>Mod\u00e9rer les r\u00e9seaux sociaux pour les ados\u00a0<\/strong> <\/p>\n<p>La France, l\u2019Espagne, le <strong><a href=\"https:\/\/www.rfi.fr\/fr\/tag\/portugal\/\" target=\"_self\" class=\"gtm-add-suggested-tag\" rel=\"nofollow noopener\">Portugal<\/a><\/strong>, plusieurs pays envisagent d\u00e9sormais d\u2019interdire l\u2019acc\u00e8s aux r\u00e9seaux sociaux aux adolescents.<\/p>\n<p><strong>En Espagne,\u00a0<\/strong>il s\u2019agit juste pour l\u2019instant d\u2019un projet lanc\u00e9 par le Premier ministre <strong><a href=\"https:\/\/www.rfi.fr\/fr\/tag\/pedro-sanchez\/\" target=\"_self\" class=\"gtm-add-suggested-tag\" rel=\"nofollow noopener\">Pedro Sanchez<\/a><\/strong> qui s\u2019inqui\u00e8te aussi des contenus haineux et de la radicalisation en ligne&#8230; Une plateforme publique devrait bient\u00f4t voir le jour pour classer et alerter sur les contenus dangereux, mais elle est loin de faire l\u2019unanimit\u00e9,\u00a0<strong><a href=\"https:\/\/www.rfi.fr\/fr\/auteur\/elise-gazengel\/\" target=\"_self\" rel=\"nofollow noopener\">Elise Gazengel<\/a>.\u00a0<\/strong>\u00a0<\/p>\n<p><strong>Et en <a href=\"https:\/\/www.rfi.fr\/fr\/tag\/allemagne\/\" target=\"_self\" class=\"gtm-add-suggested-tag\" rel=\"nofollow noopener\">Allemagne<\/a>, on table sur l\u2019\u00e9ducation au num\u00e9rique<\/strong>\u00a0pour pr\u00e9server les adolescents des d\u00e9rives. Depuis un an, 9\u00a0000 \u00e9l\u00e8ves ont test\u00e9 une application de pr\u00e9vention. FREII, c\u2019est son nom, propose un d\u00e9fi sur 21 jours pour apprendre \u00e0 g\u00e9rer sa <strong><a href=\"https:\/\/www.rfi.fr\/fr\/tag\/consommation\/\" target=\"_self\" class=\"gtm-add-suggested-tag\" rel=\"nofollow noopener\">consommation<\/a><\/strong>. <strong>Reportage \u00e0 Berlin sign\u00e9 <a href=\"https:\/\/www.rfi.fr\/fr\/auteur\/delphine-nerbollier\/\" target=\"_self\" rel=\"nofollow noopener\">Delphine Nerbollier<\/a>.\u00a0\u00a0<\/strong><\/p>\n","protected":false},"excerpt":{"rendered":"Elles sont devenues deux cha\u00eenes de t\u00e9l\u00e9vision incontournables pour les Iraniens en qu\u00eate d\u2019une information ind\u00e9pendante du pouvoir&#8230;&hellip;\n","protected":false},"author":2,"featured_media":836267,"comment_status":"","ping_status":"","sticky":false,"template":"","format":"standard","meta":{"footnotes":"","_share_on_mastodon":"0"},"categories":[1586],"tags":[2361,11,1777,674,1011,27,31824,3019,9877,500,74,12,25,364],"class_list":["post-836266","post","type-post","status-publish","format-standard","has-post-thumbnail","category-europe","tag-accents-deurope","tag-actualites","tag-eu","tag-europe","tag-fr","tag-france","tag-guerre-israel-iran","tag-iran","tag-journalisme","tag-medias","tag-monde","tag-news","tag-republique-francaise","tag-union-europeenne"],"share_on_mastodon":{"url":"https:\/\/pubeurope.com\/@fr\/116319699538105341","error":""},"_links":{"self":[{"href":"https:\/\/www.europesays.com\/fr\/wp-json\/wp\/v2\/posts\/836266","targetHints":{"allow":["GET"]}}],"collection":[{"href":"https:\/\/www.europesays.com\/fr\/wp-json\/wp\/v2\/posts"}],"about":[{"href":"https:\/\/www.europesays.com\/fr\/wp-json\/wp\/v2\/types\/post"}],"author":[{"embeddable":true,"href":"https:\/\/www.europesays.com\/fr\/wp-json\/wp\/v2\/users\/2"}],"replies":[{"embeddable":true,"href":"https:\/\/www.europesays.com\/fr\/wp-json\/wp\/v2\/comments?post=836266"}],"version-history":[{"count":0,"href":"https:\/\/www.europesays.com\/fr\/wp-json\/wp\/v2\/posts\/836266\/revisions"}],"wp:featuredmedia":[{"embeddable":true,"href":"https:\/\/www.europesays.com\/fr\/wp-json\/wp\/v2\/media\/836267"}],"wp:attachment":[{"href":"https:\/\/www.europesays.com\/fr\/wp-json\/wp\/v2\/media?parent=836266"}],"wp:term":[{"taxonomy":"category","embeddable":true,"href":"https:\/\/www.europesays.com\/fr\/wp-json\/wp\/v2\/categories?post=836266"},{"taxonomy":"post_tag","embeddable":true,"href":"https:\/\/www.europesays.com\/fr\/wp-json\/wp\/v2\/tags?post=836266"}],"curies":[{"name":"wp","href":"https:\/\/api.w.org\/{rel}","templated":true}]}}