{"id":83630,"date":"2025-05-08T05:05:16","date_gmt":"2025-05-08T05:05:16","guid":{"rendered":"https:\/\/www.europesays.com\/fr\/83630\/"},"modified":"2025-05-08T05:05:16","modified_gmt":"2025-05-08T05:05:16","slug":"a-nimes-une-exposition-de-photographies-feministes-saccagee","status":"publish","type":"post","link":"https:\/\/www.europesays.com\/fr\/83630\/","title":{"rendered":"\u00c0 N\u00eemes, une exposition de photographies f\u00e9ministes saccag\u00e9e"},"content":{"rendered":"<p class=\"editor-content__paragraph\">Aux murs, de gros phallus tagu\u00e9s, dont un p\u00e9n\u00e9trant une vulve, <strong>ont remplac\u00e9 les photographies<\/strong>. La plupart gisent au sol, arrach\u00e9es de leurs cadres, d\u00e9chir\u00e9es et pi\u00e9tin\u00e9es. D\u2019autres, toujours sur leurs cimaises, apparaissent d\u00e9figur\u00e9es de long en large par <strong>des sexes masculins trac\u00e9s sommairement \u00e0 la bombe<\/strong>. Pr\u00e9sent\u00e9e depuis le 11\u00a0avril au centre d\u2019art et de photographie <strong>NegPos<\/strong>, au sein d\u2019un b\u00e2timent con\u00e7u par l\u2019architecte Jean Nouvel \u00e0 N\u00eemes, <strong>l\u2019exposition \u00ab\u00a0Benzine Cyprine\u00a0\u00bb de la photographe Kamille L\u00e9v\u00eaque J\u00e9go<\/strong> a \u00e9t\u00e9 saccag\u00e9e dans la nuit du 25\u00a0au 26\u00a0avril.<\/p>\n<p class=\"editor-content__paragraph\">Le ou les vandales, qui <strong>ont d\u00e9truit 90% des tirages expos\u00e9s<\/strong>, semblent ne pas avoir appr\u00e9ci\u00e9 <strong>le puissant message f\u00e9ministe<\/strong> v\u00e9hicul\u00e9 par cette s\u00e9rie. Prim\u00e9e au festival Manifesto \u00e0 Toulouse en 2018, puis expos\u00e9e en 2019\u00a0sous forme de projection lors de la Nuit de l\u2019ann\u00e9e des Rencontres d\u2019Arles, celle-ci d\u00e9roule un faux reportage photographique, \u00e0 la fois intense et teint\u00e9 d\u2019humour, au sein d\u2019un <strong>gang fictif de femmes combatives<\/strong>, les \u00ab\u00a0Benzine Cyprine\u00a0\u00bb, qui expriment un cri de r\u00e9volte contre les violences faites aux femmes et les st\u00e9r\u00e9otypes associ\u00e9s au genre f\u00e9minin.<\/p>\n<p>Des photographies qui d\u00e9jouent les st\u00e9r\u00e9otypes<\/p>\n<p class=\"editor-content__paragraph\">Arborant piercings, tatouages et vestes en cuir, les protagonistes se livrent \u00e0 des actes de r\u00e9bellion et <strong>affichent des attitudes ou des traits consid\u00e9r\u00e9s comme \u00ab\u00a0masculins\u00a0\u00bb<\/strong>, \u00ab\u00a0\u00e0 rebrousse-poil des figures mi\u00e8vres\u00a0\u00bb, pr\u00e9cise l\u2019artiste\u00a0: elles <strong>se bagarrent contre des hommes<\/strong>, d\u00e9clenchent un incendie, font de la musculation ou dessinent des tags f\u00e9ministes, tandis que l\u2019une d\u2019elles, enceinte, nous regarde frontalement avec une col\u00e8re contenue.<\/p>\n<p>    <img loading=\"lazy\" decoding=\"async\" class=\"image__img\" src=\"https:\/\/www.europesays.com\/fr\/wp-content\/uploads\/2025\/05\/modkamille_levequ_jego_benzine_cyprine_vue_expo_negpos_3-964x543.jpg\" alt=\"Vue de l\u2019exposition \u00ab\u00a0Benzine Cyprine, \u00bb de Kamille L\u00e9v\u00eaque J\u00e9go au NegPos de N\u00eemes avant d\u2019\u00eatre saccag\u00e9e\" width=\"964\" height=\"543\"\/><\/p>\n<p>Vue de l\u2019exposition \u00ab\u00a0Benzine Cyprine,  \u00bb de Kamille L\u00e9v\u00eaque J\u00e9go au NegPos de N\u00eemes avant d\u2019\u00eatre saccag\u00e9e, 2025<\/p>\n<p>    i<\/p>\n<p class=\"legende__cartel\">\u00a9 Kamille L\u00e9v\u00eaque J\u00e9go, <\/p>\n<p class=\"editor-content__paragraph\">L\u2019artiste <strong>Kamille L\u00e9v\u00eaque J\u00e9go<\/strong>, qui d\u00e9veloppe son travail depuis dix ans, a d\u00e9plor\u00e9 <strong>\u00ab\u00a0une r\u00e9action haineuse et r\u00e9actionnaire<\/strong> \u00e0 l\u2019expression d\u2019une f\u00e9minit\u00e9 \u00e9mancip\u00e9e et souveraine\u00a0\u00bb. \u00ab\u00a0D\u2019un c\u00f4t\u00e9, je ne suis pas vraiment \u00e9tonn\u00e9e, parce que ce <strong>comportement agressif<\/strong> est syst\u00e9matique, permanent, pr\u00e9sent tout autour de nous. Et en m\u00eame temps, je suis constern\u00e9e face \u00e0 cette m\u00e9diocrit\u00e9\u00a0\u00bb, a-t-elle pr\u00e9cis\u00e9 au micro de France Inter.<\/p>\n<p>Une radicalisation de la haine contre l\u2019\u00e9mancipation f\u00e9minine<\/p>\n<p>    <img loading=\"lazy\" decoding=\"async\" class=\"image__img\" src=\"https:\/\/www.europesays.com\/fr\/wp-content\/uploads\/2025\/05\/webimg_7133-964x1285.jpg\" alt=\"L\u2019exposition de Kamille L\u00e9v\u00eaque J\u00e9go au NegPos de N\u00eemes apr\u00e8s l\u2019intrusion\" width=\"964\" height=\"1285\"\/><\/p>\n<p>L\u2019exposition de Kamille L\u00e9v\u00eaque J\u00e9go au NegPos de N\u00eemes apr\u00e8s l\u2019intrusion, 27\u00a0avril 2025<\/p>\n<p>    i<\/p>\n<p class=\"editor-content__paragraph\">\u00ab\u00a0C\u2019est hallucinant. On est dans une \u00e9poque o\u00f9 les gens se l\u00e2chent compl\u00e8tement sur les r\u00e9seaux sociaux, o\u00f9 <strong>la haine s\u2019exprime<\/strong> derri\u00e8re des \u00e9crans et des pseudos, ce qui d\u00e9clenche des comportements dans la vie r\u00e9elle\u00a0\u00bb, nous r\u00e9pond de son c\u00f4t\u00e9, atterr\u00e9, le directeur du centre, Patrice Loubon qui a port\u00e9 <strong>plainte contre X<\/strong> pour outrage sexiste, intrusion et d\u00e9gradation d\u2019un lieu d\u2019art et destruction d\u2019\u0153uvres d\u2019art. Un acte \u00e9galement r\u00e9v\u00e9lateur pour lui d\u2019une radicalisation croissante des opinions r\u00e9actionnaires et d\u2019un <strong>rejet de plus en plus violent du f\u00e9minisme<\/strong>. \u00ab\u00a0Il y a un conservatisme grandissant, avec plusieurs grands de ce monde qui font barrage pour <strong>maintenir le patriarcat<\/strong> et ramener les femmes \u00e0 un r\u00f4le traditionnel ali\u00e9nant\u00a0\u00bb, d\u00e9plore-t-il.<\/p>\n<p class=\"editor-content__paragraph\">\u00ab\u00a0Le <strong>masculinisme<\/strong> est un courant en pleine expansion, en particulier chez les jeunes, et se d\u00e9veloppe en parall\u00e8le du mouvement des tradwives [n\u00e9 dans les pays anglo-saxons dans les ann\u00e9es 2010, ndlr], qui v\u00e9hicule<strong> une image tr\u00e8s d\u00e9grad\u00e9e de la femme\u00a0\u00bb<\/strong>, poursuit le directeur. \u00ab\u00a0Il y a une <strong>multiplication des forces r\u00e9actionnaires<\/strong> qui s\u2019expriment de diverses mani\u00e8res, dans toutes les couches de la soci\u00e9t\u00e9, des plus riches et puissants, comme Trump et Musk, aux plus d\u00e9munis\u00a0\u00bb.<\/p>\n<p class=\"editor-content__paragraph\">\u00ab\u00a0Je n\u2019h\u00e9site pas \u00e0 <strong>montrer des artistes qui ont des choses \u00e0 dire<\/strong>, \u00e0 rentrer un peu dans les brancards, mais en faisant quand m\u00eame toujours attention \u00e0 ne pas trop provoquer dans des lieux inappropri\u00e9s\u00a0\u00bb, nous dit le directeur, qui a \u00ab\u00a0d\u00e9j\u00e0 subi <strong>plusieurs attaques\u00a0\u00bb<\/strong>, de graffitis d\u2019extr\u00eame droite homophobes \u00e0 Rennes \u00e0 un courrier d\u2019une ligue moralisatrice le sommant de d\u00e9crocher des \u0153uvres d\u2019une exposition \u00e0 Aurillac. En 2024, lui et l\u2019artiste Fatima Mazmouz avaient \u00e9galement \u00e9t\u00e9 <strong>agress\u00e9s et insult\u00e9s lors de l\u2019exposition \u00ab\u00a0Sexe et sorcellerie\u00a0\u00bb<\/strong>, par un voisin jugeant que cette derni\u00e8re contrevenait aux valeurs de l\u2019islam, et qui reproche r\u00e9guli\u00e8rement au centre la consommation d\u2019alcool lors des vernissages.<\/p>\n<p>        \u00c0 lire aussi :<br \/>\n        <a class=\"renvoi-explicite__link\" href=\"https:\/\/www.beauxarts.com\/grand-format\/a-saint-denis-des-militants-dextreme-droite-attaquent-une-exposition-de-la-photographe-sandra-reinflet\/\" rel=\"nofollow noopener\" target=\"_blank\">\u00c0 Saint-Denis, des militants d&rsquo;extr\u00eame droite attaquent une exposition de la photographe Sandra Reinflet<\/a><\/p>\n<p>L\u2019exposition bient\u00f4t remont\u00e9e<\/p>\n<p class=\"editor-content__paragraph\">\u00ab\u00a0Je suis d\u00e9go\u00fbt\u00e9, mais on ne veut pas se laisser abattre. On est d\u00e9termin\u00e9 \u00e0 tout faire pour <strong>remonter l\u2019expo dans les plus brefs d\u00e9lais<\/strong>, et pour qu\u2019elle puisse \u00eatre montr\u00e9e plus longtemps que pr\u00e9vu, pendant plusieurs mois, pour<strong> bien marquer le coup\u00a0\u00bb<\/strong>, insiste le directeur. Pour l\u2019instant, le centre NegPos reste porte close, et recevra ce mardi 6\u00a0mai une visite des assureurs pour <strong>\u00e9valuer les d\u00e9g\u00e2ts<\/strong>. Une campagne de financement participatif est \u00e9galement en train d\u2019\u00eatre mise en place afin de permettre le remontage. Entretemps, un lien est disponible pour <a href=\"https:\/\/www.helloasso.com\/associations\/negpos\/formulaires\/2\" target=\"_blank\" rel=\"noopener nofollow\">faire un don au lieu<\/a> et une souscription propos\u00e9e pour soutenir l\u2019artiste dans <a href=\"https:\/\/www.imagesplurielles.com\/fr\/accueil\/142-benzine-cyprine-9782919436811.html?fbclid=IwY2xjawKAGNpleHRuA2FlbQIxMABicmlkETBpbDhiVGtNNWlhRmMzRTRvAR7WChHtPkGds5F6YpMKNU1LxRjT81F2kjB5D9_dAAfHN4LRnCAT56dcbnZ0CA_aem_Or4Yd3P8rWzqEXJ-zjJ3TQ\" target=\"_blank\" rel=\"noopener nofollow\">son projet de livre<\/a> sur la s\u00e9rie montr\u00e9e dans l\u2019exposition.<\/p>\n<p>        \u00c0 lire aussi :<br \/>\n        <a class=\"renvoi-explicite__link\" href=\"https:\/\/www.beauxarts.com\/grand-format\/le-mona-condamne-pour-discrimination-en-australie-en-raison-dune-installation-interdite-aux-hommes\/\" rel=\"nofollow noopener\" target=\"_blank\">Cette \u0153uvre interdite aux hommes et servant du champagne aux femmes a \u00e9t\u00e9 condamn\u00e9e en Australie pour discrimination<\/a><\/p>\n<p class=\"annexe-content__infos\">1 Cours Nemausus \u2022 30000 N\u00eemes<br \/><a href=\"https:\/\/www.negpos.fr\/\" rel=\"nofollow noopener\" target=\"_blank\">www.negpos.fr<\/a><\/p>\n","protected":false},"excerpt":{"rendered":"Aux murs, de gros phallus tagu\u00e9s, dont un p\u00e9n\u00e9trant une vulve, ont remplac\u00e9 les photographies. La plupart gisent&hellip;\n","protected":false},"author":2,"featured_media":83631,"comment_status":"","ping_status":"","sticky":false,"template":"","format":"standard","meta":{"footnotes":""},"categories":[1358],"tags":[1396,1348,1384,1385,1386,58,59,1011,27,19162,1756],"class_list":{"0":"post-83630","1":"post","2":"type-post","3":"status-publish","4":"format-standard","5":"has-post-thumbnail","7":"category-arts-et-design","8":"tag-art-contemporain","9":"tag-arts","10":"tag-arts-and-design","11":"tag-arts-et-design","12":"tag-design","13":"tag-divertissement","14":"tag-entertainment","15":"tag-fr","16":"tag-france","17":"tag-negpos","18":"tag-photographie"},"share_on_mastodon":{"url":"https:\/\/pubeurope.com\/@fr\/114470474514649764","error":""},"_links":{"self":[{"href":"https:\/\/www.europesays.com\/fr\/wp-json\/wp\/v2\/posts\/83630","targetHints":{"allow":["GET"]}}],"collection":[{"href":"https:\/\/www.europesays.com\/fr\/wp-json\/wp\/v2\/posts"}],"about":[{"href":"https:\/\/www.europesays.com\/fr\/wp-json\/wp\/v2\/types\/post"}],"author":[{"embeddable":true,"href":"https:\/\/www.europesays.com\/fr\/wp-json\/wp\/v2\/users\/2"}],"replies":[{"embeddable":true,"href":"https:\/\/www.europesays.com\/fr\/wp-json\/wp\/v2\/comments?post=83630"}],"version-history":[{"count":0,"href":"https:\/\/www.europesays.com\/fr\/wp-json\/wp\/v2\/posts\/83630\/revisions"}],"wp:featuredmedia":[{"embeddable":true,"href":"https:\/\/www.europesays.com\/fr\/wp-json\/wp\/v2\/media\/83631"}],"wp:attachment":[{"href":"https:\/\/www.europesays.com\/fr\/wp-json\/wp\/v2\/media?parent=83630"}],"wp:term":[{"taxonomy":"category","embeddable":true,"href":"https:\/\/www.europesays.com\/fr\/wp-json\/wp\/v2\/categories?post=83630"},{"taxonomy":"post_tag","embeddable":true,"href":"https:\/\/www.europesays.com\/fr\/wp-json\/wp\/v2\/tags?post=83630"}],"curies":[{"name":"wp","href":"https:\/\/api.w.org\/{rel}","templated":true}]}}