{"id":83634,"date":"2025-05-08T05:07:22","date_gmt":"2025-05-08T05:07:22","guid":{"rendered":"https:\/\/www.europesays.com\/fr\/83634\/"},"modified":"2025-05-08T05:07:22","modified_gmt":"2025-05-08T05:07:22","slug":"qui-a-ete-elimine-dans-lepisode-du-mercredi-7-mai-et-qui-a-ete-sauve-dans-les-brigades-cachees","status":"publish","type":"post","link":"https:\/\/www.europesays.com\/fr\/83634\/","title":{"rendered":"Qui a \u00e9t\u00e9 \u00e9limin\u00e9 dans l&rsquo;\u00e9pisode du mercredi 7 mai et qui a \u00e9t\u00e9 sauv\u00e9 dans Les Brigades cach\u00e9es ?"},"content":{"rendered":"<p><a href=\"https:\/\/www.programme-tv.net\/news\/tv\/377531-top-chef-2025-qui-a-ete-elimine-dans-l-episode-du-mercredi-30-avril-et-qui-a-ete-sauve-dans-les-brigades-cachees\/\" data-api-deeplink=\"teleloisirs:\/\/news\/377531\" target=\"_blank\" rel=\"noopener\">La semaine derni\u00e8re, Gr\u00e9goire quittait l&rsquo;aventure Top Chef 2025<\/a>. Mais il a pu faire de nouveau ses preuves dans Les Brigades Cach\u00e9es, o\u00f9 il a rejoint la brigade d\u2019\u00c9ric Fr\u00e9chon. <a href=\"https:\/\/www.programme-tv.net\/news\/tv\/377917-kilian-franceschi-elimine-definitivement-de-top-chef-2025-sur-le-moment-ca-m-a-saoule\/\" data-api-deeplink=\"teleloisirs:\/\/news\/377917\" target=\"_blank\" rel=\"noopener\">C&rsquo;est malheureusement Kilian qui a quitt\u00e9 d\u00e9finitivement les cuisines du concours parall\u00e8le<\/a>. Apr\u00e8s plusieurs semaines de comp\u00e9tition de <a href=\"https:\/\/www.programme-tv.net\/news\/tv\/365451-top-chef-2025-jury-tournage-pas-d-objectif-top-chef-les-premieres-infos-de-la-saison-16\/\" data-api-deeplink=\"teleloisirs:\/\/news\/365451\" target=\"_blank\" rel=\"noopener\">Top Chef<\/a>, il reste encore huit candidats : Charles, Claudio, Charlie, Esteban, Sean, Margaux, Quentin et Philippine. Vous n&rsquo;avez pas pu regarder l&rsquo;\u00e9mission ce mercredi soir ? Vous n&rsquo;avez pas pu rester jusqu&rsquo;au bout du prime ? <b>Pas de panique, on vous r\u00e9sume le septi\u00e8me \u00e9pisode de cette saison 16<\/b>.<\/p>\n<p>Pour cette \u00e9preuve de la bo\u00eete noire, les candidats ont \u00e9t\u00e9 mis en bin\u00f4me. Charles est avec Charlie, Sean avec Quentin, Philippine avec Claudio, et Esteban est avec Margaux. Cette ann\u00e9e, ce n&rsquo;est pas une assiette comme les autres, mais <b>seulement deux bin\u00f4mes peuvent la d\u00e9couvrir<\/b>. Pour participer \u00e0 l&rsquo;\u00e9preuve, les candidats font une premi\u00e8re d\u00e9gustation \u00e0 l&rsquo;aveugle au cours de laquelle ils listent 15 ingr\u00e9dients, ceux qui en trouvent le plus sont qualifi\u00e9s. Ce sont Sean, Quentin, Margaux et Esteban qui passent cette \u00e9tape.<\/p>\n<p>                        \u00ab\u00a0Les 13 \u00e9toiles de la bo\u00eete noire\u00a0\u00bb : les candidats de Top Chef 2025 ont une belle surprise pour cette saison !<\/p>\n<p>Malheureusement, <b>les autres sont directement envoy\u00e9s en \u00e9preuve \u00e9liminatoire<\/b>. Au menu, un plat 13 \u00e9toiles ! En effet, tous les chefs de brigades sont pass\u00e9s derri\u00e8re les fourneaux pour cr\u00e9er une assiette qui mettra les candidats en difficult\u00e9. Des deux c\u00f4t\u00e9s, tout se passe bien. Mais pour l&rsquo;\u00e9l\u00e9ment de Glenn Viel, Sean et Quentin n&rsquo;arrivent pas \u00e0 savoir de quoi il s&rsquo;agit. <b>Ils d\u00e9cident donc de le retirer de l&rsquo;assiette<\/b>. Apr\u00e8s la d\u00e9gustation de Fran\u00e7ois-R\u00e9gis Gaudry, c&rsquo;est le bin\u00f4me de Margaux et Esteban qui se qualifie pour la semaine suivante, et qui pourra cuisiner pour les inspecteurs. Pour l&rsquo;\u00e9preuve \u00e9liminatoire, les candidats doivent rendre un plat de street food fran\u00e7ais gastronomique. <b>Deux cuisiniers sont en difficult\u00e9 sur cette \u00e9preuve<\/b> : Sean, qui ne vit pas en France et qui de ce fait, n&rsquo;a pas d&rsquo;inspiration. Et Philippine, qui tente un souffl\u00e9, mais qui n&rsquo;a pas eu assez de temps pour terminer la cuisson. Malheureusement, <b>c&rsquo;est un rat\u00e9 total pour Sean<\/b>, qui quitte l&rsquo;aventure Top Chef 2025.<\/p>\n<p>            Qui a \u00e9t\u00e9 \u00e9limin\u00e9 des Brigades Cach\u00e9es ce mercredi soir ?<\/p>\n<p>Apr\u00e8s avoir quitt\u00e9 l&rsquo;aventure Top Chef 2025, Sean se retrouve dans Les Brigades Cach\u00e9es pour affronter Gr\u00e9goire, qui fait partie de la brigade d\u2019\u00c9ric Fr\u00e9chon et <a href=\"https:\/\/www.programme-tv.net\/news\/tv\/375511-ilane-integre-a-la-derniere-minute-dans-top-chef-raconte-l-appel-de-la-production-j-ai-cru-a-une-blague\/\" data-api-deeplink=\"teleloisirs:\/\/news\/375511\" target=\"_blank\" rel=\"noopener\">Ilane, qu&rsquo;il ne conna\u00eet pas, et qui a int\u00e9gr\u00e9 la brigade de Fabien Ferr\u00e9<\/a>. Pour cette \u00e9preuve du concours parall\u00e8le, les candidats doivent r\u00e9aliser des \u00eeles flottantes, sucr\u00e9es ou sal\u00e9es. <b>Ilane, qui n&rsquo;\u00e9tait pas pass\u00e9 loin de l&rsquo;\u00e9limination la semaine derni\u00e8re, a de nouveau rencontr\u00e9 un probl\u00e8me ce mercredi 7\u00a0mai<\/b>. Fabien Ferr\u00e9 l&rsquo;a de nouveau mis en garde face au risque de hors sujet. Apr\u00e8s d\u00e9gustation, c&rsquo;est de nouveau Sean qui est \u00e9limin\u00e9 et qui quitte d\u00e9finitivement les cuisines.<\/p>\n","protected":false},"excerpt":{"rendered":"La semaine derni\u00e8re, Gr\u00e9goire quittait l&rsquo;aventure Top Chef 2025. Mais il a pu faire de nouveau ses preuves&hellip;\n","protected":false},"author":2,"featured_media":83635,"comment_status":"","ping_status":"","sticky":false,"template":"","format":"standard","meta":{"footnotes":""},"categories":[1356],"tags":[244,58,59,19168,1011,27,19163,16553,16552,16551,494,19167,19164,19169,19166,19165,6094,252,492,13958,1364],"class_list":{"0":"post-83634","1":"post","2":"type-post","3":"status-publish","4":"format-standard","5":"has-post-thumbnail","7":"category-television","8":"tag-commentaire","9":"tag-divertissement","10":"tag-entertainment","11":"tag-esteban-salazar-top-chef-16","12":"tag-fr","13":"tag-france","14":"tag-glenn-viel","15":"tag-gru00e9goire-touchard-top-chef-16","16":"tag-ilane-tinchant-top-chef-16","17":"tag-kilian-franceschi-top-chef-16","18":"tag-m6","19":"tag-margaux-u00c9lie-top-chef-16","20":"tag-paul-pairet","21":"tag-philippine-jaillet-top-chef-16","22":"tag-quentin-mauro-top-chef-16","23":"tag-sean-gabbiani-top-chef-16","24":"tag-stu00e9phanie-le-quellec","25":"tag-television","26":"tag-top-chef","27":"tag-top-chef-la-brigade-cachu00e9e","28":"tag-tv"},"share_on_mastodon":{"url":"https:\/\/pubeurope.com\/@fr\/114470482284406312","error":""},"_links":{"self":[{"href":"https:\/\/www.europesays.com\/fr\/wp-json\/wp\/v2\/posts\/83634","targetHints":{"allow":["GET"]}}],"collection":[{"href":"https:\/\/www.europesays.com\/fr\/wp-json\/wp\/v2\/posts"}],"about":[{"href":"https:\/\/www.europesays.com\/fr\/wp-json\/wp\/v2\/types\/post"}],"author":[{"embeddable":true,"href":"https:\/\/www.europesays.com\/fr\/wp-json\/wp\/v2\/users\/2"}],"replies":[{"embeddable":true,"href":"https:\/\/www.europesays.com\/fr\/wp-json\/wp\/v2\/comments?post=83634"}],"version-history":[{"count":0,"href":"https:\/\/www.europesays.com\/fr\/wp-json\/wp\/v2\/posts\/83634\/revisions"}],"wp:featuredmedia":[{"embeddable":true,"href":"https:\/\/www.europesays.com\/fr\/wp-json\/wp\/v2\/media\/83635"}],"wp:attachment":[{"href":"https:\/\/www.europesays.com\/fr\/wp-json\/wp\/v2\/media?parent=83634"}],"wp:term":[{"taxonomy":"category","embeddable":true,"href":"https:\/\/www.europesays.com\/fr\/wp-json\/wp\/v2\/categories?post=83634"},{"taxonomy":"post_tag","embeddable":true,"href":"https:\/\/www.europesays.com\/fr\/wp-json\/wp\/v2\/tags?post=83634"}],"curies":[{"name":"wp","href":"https:\/\/api.w.org\/{rel}","templated":true}]}}