{"id":83638,"date":"2025-05-08T05:09:24","date_gmt":"2025-05-08T05:09:24","guid":{"rendered":"https:\/\/www.europesays.com\/fr\/83638\/"},"modified":"2025-05-08T05:09:24","modified_gmt":"2025-05-08T05:09:24","slug":"une-semaine-apres-sa-sortie-marvel-rebaptise-le-film-the-new-avengers","status":"publish","type":"post","link":"https:\/\/www.europesays.com\/fr\/83638\/","title":{"rendered":"une semaine apr\u00e8s sa sortie, Marvel rebaptise le film \u00ab\u00a0The New Avengers\u00a0\u00bb"},"content":{"rendered":"<p><img decoding=\"async\" class=\"caas-img caas-lazy has-preview\" src=\"https:\/\/www.europesays.com\/fr\/wp-content\/uploads\/2025\/05\/bc46b3a9833650337fc1878a8162b636.jpeg\"\/><\/p>\n<p>En salles depuis le 30 avril, le nouveau blockbuster des studios Marvel, <a data-i13n=\"cpos:1;pos:1\" href=\"https:\/\/www.bfmtv.com\/replay-emissions\/culture-et-vous\/ils-veulent-etre-des-modeles-dans-thunderbolts-les-studios-marvel-rassemblent-une-equipe-d-anti-heros_VN-202504280130.html\" rel=\"nofollow noopener\" target=\"_blank\" data-ylk=\"slk:Thunderbolts;cpos:1;pos:1;elm:context_link;itc:0;sec:content-canvas\" class=\"link \">Thunderbolts<\/a>, a \u00e9t\u00e9 rebaptis\u00e9. Le film s&rsquo;intitule d\u00e9sormais The New Avengers, soit \u00ab\u00a0les nouveaux Avengers\u00a0\u00bb, a annonc\u00e9 Marvel ce lundi 5 mai sur les r\u00e9seaux sociaux.<\/p>\n<p>Dans une vid\u00e9o visionn\u00e9e plus de 4,5 millions de fois sur X, le casting &#8211; <a data-i13n=\"cpos:2;pos:1\" href=\"https:\/\/fr.news.yahoo.com\/florence-pugh-r%C3%A9v%C3%A8le-souffrir-dendom%C3%A9triose-143315436.html\" data-ylk=\"slk:Florence Pugh;cpos:2;pos:1;elm:context_link;itc:0;sec:content-canvas;outcm:mb_qualified_link;_E:mb_qualified_link;ct:story;\" class=\"link  yahoo-link\" rel=\"nofollow noopener\" target=\"_blank\">Florence Pugh<\/a>, Julia Louis-Dreyfus, David Harbour &#8211; d\u00e9chire un bout de l&rsquo;affiche du film, r\u00e9v\u00e9lant le nouveau titre, cach\u00e9 derni\u00e8re le mot \u00ab\u00a0Thunderbolts\u00a0\u00bb.<\/p>\n<p>Une autre vid\u00e9o, vue celle-ci 2 millions de fois, montre l&rsquo;acteur <a data-i13n=\"cpos:3;pos:1\" href=\"https:\/\/fr.news.yahoo.com\/trois-canettes-soda-jour-sebastian-140304649.html\" data-ylk=\"slk:Sebastian Stan;cpos:3;pos:1;elm:context_link;itc:0;sec:content-canvas;outcm:mb_qualified_link;_E:mb_qualified_link;ct:story;\" class=\"link  yahoo-link\" rel=\"nofollow noopener\" target=\"_blank\">Sebastian Stan<\/a>, alias Bucky, \u00e0 un abri bus en train de remplacer les affiches du film par de nouvelles.<\/p>\n<p>Le changement de titre est une r\u00e9f\u00e9rence \u00e0 une sc\u00e8ne situ\u00e9e \u00e0 la fin du film. Le long-m\u00e9trage, qui met en sc\u00e8ne une \u00e9quipe d&rsquo;anti-h\u00e9ros peu conventionnels et d\u00e9sabus\u00e9s, se termine avec l&rsquo;annonce que celle-ci formera d\u00e9sormais \u00ab\u00a0les nouveaux Avengers\u00a0\u00bb.<\/p>\n<p>Une initiative lanc\u00e9e par la patronne de la CIA Valentina de Fontaine, qui suscite un enthousiasme limit\u00e9 aupr\u00e8s de la population, est-il annonc\u00e9 \u00e0 la fin du film. Dans la sc\u00e8ne post-g\u00e9n\u00e9rique, l&rsquo;\u00e9quipe est d&rsquo;ailleurs rejointe par les Quatre Fantastiques.<\/p>\n<p>\u00ab\u00a0Tout \u00e7a \u00e9tait pr\u00e9m\u00e9dit\u00e9\u00a0\u00bb<\/p>\n<p>Jack Schreier, r\u00e9alisateur de Thunderbolts, a expliqu\u00e9 dans les colonnes du <a data-i13n=\"cpos:4;pos:1\" href=\"https:\/\/www.nytimes.com\/2025\/05\/05\/movies\/thunderbolts-asterisk-title.html?unlocked_article_code=1.E08.jti0.NhKRzeCnHMQE&amp;smid=nytcore-ios-share&amp;referringSource=articleShare&amp;sgrp=p\" rel=\"nofollow noopener\" target=\"_blank\" data-ylk=\"slk:New York Times;cpos:4;pos:1;elm:context_link;itc:0;sec:content-canvas\" class=\"link \">New York Times<\/a> sa d\u00e9cision de rebaptiser le film. \u00ab\u00a0On s&rsquo;est dit que si Val pouvait annoncer l&rsquo;existence des nouveaux Avengers, nous aussi\u00a0\u00bb, a-t-il d\u00e9clar\u00e9.<\/p>\n<p>Le r\u00e9alisateur avait propos\u00e9 cette id\u00e9e \u00e0 Marvel quand il est arriv\u00e9 sur le projet. Le studio avait aussit\u00f4t accept\u00e9. \u00ab\u00a0\u00c7a fait un an qu&rsquo;on a ajout\u00e9 un ast\u00e9risque au titre en pr\u00e9vision de ce moment, j&rsquo;esp\u00e8re qu&rsquo;on a l&rsquo;impression que tout \u00e7a \u00e9tait pr\u00e9m\u00e9dit\u00e9.\u00a0\u00bb<\/p>\n<p>Le changement de titre est un moyen aussi pour Marvel d&rsquo;annoncer son prochain blockbuster de 2026: <a data-i13n=\"cpos:5;pos:1\" href=\"https:\/\/fr.news.yahoo.com\/ian-mckellen-florence-pugh-robert-204904609.html\" data-ylk=\"slk:Avengers Doomsday;cpos:5;pos:1;elm:context_link;itc:0;sec:content-canvas;outcm:mb_qualified_link;_E:mb_qualified_link;ct:story;\" class=\"link  yahoo-link\" rel=\"nofollow noopener\" target=\"_blank\">Avengers Doomsday<\/a>, qui marquera le retour sur grand \u00e9cran de Chris Hemsworth dans le r\u00f4le de Thor.<\/p>\n<p>Les nouveaux Avengers y donneront la r\u00e9plique aux Quatre Fantastiques (incarn\u00e9s par Pedro Pascal, Vanessa Kirby, Joeseph Quinn et Ebon Moss-Bachrach) mais aussi \u00e0 Ant-Man (Paul Rudd), Captain America (Anthony Mackie) et Loki (Tom Hiddleston).<\/p>\n<p>Le retour de Robert Downey Jr.<\/p>\n<p>Plusieurs figures des X-Mens seront aussi au g\u00e9n\u00e9rique dont le professeur X (Patrick Stewart), Magneto (Ian McKellen) ou encore Mystique (Rebecca Romjin). Robert Downey Jr. sera aussi pr\u00e9sent, mais sous les traits de Docteur Doom<\/p>\n<p>Thunderbolts a sign\u00e9 une entr\u00e9e spectaculaire au box-office nord-am\u00e9ricain avec 76 millions de dollars de recettes pour ses trois premiers jours d&rsquo;exploitation en salle, selon les chiffres du cabinet sp\u00e9cialis\u00e9 Exhibitor Relations dimanche.<\/p>\n<p>Dans Thunderbolts, ces anti-h\u00e9ros men\u00e9s par Yelena Belova (Florence Pugh) tombent dans un pi\u00e8ge redoutable qui les contraint \u00e0 s&rsquo;allier pour mener \u00e0 bien une mission \u00e0 hauts risques, qui les confrontera aux heures les plus sombres de leur pass\u00e9.<\/p>\n<p><a data-i13n=\"cpos:6;pos:1\" href=\"https:\/\/www.bfmtv.com\/people\/cinema\/thunderbolts-une-semaine-apres-sa-sortie-marvel-rebaptise-le-film-the-new-avengers_AN-202505060266.html#xtor=AL-68\" rel=\"nofollow noopener\" target=\"_blank\" data-ylk=\"slk:Article original publi\u00e9 sur BFMTV.com;cpos:6;pos:1;elm:context_link;itc:0;sec:content-canvas\" class=\"link \">Article original publi\u00e9 sur BFMTV.com<\/a><\/p>\n","protected":false},"excerpt":{"rendered":"En salles depuis le 30 avril, le nouveau blockbuster des studios Marvel, Thunderbolts, a \u00e9t\u00e9 rebaptis\u00e9. Le film&hellip;\n","protected":false},"author":2,"featured_media":83639,"comment_status":"","ping_status":"","sticky":false,"template":"","format":"standard","meta":{"footnotes":""},"categories":[1354],"tags":[58,59,1346,18796,1011,27,19171,19170,2135,1360,19173,18797,11225,19172],"class_list":{"0":"post-83638","1":"post","2":"type-post","3":"status-publish","4":"format-standard","5":"has-post-thumbnail","7":"category-films","8":"tag-divertissement","9":"tag-entertainment","10":"tag-films","11":"tag-florence-pugh","12":"tag-fr","13":"tag-france","14":"tag-julia-louis-dreyfus","15":"tag-les-quatre-fantastiques","16":"tag-marvel","17":"tag-movies","18":"tag-quatre-fantastiques","19":"tag-sebastian-stan","20":"tag-thunderbolts","21":"tag-valentina-de-fontaine"},"share_on_mastodon":{"url":"https:\/\/pubeurope.com\/@fr\/114470490158493912","error":""},"_links":{"self":[{"href":"https:\/\/www.europesays.com\/fr\/wp-json\/wp\/v2\/posts\/83638","targetHints":{"allow":["GET"]}}],"collection":[{"href":"https:\/\/www.europesays.com\/fr\/wp-json\/wp\/v2\/posts"}],"about":[{"href":"https:\/\/www.europesays.com\/fr\/wp-json\/wp\/v2\/types\/post"}],"author":[{"embeddable":true,"href":"https:\/\/www.europesays.com\/fr\/wp-json\/wp\/v2\/users\/2"}],"replies":[{"embeddable":true,"href":"https:\/\/www.europesays.com\/fr\/wp-json\/wp\/v2\/comments?post=83638"}],"version-history":[{"count":0,"href":"https:\/\/www.europesays.com\/fr\/wp-json\/wp\/v2\/posts\/83638\/revisions"}],"wp:featuredmedia":[{"embeddable":true,"href":"https:\/\/www.europesays.com\/fr\/wp-json\/wp\/v2\/media\/83639"}],"wp:attachment":[{"href":"https:\/\/www.europesays.com\/fr\/wp-json\/wp\/v2\/media?parent=83638"}],"wp:term":[{"taxonomy":"category","embeddable":true,"href":"https:\/\/www.europesays.com\/fr\/wp-json\/wp\/v2\/categories?post=83638"},{"taxonomy":"post_tag","embeddable":true,"href":"https:\/\/www.europesays.com\/fr\/wp-json\/wp\/v2\/tags?post=83638"}],"curies":[{"name":"wp","href":"https:\/\/api.w.org\/{rel}","templated":true}]}}