{"id":8365,"date":"2025-04-07T17:20:11","date_gmt":"2025-04-07T17:20:11","guid":{"rendered":"https:\/\/www.europesays.com\/fr\/8365\/"},"modified":"2025-04-07T17:20:11","modified_gmt":"2025-04-07T17:20:11","slug":"en-crise-depuis-des-annees-les-commerces-du-boulevard-saint-michel-continuent-de-seteindre","status":"publish","type":"post","link":"https:\/\/www.europesays.com\/fr\/8365\/","title":{"rendered":"en crise depuis des ann\u00e9es, les commerces du boulevard Saint-Michel continuent de \u00ab\u00a0s&rsquo;\u00e9teindre\u00a0\u00bb"},"content":{"rendered":"<p>            Par<br \/>\n        <strong><br \/>\n            <a href=\"https:\/\/actu.fr\/auteur\/thibault-nadal-actu-fr\" title=\"Consulter tous les articles de Thibault Nadal\" target=\"_blank\" rel=\"noopener\">Thibault Nadal<\/a><br \/>\n        <\/strong><\/p>\n<p>        Publi\u00e9 le<\/p>\n<p>            7 avr. 2025 \u00e0 6h08        <\/p>\n<p>Elle est la derni\u00e8re enseigne d\u2019une longue liste \u00e0 avoir baiss\u00e9 le rideau. Apr\u00e8s seulement <strong>six ann\u00e9es d\u2019existence<\/strong>, la <a href=\"https:\/\/actu.fr\/tag\/commerce\" target=\"_blank\" rel=\"noopener\">boutique<\/a> King Jouet du boulevard Saint-Michel \u00e0 <a href=\"https:\/\/actu.fr\/paris\/\" target=\"_blank\" rel=\"noopener\">Paris<\/a>, a ferm\u00e9 ses portes le 29\u00a0mars 2025, au grand dam des enfants qui y passaient devant AVEC des \u00e9toiles dans les yeux. \u00ab\u2009Un constat d\u2019\u00e9chec\u2009\u00bb, pour Maxime Bonati, le directeur depuis son ouverture en 2019. Pour expliquer son d\u00e9part, la direction nous fait savoir que <strong>\u00ab\u2009la perte de dynamisme du quartier Sorbonne \u2013 Saint-Michel\u2009\u00bb<\/strong> en est la principale cause.<\/p>\n<p class=\" wall-content\"><strong>\u00ab\u2009Nombre de magasins y ont ferm\u00e9<\/strong> et n\u2019ont toujours trouv\u00e9 repreneur, ce qui le rend moins attractif pour les consommateurs, impactant de fait le flux clients et les ventes des enseignes encore pr\u00e9sentes\u2009\u00bb, ajoute-t-elle. Par cons\u00e9quent, la direction a fait le choix de d\u00e9m\u00e9nager cette boutique dans <a href=\"https:\/\/actu.fr\/tag\/gare-saint-lazare\" target=\"_blank\" rel=\"noopener\">le quartier Saint-Lazare<\/a> (8e), <strong>un \u00ab\u2009contexte plus favorable\u2009\u00bb<\/strong> pour l\u2019ouverture de <a href=\"https:\/\/actu.fr\/tag\/nouveaux-commerces\" target=\"_blank\" rel=\"noopener\">nouveaux commerces<\/a>.<\/p>\n<p class=\" wall-content\">Sur le secteur Saint-Michel, c\u2019est <strong>une banque<\/strong> qui devrait prendre le relais dans ses imposants locaux (400\u00a0m2) qui font l\u2019angle avec la place de la Sorbonne.<\/p>\n<p>\u00ab\u2009Un magasin de jouets est un compl\u00e9ment, il ne peut pas \u00eatre une locomotive\u2009\u00bb<\/p>\n<p class=\" wall-content\">Sur tout le boulevard long de pr\u00e8s de deux kilom\u00e8tres, les locaux vides sont nombreux\u2009: <strong>plus d\u2019une vingtaine <\/strong>selon notre d\u00e9compte. \u00ab\u2009Le boulevard a bien chang\u00e9, il n\u2019est plus comme avant. Avant, il n\u2019y avait quasiment pas un local vide. Maintenant, c\u2019est l\u2019inverse\u2009\u00bb, affirme Gilles, patron de Maryline, une boutique de chaussures depuis 1985.<\/p>\n<p>      <img   decoding=\"async\" loading=\"lazy\" src=\"https:\/\/www.europesays.com\/fr\/wp-content\/uploads\/2025\/04\/img-7822-960x640.jpg\" alt=\"Apr\u00e8s seulement six ans d'existence sur le boulevard Saint-Michel (Paris, 5e), l'enseigne King Jouet a ferm\u00e9 ses portes le 29 mars 2025.\" width=\"960\" height=\"640\"\/><br \/>\n    Apr\u00e8s seulement six ans d\u2019existence sur le boulevard Saint-Michel (Paris, 5e), l\u2019enseigne King Jouet a ferm\u00e9 ses portes le 29\u00a0mars 2025. (\u00a9TN \/ actu Paris)<\/p>\n<p class=\" wall-content\">D\u00e9j\u00e0 bien affaibli depuis la crise du <a href=\"https:\/\/actu.fr\/societe\/coronavirus\" target=\"_blank\" rel=\"noopener\">Covid-19<\/a>, le boulevard Saint-Michel continue de voir dispara\u00eetre ses boutiques les unes apr\u00e8s les autres\u2009: King Jouet et <strong>Benetton <\/strong>fin\u00a0mars\u00a02025, <strong>Celio<\/strong>, il y a plus d\u2019un an, pour les plus connues. Des d\u00e9parts qui font mal aux autres enseignes. \u00ab\u2009Un magasin de jouet est un compl\u00e9ment, pas une locomotive\u2009\u00bb, explique froidement Maxime Bonati. En r\u00e9ponse \u00e0 ces fermetures, les ouvertures se font plus rares\u2009: <strong>un Five Guys, un Dr Martens<\/strong> et un Intermarch\u00e9 doivent faire leurs apparitions dans les prochains mois. Mais ce sont surtout les enseignes de solderies ou \u00e0 bas prix qui poussent ces derniers mois.<\/p>\n<p class=\" wall-content\">\u00ab\u2009<strong>Il faut que les grosses enseignes reviennent<\/strong>. Ce sont elles qui font venir les clients\u2009\u00bb, abonde Gilles, g\u00e9rant de Maryline, une boutique de chaussures depuis 1985.<\/p>\n<blockquote class=\"ac-article-quote wall-content\">\n<p>Le boulevard Saint-Michel est en p\u00e9ril. C\u2019est un quartier qui d\u00e9p\u00e9rit d\u2019ann\u00e9es en ann\u00e9es.<\/p>\n<p>    <strong>Maxime Bonati<\/strong><br \/>\n        Directeur du King Jouet Saint-Michel    <\/p><\/blockquote>\n<p>La probl\u00e9matique des loyers<\/p>\n<p class=\" wall-content\">Le prix des loyers est l\u2019autre argument avanc\u00e9 par les commer\u00e7ants pour justifier cette abondance de locaux vides. \u00ab\u2009On a essay\u00e9 de n\u00e9gocier une baisse, mais \u00e7a n\u2019a pas \u00e9t\u00e9 possible\u2009\u00bb, confie Maxime Bonati.<\/p>\n<p class=\" wall-content\">Gilles, lui, explique payer <strong>7\u2009000\u00a0euros par mois<\/strong>, soit un quart de son chiffre d\u2019affaires. \u00ab\u2009C\u2019est bien trop cher\u2009\u00bb, souffle-t-il. Pourtant, celui qui travaille avec son fils, Fabien, confie travaill\u00e9 plus qu\u2019avant. \u00ab\u2009J\u2019ai d\u00fb me r\u00e9soudre \u00e0 ouvrir le dimanche pour tenir. D\u00e9sormais, on travaille uniquement pour payer nos charges\u2009\u00bb.<\/p>\n<p class=\" wall-content\">Lass\u00e9s de cette situation, les deux hommes qui souhaitent \u00ab\u2009tenir\u2009\u00bb, commencent tout de m\u00eame \u00e0 <strong>envisager de c\u00e9der leur commerce<\/strong>. \u00ab\u2009Si \u00e7a ne ranime pas, on va tomber aussi. Le boulevard est en train de s\u2019\u00e9teindre\u2009\u00bb.<\/p>\n<p>Le secteur du commerce en crise<\/p>\n<p class=\" wall-content\">Cette probl\u00e9matique est partag\u00e9e par Florence Berthout, maire (Horizons) du 5e arrondissement et son homologue du 6e arrondissement, Jean-Pierre Lecoq (LR). Les deux \u00e9diles qui se partagent un trottoir chacun du boulevard, les trouvent \u00ab\u2009trop chers\u2009\u00bb, \u00ab\u2009exorbitants\u2009\u00bb ou \u00ab\u2009pas attractifs\u2009\u00bb pour <strong>un boulevard \u00ab\u2009sinistr\u00e9\u2009\u00bb<\/strong>, selon Florence Berthout.<\/p>\n<p class=\" wall-content\">Ils constatent \u00e9galement un changement dans les habitudes des gens\u2009: t\u00e9l\u00e9travail, baisse du pouvoir d\u2019achat, crise du domaine du textile, concurrence de la vente en ligne. <strong>Autant de facteurs<\/strong> qui expliquent cette difficult\u00e9 pour les commer\u00e7ants du boulevard Saint-Michel, mais globalement dans l\u2019ensemble de Paris.<\/p>\n<p>      <img   decoding=\"async\" loading=\"lazy\" src=\"https:\/\/www.europesays.com\/fr\/wp-content\/uploads\/2025\/04\/img-7814-960x640.jpg\" alt=\"Depuis plusieurs ann\u00e9es, le boulevard Saint-Michel \u00e0 Paris est sujet \u00e0 des travaux qui le rendent moins attractifs.\" width=\"960\" height=\"640\"\/><br \/>\n    Depuis plusieurs ann\u00e9es, le boulevard Saint-Michel \u00e0 Paris est sujet \u00e0 des travaux qui le rendent moins attractifs. (\u00a9TN \/ actu Paris)<\/p>\n<p class=\" wall-content\">Lors d\u2019une <a href=\"https:\/\/actu.fr\/ile-de-france\/paris_75056\/fermetures-de-commerces-le-boulevard-saint-michel-peut-il-renaitre-de-ses-cendres-a-paris_40474417.html\" target=\"_blank\" rel=\"noopener\">pr\u00e9c\u00e9dente enqu\u00eate r\u00e9alis\u00e9e en 2021 par actu Paris<\/a>, Jean-Pierre Lecoq affirmait que le quartier \u00ab\u2009devait se r\u00e9inventer\u2009\u00bb. Quatre plus tard, il dresse le constat que presque rien n\u2019a chang\u00e9. \u00ab\u2009\u00c7a fait dix ans que c\u2019est comme \u00e7a\u2009\u00bb. Seule <strong>sa partie basse semble mieux<\/strong> se porter depuis <a href=\"https:\/\/actu.fr\/tag\/cathedrale-notre-dame-de-paris\" target=\"_blank\" rel=\"noopener\">la r\u00e9ouverture de Notre-Dame<\/a>. \u00ab\u2009Il faut maintenant <strong>r\u00e9ussir \u00e0 faire remonter les touristes<\/strong>, car c\u2019est vraiment le secteur de la rue aux \u00e9coles \u00e0 la rue Soufflot qui souffre le plus.\u2009\u00bb<\/p>\n<p>ZTI, pr\u00e9emption\u2026 Les solutions des maires d\u2019arrondissement<\/p>\n<p class=\" wall-content\">Pour y parvenir, les deux maires d\u2019arrondissements se battent pour que l\u2019ensemble de la capitale passe <a href=\"https:\/\/www.apur.org\/fr\/nos-travaux\/zones-touristiques-internationales-paris-zti-diagnostic-initial-commerces\" target=\"_blank\" rel=\"noopener\">en Zone touristique internationale<\/a> (ZTI), <strong>rendant possible l\u2019ouverture des commerces le dimanche<\/strong>. Une mesure \u00e0 laquelle <a href=\"https:\/\/actu.fr\/tag\/mairie-de-paris\" target=\"_blank\" rel=\"noopener\">la mairie de Paris<\/a> est oppos\u00e9e. \u00ab\u2009Une b\u00eatise\u2009\u00bb pour Florence Berthout qui estime que cette mesure \u00ab\u2009n\u2019est pas un rem\u00e8de miracle, mais elle faciliterait l\u2019installation de certains commerces\u2009\u00bb. \u00ab\u2009Cela donne du boulot aux \u00e9tudiants\u2009\u00bb, ajoute Jean-Pierre Lecoq.<\/p>\n<p class=\" wall-content\">Sur un point, la vision des deux \u00e9lus diverge. Florence Berthout souhaiterait mener une politique de <strong>pr\u00e9emption<\/strong>. \u00ab\u2009\u00c7a co\u00fbte tr\u00e8s cher\u2009\u00bb, r\u00e9pond son homologue.<\/p>\n<p class=\" wall-content\">Pour constater l\u2019\u00e9tat de la situation et ne pas laisser mourir le boulevard, l\u2019adjoint au Commerce de la ville de Paris, Nicolas Bonnet-Ouladj, doit se rendre dans tous les prochains jours dans le secteur Saint-Michel.<\/p>\n<p class=\" wall-content\">Suivez toute l\u2019actualit\u00e9 de vos villes et m\u00e9dias favoris en vous inscrivant \u00e0 <a href=\"https:\/\/moncompte.actu.fr\" title=\"D\u00e9couvez Mon Actu\" rel=\"nofollow noopener\" data-trk=\"{&quot;cta&quot;:{&quot;action&quot;:&quot;https:\\\/\\\/moncompte.actu.fr&quot;,&quot;category&quot;:&quot;mon compte&quot;,&quot;from&quot;:&quot;article footer&quot;,&quot;name&quot;:&quot;Mon actu&quot;,&quot;type&quot;:&quot;cta&quot;}}\" target=\"_blank\">Mon Actu<\/a>.<\/p>\n","protected":false},"excerpt":{"rendered":"Par Thibault Nadal Publi\u00e9 le 7 avr. 2025 \u00e0 6h08 Elle est la derni\u00e8re enseigne d\u2019une longue liste&hellip;\n","protected":false},"author":2,"featured_media":8366,"comment_status":"","ping_status":"","sticky":false,"template":"","format":"standard","meta":{"footnotes":""},"categories":[1888],"tags":[11,215,4379,1777,674,1011,27,2381,12,626,25,104],"class_list":{"0":"post-8365","1":"post","2":"type-post","3":"status-publish","4":"format-standard","5":"has-post-thumbnail","7":"category-paris","8":"tag-actualites","9":"tag-commerce","10":"tag-coronavirus-covid","11":"tag-eu","12":"tag-europe","13":"tag-fr","14":"tag-france","15":"tag-mairie-de-paris","16":"tag-news","17":"tag-paris","18":"tag-republique-francaise","19":"tag-societe"},"share_on_mastodon":{"url":"https:\/\/pubeurope.com\/@fr\/114297832982482907","error":""},"_links":{"self":[{"href":"https:\/\/www.europesays.com\/fr\/wp-json\/wp\/v2\/posts\/8365","targetHints":{"allow":["GET"]}}],"collection":[{"href":"https:\/\/www.europesays.com\/fr\/wp-json\/wp\/v2\/posts"}],"about":[{"href":"https:\/\/www.europesays.com\/fr\/wp-json\/wp\/v2\/types\/post"}],"author":[{"embeddable":true,"href":"https:\/\/www.europesays.com\/fr\/wp-json\/wp\/v2\/users\/2"}],"replies":[{"embeddable":true,"href":"https:\/\/www.europesays.com\/fr\/wp-json\/wp\/v2\/comments?post=8365"}],"version-history":[{"count":0,"href":"https:\/\/www.europesays.com\/fr\/wp-json\/wp\/v2\/posts\/8365\/revisions"}],"wp:featuredmedia":[{"embeddable":true,"href":"https:\/\/www.europesays.com\/fr\/wp-json\/wp\/v2\/media\/8366"}],"wp:attachment":[{"href":"https:\/\/www.europesays.com\/fr\/wp-json\/wp\/v2\/media?parent=8365"}],"wp:term":[{"taxonomy":"category","embeddable":true,"href":"https:\/\/www.europesays.com\/fr\/wp-json\/wp\/v2\/categories?post=8365"},{"taxonomy":"post_tag","embeddable":true,"href":"https:\/\/www.europesays.com\/fr\/wp-json\/wp\/v2\/tags?post=8365"}],"curies":[{"name":"wp","href":"https:\/\/api.w.org\/{rel}","templated":true}]}}