{"id":83667,"date":"2025-05-08T05:30:11","date_gmt":"2025-05-08T05:30:11","guid":{"rendered":"https:\/\/www.europesays.com\/fr\/83667\/"},"modified":"2025-05-08T05:30:11","modified_gmt":"2025-05-08T05:30:11","slug":"grenoble-ces-habitants-en-colere-contre-les-projets-du-maire-les-actions-vont-partir","status":"publish","type":"post","link":"https:\/\/www.europesays.com\/fr\/83667\/","title":{"rendered":"Grenoble. Ces habitants en col\u00e8re contre les projets du maire : \u00ab\u00a0Les actions vont partir\u00a0\u00bb"},"content":{"rendered":"<p>            Par<br \/>\n        <strong><br \/>\n            <a href=\"https:\/\/actu.fr\/auteur\/julien-sournies\" title=\"Consulter tous les articles de Julien Sournies\" rel=\"nofollow noopener\" target=\"_blank\">Julien Sournies<\/a><br \/>\n        <\/strong><\/p>\n<p>        Publi\u00e9 le<\/p>\n<p>            8 mai 2025 \u00e0 7h02        <\/p>\n<p>\u00ab\u2009Vous pouvez en \u00eatre s\u00fbrs, le ton va grandement se durcir\u2009\u00bb, promet Olivier Curto, pr\u00e9sident du collectif \u00ab\u2009Touche pas mon commerce\u2009\u00bb, aupr\u00e8s d\u2019<a href=\"https:\/\/actu.fr\/grenoble\/\" rel=\"nofollow noopener\" target=\"_blank\">actu Grenoble<\/a>. La <strong>r\u00e9union<\/strong> tant attendue entre plusieurs \u00e9lus de <a href=\"https:\/\/actu.fr\/tag\/grenoble-alpes-metropole\" rel=\"nofollow noopener\" target=\"_blank\">Grenoble Alpes M\u00e9tropole<\/a> et de la municipalit\u00e9, unions de quartiers et commer\u00e7ants, qui s\u2019est tenue ce mercredi 7\u00a0mai 2025 en fin de matin\u00e9e, ne s\u2019est finalement pas d\u00e9roul\u00e9e comme escompt\u00e9.<br \/>Alors que l\u2019entrevue \u00e9tait en effet cens\u00e9e d\u00e9boucher sur un terrain d\u2019entente \u2013 dans le meilleur des scenarii \u2013 au sujet des <strong>multiples travaux<\/strong> en cours et \u00e0 venir au sein de la capitale des Alpes, il n\u2019en est rien.<\/p>\n<p>\u00ab\u2009On ne se laissera pas faire\u2009\u00bb<\/p>\n<p class=\" wall-content\">R\u00e9instaurer une circulation partielle dans certains quartiers, retour de quelques places de parking pour \u00e9viter de boucler enti\u00e8rement les secteurs concern\u00e9s\u2026 Plusieurs commer\u00e7ants et pr\u00e9sidents des unions de quartiers sont venus \u00e0 la r\u00e9union avec un<strong> plan d\u2019urbanisme<\/strong> \u00ab\u2009tr\u00e8s pointu\u2009\u00bb. En vain.<\/p>\n<p class=\" wall-content\">\u00ab\u2009On est rest\u00e9s devant le m\u00eame dogmatisme de la part des \u00e9lus de la ville. C\u2019est dommage qu\u2019ils n\u2019\u00e9coutent rien\u2009\u00bb, regrette am\u00e8rement celui qui tient un salon de coiffure dans le quartier Notre-Dame.<\/p>\n<blockquote class=\"ac-article-quote wall-content\">\n<p>Ils se sont retrouv\u00e9s face \u00e0 un collectif tr\u00e8s remont\u00e9 et \u00e7a va \u00eatre encore pire. Nous sommes venus pour discuter, mais nous n&rsquo;avons pas \u00e9t\u00e9 entendus. Ce n&rsquo;est pas normal, on ne se laissera pas faire. On est pr\u00eats \u00e0 en d\u00e9coudre.<\/p>\n<p>    <strong>Olivier Curto<\/strong><br \/>\n        Pr\u00e9sident du collectif \u00ab\u00a0Touche pas mon commerce\u00a0\u00bb    <\/p><\/blockquote>\n<p class=\" wall-content\">Entre le <a href=\"https:\/\/actu.fr\/auvergne-rhone-alpes\/grenoble_38185\/grenoble-cette-rue-devenue-pietonne-ne-fait-pas-l-unanimite-c-est-une-privatisation_62540339.html\" rel=\"nofollow noopener\" target=\"_blank\">haut de la rue Lazare-Carnot<\/a>, pass\u00e9 r\u00e9cemment en zone pi\u00e9tonne, et le feu vert donn\u00e9 \u00e0 la municipalit\u00e9 pour la <a href=\"https:\/\/actu.fr\/auvergne-rhone-alpes\/grenoble_38185\/grenoble-ce-projet-polemique-va-bien-voir-le-jour-douche-froide-pour-ses-detracteurs_62560074.html\" rel=\"nofollow noopener\" target=\"_blank\">suppression du parking de l\u2019Esplanade<\/a> en vue de la cr\u00e9ation d\u2019un vaste parc urbain, ils disent en \u00ab\u2009avoir assez d\u2019une municipalit\u00e9 qui n\u2019en a rien faire de ce qu\u2019on leur propose\u2009\u00bb.<\/p>\n<p class=\" wall-content\">Sans parler du projet de r\u00e9am\u00e9nagement de la place de Metz, o\u00f9 une pi\u00e9tonnisation est pr\u00e9vue, la suppression du double sens sur le cours Berriat ou les travaux en cours sur <a href=\"https:\/\/actu.fr\/auvergne-rhone-alpes\/grenoble_38185\/grenoble-on-ne-va-pas-tenir-ces-travaux-polemiques-inquietent-deja-les-commercants_62375291.html\" rel=\"nofollow noopener\" target=\"_blank\">l\u2019avenue Jeanne d\u2019Arc<\/a>. \u00ab\u2009Le nombre de commer\u00e7ants qui ont mis la cl\u00e9 sous la porte depuis est incalculable. \u00c7a ne peut pas durer comme \u00e7a. On ne peut pas se laisser marcher dessus par un r\u00e9gime autoritaire\u2009\u00bb, cingle Olivier Curto.<\/p>\n<p>Des \u00ab\u2009n\u00e9gociations\u2009\u00bb tu\u00e9es dans l\u2019\u0153uf<\/p>\n<p class=\" wall-content\">En parall\u00e8le, la veille, en d\u00e9but de soir\u00e9e, une autre r\u00e9union publique entre diff\u00e9rentes unions de quartiers et les \u00e9lus municipaux a eu lieu. Selon le pr\u00e9sident de \u00ab\u2009Touche pas mon commerce\u2009\u00bb, plusieurs propositions ont \u00e9t\u00e9 formul\u00e9es aux \u00e9lus, telle que la <a href=\"https:\/\/actu.fr\/auvergne-rhone-alpes\/grenoble_38185\/grenoble-les-travaux-tant-attendus-de-ce-parking-ont-ils-ete-abandonnes-la-reponse_62456130.html\" rel=\"nofollow noopener\" target=\"_blank\">cr\u00e9ation d\u2019un parking-silo<\/a> sur le secteur de l\u2019Esplanade \u00ab\u2009pour avoir le maintien d\u2019un parking relais\u2009\u00bb.<\/p>\n<blockquote class=\"ac-article-quote wall-content\">\n<p>Il y avait beaucoup d&rsquo;espoir mais l\u00e0 aussi \u00e7a s&rsquo;est mal pass\u00e9. Ils n&rsquo;en avaient rien \u00e0 faire, la discussion n&rsquo;a pas \u00e9t\u00e9 possible. Ils ont directement coup\u00e9 court aux \u00ab\u00a0n\u00e9gociations\u00a0\u00bb.<\/p>\n<p>    <strong>Olivier Curto <\/strong><br \/>\n        Pr\u00e9sident du collectif \u00ab\u00a0Touche pas mon commerce\u00a0\u00bb    <\/p><\/blockquote>\n<p class=\" wall-content\">Face \u00e0 cette multitude de \u00ab\u2009refus\u2009\u00bb, collectifs, commer\u00e7ants, habitants ou encore unions de quartiers ne <strong>comptent pas en rester l\u00e0<\/strong>. \u00ab\u2009Ce n\u2019est que le d\u00e9but d\u2019un long bras de fer s\u2019il le faut. Suite \u00e0 ces non-discussions, beaucoup de personnes ont rejoint notre cause. Nous ne sommes pas seuls\u2009\u00bb, poursuit Olivier Curto, avant de conclure\u2009:<\/p>\n<p class=\" wall-content\">\u00ab\u2009Une r\u00e9union est en cours pour mettre les prochaines op\u00e9rations au point. En tout cas, les prochaines actions vont \u00eatre un peu plus muscl\u00e9es, les actions vont partir. On les emp\u00eachera d\u2019aller au bout de leurs id\u00e9es, quitte \u00e0 employer la mani\u00e8re forte.\u2009\u00bb<\/p>\n<p>\u00ab\u00a0La M\u00e9tropole a toujours \u00e9t\u00e9 \u00e0 l\u2019\u00e9coute\u00a0\u00bb<\/p>\n<p class=\" wall-content\">Des promesses qui ne manquent pas de faire<strong> grincer des dents<\/strong> la municipalit\u00e9. Joint par la r\u00e9daction, Gilles Namur, adjoint d\u2019\u00c9ric Piolle en charge des espaces publics, par ailleurs pr\u00e9sent lors de ladite entrevue, a fait part de sa vive <strong>exasp\u00e9ration<\/strong> face \u00e0 \u00ab\u2009des discussions qui tournent en rond\u2009\u00bb.<\/p>\n<p class=\" wall-content\">Ce dernier rappelle qu\u2019avant chaque projet, la \u00ab\u2009M\u00e9tropole a toujours \u00e9t\u00e9 \u00e0 l\u2019\u00e9coute des commer\u00e7ants et habitants, et ce, de mani\u00e8re syst\u00e9matique\u2009\u00bb, ajoutant \u00ab\u2009que le m\u00e9contentement de certains commer\u00e7ants est une probl\u00e9matique qui ne date pas d\u2019hier. Lorsque, en 1983, Alain Carignon a voulu un tramway, beaucoup \u00e9taient contre, alors que maintenant, ils sont contents\u2009\u00bb.<\/p>\n<p class=\" wall-content\">En tout cas, Gilles Namur l\u2019assure\u2009: \u00ab\u2009Tous les projets en cours et \u00e0 venir au sein de la ville sont le fruit d\u2019une demande des habitants. Il y a eu beaucoup de dialogue et ce sont des projets qui font partie des programmes pour lesquels on a \u00e9t\u00e9 \u00e9lus.\u2009\u00bb<\/p>\n<p class=\" wall-content\">S\u2019il reconna\u00eet qu\u2019il y a des \u00ab\u2009craintes compr\u00e9hensibles\u2009\u00bb, leurs propositions ne sont pas en ad\u00e9quation avec la politique de la Ville et \u00ab\u2009d\u00e9naturent compl\u00e8tement les projets pour lesquels on nous a fait confiance\u2009\u00bb.<\/p>\n<p class=\" wall-content\">Suivez toute l\u2019actualit\u00e9 de vos villes et m\u00e9dias favoris en vous inscrivant \u00e0 <a href=\"https:\/\/moncompte.actu.fr\" title=\"D\u00e9couvez Mon Actu\" rel=\"nofollow noopener\" data-trk=\"{&quot;cta&quot;:{&quot;action&quot;:&quot;https:\\\/\\\/moncompte.actu.fr&quot;,&quot;category&quot;:&quot;mon compte&quot;,&quot;from&quot;:&quot;article footer&quot;,&quot;name&quot;:&quot;Mon actu&quot;,&quot;type&quot;:&quot;cta&quot;}}\" target=\"_blank\">Mon Actu<\/a>.<\/p>\n","protected":false},"excerpt":{"rendered":"Par Julien Sournies Publi\u00e9 le 8 mai 2025 \u00e0 7h02 \u00ab\u2009Vous pouvez en \u00eatre s\u00fbrs, le ton va&hellip;\n","protected":false},"author":2,"featured_media":83668,"comment_status":"","ping_status":"","sticky":false,"template":"","format":"standard","meta":{"footnotes":""},"categories":[9566],"tags":[1111,11,2430,3542,215,1777,674,1011,27,2731,12,25,104,2086],"class_list":{"0":"post-83667","1":"post","2":"type-post","3":"status-publish","4":"format-standard","5":"has-post-thumbnail","7":"category-grenoble","8":"tag-actu","9":"tag-actualites","10":"tag-auvergne-rhone-alpes","11":"tag-circulation","12":"tag-commerce","13":"tag-eu","14":"tag-europe","15":"tag-fr","16":"tag-france","17":"tag-grenoble","18":"tag-news","19":"tag-republique-francaise","20":"tag-societe","21":"tag-travaux"},"share_on_mastodon":{"url":"https:\/\/pubeurope.com\/@fr\/114470572797608843","error":""},"_links":{"self":[{"href":"https:\/\/www.europesays.com\/fr\/wp-json\/wp\/v2\/posts\/83667","targetHints":{"allow":["GET"]}}],"collection":[{"href":"https:\/\/www.europesays.com\/fr\/wp-json\/wp\/v2\/posts"}],"about":[{"href":"https:\/\/www.europesays.com\/fr\/wp-json\/wp\/v2\/types\/post"}],"author":[{"embeddable":true,"href":"https:\/\/www.europesays.com\/fr\/wp-json\/wp\/v2\/users\/2"}],"replies":[{"embeddable":true,"href":"https:\/\/www.europesays.com\/fr\/wp-json\/wp\/v2\/comments?post=83667"}],"version-history":[{"count":0,"href":"https:\/\/www.europesays.com\/fr\/wp-json\/wp\/v2\/posts\/83667\/revisions"}],"wp:featuredmedia":[{"embeddable":true,"href":"https:\/\/www.europesays.com\/fr\/wp-json\/wp\/v2\/media\/83668"}],"wp:attachment":[{"href":"https:\/\/www.europesays.com\/fr\/wp-json\/wp\/v2\/media?parent=83667"}],"wp:term":[{"taxonomy":"category","embeddable":true,"href":"https:\/\/www.europesays.com\/fr\/wp-json\/wp\/v2\/categories?post=83667"},{"taxonomy":"post_tag","embeddable":true,"href":"https:\/\/www.europesays.com\/fr\/wp-json\/wp\/v2\/tags?post=83667"}],"curies":[{"name":"wp","href":"https:\/\/api.w.org\/{rel}","templated":true}]}}