{"id":83671,"date":"2025-05-08T05:32:13","date_gmt":"2025-05-08T05:32:13","guid":{"rendered":"https:\/\/www.europesays.com\/fr\/83671\/"},"modified":"2025-05-08T05:32:13","modified_gmt":"2025-05-08T05:32:13","slug":"tabacs-boulangeries-commerces-voici-les-nombreux-magasins-ouverts-en-ce-jour-ferie","status":"publish","type":"post","link":"https:\/\/www.europesays.com\/fr\/83671\/","title":{"rendered":"tabacs, boulangeries, commerces\u2026 Voici les (nombreux) magasins ouverts en ce jour f\u00e9ri\u00e9"},"content":{"rendered":"<p>            Par<br \/>\n        <strong><br \/>\n            <a href=\"https:\/\/actu.fr\/auteur\/lou-batteux\" title=\"Consulter tous les articles de Lou Batteux\" target=\"_blank\" rel=\"noopener\">Lou Batteux<\/a><br \/>\n        <\/strong><\/p>\n<p>        Publi\u00e9 le<\/p>\n<p>            8 mai 2025 \u00e0 6h36        <\/p>\n<p>\u00c0 l\u2019occasion du jour f\u00e9ri\u00e9, ce <strong>8 mai<\/strong>, date de la fin de la Seconde Guerre mondiale, actu <a href=\"https:\/\/actu.fr\/rennes\/\" target=\"_blank\" rel=\"noopener\">Rennes<\/a> a sollicit\u00e9 les bars tabac, boulangeries, commer\u00e7ants et centres commerciaux et grands magasins pour savoir qui serait <strong>ouvert<\/strong> \u00e0 Rennes. On a aussi rep\u00e9r\u00e9 quelques adresses de <a href=\"https:\/\/actu.fr\/tag\/restos-de-rennes\" target=\"_blank\" rel=\"noopener\">restaurants<\/a> ouverts ce jeudi chez <a href=\"https:\/\/www.instagram.com\/lesfoodrennes\/\" target=\"_blank\" rel=\"noopener\">lesfoodrennes sur Insta<\/a>.<\/p>\n<p>Les bars tabac<\/p>\n<ul class=\" wall-content\">\n<li><strong>Bar Tabac Le Saint-H\u00e9lier<\/strong>, au\u00a083, rue Saint-H\u00e9lier : ouvert de 9 h \u00e0 19 h<\/li>\n<li><strong>Bar Tabac Le 23<\/strong>, au \u00a024, rue Saint-H\u00e9lier : ouvert de 9 h \u00e0 21 h<\/li>\n<li><strong>Au Bretagne<\/strong>, au 7, place de Bretagne : ouvert de 10 h \u00e0 18 h<\/li>\n<li><strong>Le Churchill<\/strong>, au 1, rue de Bourgogne : ouvert de 8 h 30 \u00e0 12 h 30<\/li>\n<li><strong>Tabac Presse le St Germain<\/strong>, au 3, rue du Vau Saint-Germain : ouvert de 9 h \u00e0 19 h<\/li>\n<li><strong>Tabac Presse Italie<\/strong>, au 2, rue de Suisse : ouvert de 11 h \u00e0 22 h<\/li>\n<\/ul>\n<p class=\" wall-content\"><strong>Les bars tabacs ferm\u00e9s<\/strong> : Le chiquito (que le jeudi) ; Le Reinitas (du jeudi au dimanche) ; La Havane (que le jeudi) ; Le Marigny (que le jeudi) ; Le Savane (que le jeudi) ; Le Pacific (que le jeudi).<\/p>\n<p class=\" wall-content\">Cette liste n\u2019est pas exhaustive\u2009: les bars tabacs qui n\u2019ont pas \u00e9t\u00e9 mentionn\u00e9s dans cet article sont ceux qui n\u2019ont pas r\u00e9pondu \u00e0 nos sollicitations par t\u00e9l\u00e9phone.<\/p>\n<p>Les boulangeries\u00a0<\/p>\n<ul class=\" wall-content\">\n<li><strong>Boulangerie Miravel<\/strong>, au 132, rue de Foug\u00e8res : ouverte aux horaires habituels de 7 h \u00e0 20 h<\/li>\n<li><strong>Boulangerie Feuillette<\/strong>, au 35, Rue de Bray, \u00e0 Cesson-S\u00e9vign\u00e9 : ouverte aux horaires habituels de 7 h \u00e0 20 h<\/li>\n<li><strong>Les boulangeries Augustin<\/strong> : ouvertes aux horaires habituels<\/li>\n<li><strong>Grand p\u00e8re Jules<\/strong>, au 28, rue de Nemours : ouverte uniquement le matin\u00a0<\/li>\n<li><strong>Maison Coupel<\/strong>, au \u00a021, rue Saint-H\u00e9lier : ouverte le matin de 8 h \u00e0 13 h<\/li>\n<li><strong>La t\u00eate enfarin\u00e9e<\/strong>, au 3, rue de Co\u00ebtquen : ouverte aux horaires habituels de 8 h \u00e0 18 h 30<\/li>\n<li><strong>Les deux p\u00e2tisseries boulangeries Seize Heures Trente<\/strong> : ouvertes aux horaires habituels de 9 h \u00e0 18 h 30<\/li>\n<li><strong>Boulangerie du Thabor<\/strong>, au 5, rue de Paris : ouverte le matin de 7 h \u00e0 13 h<\/li>\n<li><strong>Boulangerie Geffray<\/strong>, au 2, avenue Sir Winston Churchill : ouverte aux horaires habituels de 6 h 45 \u00e0 19 h 30<\/li>\n<li><strong>Maison B\u00e9cam<\/strong>, au 69, rue Jean Gu\u00e9henno : ouverte aux horaires habituels de 7 h \u00e0 20 h (ouverte toute l\u2019ann\u00e9e sauf le 1er mai)<\/li>\n<li><strong>Boulangerie P\u00e2tisserie L\u2019Attrape Douceurs<\/strong>, au 15, rue Pierre Lebelle : ouverte le matin de 7 h \u00e0 13 h\u00a0<\/li>\n<li><strong>Ty Vorn<\/strong>, au 19, place de la Gare : ouverte aux horaires habituels de 5 h 30 \u00e0 20 h<\/li>\n<\/ul>\n<p class=\" wall-content\"><strong>Celles ferm\u00e9es<\/strong> : Au Four et au Moulin (35, Rue Vaneau) ; Aux D\u00e9lices De Sam (8, place du Bas des Lice) ; Boulangerie Elluard (10, rue Saint-H\u00e9lier) ; Maison Brodin (4, rue du G\u00e9n\u00e9ral Maurice Guillaudot, ferm\u00e9e de jeudi \u00e0 dimanche) ; Boulangerie Couasnon (122, bis rue d\u2019Antrain) ; Le Paris-Breizh (117, rue de Paris).<\/p>\n<p class=\" wall-content\">Comme pour les tabacs, cette liste n\u2019est pas exhaustive\u2009: les boulangeries qui n\u2019ont pas \u00e9t\u00e9 mentionn\u00e9es dans cet article sont celles qui n\u2019ont pas r\u00e9pondu \u00e0 nos sollicitations par t\u00e9l\u00e9phone.<\/p>\n<p>Les commerces<\/p>\n<p class=\" wall-content\">Certains <strong>commer\u00e7ants<\/strong>\u00a0du centre-ville rennais ont r\u00e9pondu \u00e0 une enqu\u00eate de l\u2019association de commer\u00e7ants du Carr\u00e9 Rennais en indiquant s\u2019ils \u00e9taient <strong>ouverts<\/strong> ou non le jeudi 8 mai 2025. Voici la liste.<\/p>\n<p class=\" wall-content\">\n<p>Les centres commerciaux et grands magasins<\/p>\n<p class=\" wall-content\">Sur leurs sites internet, ces magasins indiquent \u00eatre ouverts toute la journ\u00e9e ce jeudi 8 mai.<\/p>\n<ul class=\" wall-content\">\n<li>Grand Quartier (de 10 h \u00e0 19 h)<\/li>\n<li>La Visitation (de 10 h \u00e0 19 h)<\/li>\n<li>Colombia (de 10 h \u00e0 19 h)<\/li>\n<li>Alma (de 10 h \u00e0 19 h)<\/li>\n<li>Les magasins Decathlon<\/li>\n<li>Saint-Gr\u00e9goire Le Centre (de 10 h \u00e0 19 h)<\/li>\n<li>Centre commercial Cleunay (de 9 h 30 \u00e0 19 h)<\/li>\n<li>Shop\u2019in Pac\u00e9 (de 10 h \u00e0 18 h)<\/li>\n<li>Boulanger (de 10 h \u00e0 19 h)<\/li>\n<li>Cultura (de 10 h \u00e0 19 h)<\/li>\n<li>IKEA (de 11 h \u00e0 18 h)<\/li>\n<\/ul>\n<p>Quelques restaurants<\/p>\n<p class=\" wall-content\">Sur <a href=\"https:\/\/www.instagram.com\/lesfoodrennes\/\" target=\"_blank\" rel=\"noopener\">leur compte Instagram, Lesfoodrennes<\/a> partagent \u00e9galement quelques adresses de restaurants ouverts en ce jour f\u00e9ri\u00e9. Voici les premiers indiqu\u00e9s en story :<\/p>\n<ul class=\" wall-content\">\n<li>S\u00e9oul to Go<\/li>\n<li>Banco<\/li>\n<li>Les Champs R\u00f4tis<\/li>\n<li>Robiquette<\/li>\n<li>I Quattro-Canti Rennes<\/li>\n<li>Sabibi Pita<\/li>\n<li>HotMyDog Caf\u00e9<\/li>\n<li>It\u2019s Five O\u2019Clock Somewhere<\/li>\n<li>Un Bon Moment.<\/li>\n<\/ul>\n<p class=\" wall-content\">Suivez toute l\u2019actualit\u00e9 de vos villes et m\u00e9dias favoris en vous inscrivant \u00e0 <a href=\"https:\/\/moncompte.actu.fr\" title=\"D\u00e9couvez Mon Actu\" rel=\"nofollow noopener\" data-trk=\"{&quot;cta&quot;:{&quot;action&quot;:&quot;https:\\\/\\\/moncompte.actu.fr&quot;,&quot;category&quot;:&quot;mon compte&quot;,&quot;from&quot;:&quot;article footer&quot;,&quot;name&quot;:&quot;Mon actu&quot;,&quot;type&quot;:&quot;cta&quot;}}\" target=\"_blank\">Mon Actu<\/a>.<\/p>\n<p>                    <script async src=\"\/\/www.instagram.com\/embed.js\"><\/script><\/p>\n","protected":false},"excerpt":{"rendered":"Par Lou Batteux Publi\u00e9 le 8 mai 2025 \u00e0 6h36 \u00c0 l\u2019occasion du jour f\u00e9ri\u00e9, ce 8 mai,&hellip;\n","protected":false},"author":2,"featured_media":83672,"comment_status":"","ping_status":"","sticky":false,"template":"","format":"standard","meta":{"footnotes":""},"categories":[2821],"tags":[1111,11,829,215,130,1777,674,1011,27,12,584,25,10619,104],"class_list":{"0":"post-83671","1":"post","2":"type-post","3":"status-publish","4":"format-standard","5":"has-post-thumbnail","7":"category-rennes","8":"tag-actu","9":"tag-actualites","10":"tag-bretagne","11":"tag-commerce","12":"tag-consommation","13":"tag-eu","14":"tag-europe","15":"tag-fr","16":"tag-france","17":"tag-news","18":"tag-rennes","19":"tag-republique-francaise","20":"tag-restos-de-rennes","21":"tag-societe"},"share_on_mastodon":{"url":"https:\/\/pubeurope.com\/@fr\/114470580715811102","error":""},"_links":{"self":[{"href":"https:\/\/www.europesays.com\/fr\/wp-json\/wp\/v2\/posts\/83671","targetHints":{"allow":["GET"]}}],"collection":[{"href":"https:\/\/www.europesays.com\/fr\/wp-json\/wp\/v2\/posts"}],"about":[{"href":"https:\/\/www.europesays.com\/fr\/wp-json\/wp\/v2\/types\/post"}],"author":[{"embeddable":true,"href":"https:\/\/www.europesays.com\/fr\/wp-json\/wp\/v2\/users\/2"}],"replies":[{"embeddable":true,"href":"https:\/\/www.europesays.com\/fr\/wp-json\/wp\/v2\/comments?post=83671"}],"version-history":[{"count":0,"href":"https:\/\/www.europesays.com\/fr\/wp-json\/wp\/v2\/posts\/83671\/revisions"}],"wp:featuredmedia":[{"embeddable":true,"href":"https:\/\/www.europesays.com\/fr\/wp-json\/wp\/v2\/media\/83672"}],"wp:attachment":[{"href":"https:\/\/www.europesays.com\/fr\/wp-json\/wp\/v2\/media?parent=83671"}],"wp:term":[{"taxonomy":"category","embeddable":true,"href":"https:\/\/www.europesays.com\/fr\/wp-json\/wp\/v2\/categories?post=83671"},{"taxonomy":"post_tag","embeddable":true,"href":"https:\/\/www.europesays.com\/fr\/wp-json\/wp\/v2\/tags?post=83671"}],"curies":[{"name":"wp","href":"https:\/\/api.w.org\/{rel}","templated":true}]}}