{"id":83678,"date":"2025-05-08T05:36:17","date_gmt":"2025-05-08T05:36:17","guid":{"rendered":"https:\/\/www.europesays.com\/fr\/83678\/"},"modified":"2025-05-08T05:36:17","modified_gmt":"2025-05-08T05:36:17","slug":"un-gerant-de-bar-condamne-pour-avoir-tue-puis-momifie-un-client-dans-du-beton","status":"publish","type":"post","link":"https:\/\/www.europesays.com\/fr\/83678\/","title":{"rendered":"Un g\u00e9rant de bar condamn\u00e9 pour avoir tu\u00e9 puis momifi\u00e9 un client dans du b\u00e9ton"},"content":{"rendered":"<p><strong>sarcophage de l\u2019horreur &#8211; Ag\u00e9 de 58 ans, le g\u00e9rant de bar a \u00e9cop\u00e9 de trente ans de prison<\/strong><\/p>\n<p>La peine maximale requise par l\u2019avocat g\u00e9n\u00e9ral aura \u00e9t\u00e9 suivie. La cour d\u2019assises des <a href=\"https:\/\/www.20minutes.fr\/societe\/alpes-maritimes\/?at_medium=RSS+feed&amp;at_campaign=ynews&amp;utm_source=yahoo&amp;utm_medium=rss&amp;utm_campaign=news_feed&amp;utm_content=in_article_link\" rel=\"nofollow noopener\" target=\"_blank\" data-ylk=\"slk:Alpes-Maritimes;elm:context_link;itc:0;sec:content-canvas\" class=\"link \">Alpes-Maritimes<\/a> a condamn\u00e9 mercredi \u00e0 30 ans de r\u00e9clusion criminelle un g\u00e9rant de bar de 58 ans qui avait tu\u00e9 un client dans un acc\u00e8s de rage et coul\u00e9 son corps dans du b\u00e9ton.<\/p>\n<p>Le jury a aussi inflig\u00e9 cinq ans de prison ferme \u00e0 un ancien boxeur de 38 ans pr\u00e9sent la nuit du drame \u2013 alors que le parquet avait requis trois ans ferme \u2013 pour non-assistance \u00e0 personne en danger et modification de la sc\u00e8ne de <a href=\"https:\/\/www.20minutes.fr\/dossier\/crime?at_medium=RSS+feed&amp;at_campaign=ynews&amp;utm_source=yahoo&amp;utm_medium=rss&amp;utm_campaign=news_feed&amp;utm_content=in_article_link\" rel=\"nofollow noopener\" target=\"_blank\" data-ylk=\"slk:crime;elm:context_link;itc:0;sec:content-canvas\" class=\"link \">crime<\/a>. Les proches de la victime, venus avec un portrait du trentenaire, ont \u00e9clat\u00e9 en sanglots \u00e0 l\u2019annonce du verdict. Les avocats des deux mis en cause ont annonc\u00e9 leur intention de faire appel.<\/p>\n<p>Le motif du diff\u00e9rend reste un myst\u00e8re<\/p>\n<p>Le 6 f\u00e9vrier\u00a02022, M\u2019hand Goumiri avait quitt\u00e9 son appartement vers minuit, laissant son portable en charge, la t\u00e9l\u00e9vision allum\u00e9e et n\u2019a plus jamais donn\u00e9 signe de vie. Tr\u00e8s vite, l\u2019enqu\u00eate s\u2019est port\u00e9e sur le g\u00e9rant de l\u2019Atrium, un bar kabyle que le disparu fr\u00e9quentait, \u00e0 deux pas de la promenade des Anglais. Les deux hommes \u00e9taient f\u00e2ch\u00e9s et, le soir de sa disparition, la victime avait appel\u00e9 quatre fois le g\u00e9rant.<\/p>\n<p>En juin\u00a02022, une perquisition dans le bar a r\u00e9v\u00e9l\u00e9 des traces de sang dans une salle PMU et dans la cave. Une fois la cave vid\u00e9e, les enqu\u00eateurs ont d\u00e9couvert une sorte de sarcophage en b\u00e9ton, qui contenait le corps momifi\u00e9. Le motif du diff\u00e9rend entre les deux hommes reste un myst\u00e8re mais selon le g\u00e9rant, ce client le harcelait.<\/p>\n<p>Le soir du drame(&#8230;)<\/p>\n<p><a href=\"https:\/\/www.20minutes.fr\/justice\/4152419-20250508-nice-gerant-bar-condamne-avoir-tue-puis-momifie-client-beton?at_medium=RSS+feed&amp;at_campaign=ynews&amp;utm_source=yahoo&amp;utm_medium=rss&amp;utm_campaign=news_feed&amp;utm_content=read_more_link&quot;\" rel=\"nofollow noopener\" target=\"_blank\" data-ylk=\"slk:Lire la suite sur 20minutes;elm:context_link;itc:0;sec:content-canvas\" class=\"link \">Lire la suite sur 20minutes<\/a><\/p>\n<p>\u00c0 lire aussi :<br \/><a href=\"https:\/\/www.20minutes.fr\/arts-stars\/serie\/4144434-20250320-adolescence-netflix-non-fait-divers-tragique-londres-inspire-serie?at_medium=RSS+feed&amp;at_campaign=ynews&amp;utm_source=yahoo&amp;utm_medium=rss&amp;utm_campaign=news_feed&amp;utm_content=related_content_link\" rel=\"nofollow noopener\" target=\"_blank\" data-ylk=\"slk:\u00ab\u00a0Adolescence\u00a0\u00bb sur Netflix\u00a0: Non, ce n\u2019est pas ce fait divers tragique \u00e0 Londres qui a inspir\u00e9 la s\u00e9rie;elm:context_link;itc:0;sec:content-canvas\" class=\"link \">\u00ab\u00a0Adolescence\u00a0\u00bb sur Netflix\u00a0: Non, ce n\u2019est pas ce fait divers tragique \u00e0 Londres qui a inspir\u00e9 la s\u00e9rie<\/a><br \/><a href=\"https:\/\/www.20minutes.fr\/societe\/4139714-20250223-pourquoi-autant-femmes-ecoutent-podcasts-true-crime?at_medium=RSS+feed&amp;at_campaign=ynews&amp;utm_source=yahoo&amp;utm_medium=rss&amp;utm_campaign=news_feed&amp;utm_content=related_content_link\" rel=\"nofollow noopener\" target=\"_blank\" data-ylk=\"slk:Pourquoi autant de femmes \u00e9coutent des podcasts \u00ab\u00a0true crime\u00a0\u00bb\u00a0?;elm:context_link;itc:0;sec:content-canvas\" class=\"link \">Pourquoi autant de femmes \u00e9coutent des podcasts \u00ab\u00a0true crime\u00a0\u00bb\u00a0?<\/a><\/p>\n","protected":false},"excerpt":{"rendered":"sarcophage de l\u2019horreur &#8211; Ag\u00e9 de 58 ans, le g\u00e9rant de bar a \u00e9cop\u00e9 de trente ans de&hellip;\n","protected":false},"author":2,"featured_media":83679,"comment_status":"","ping_status":"","sticky":false,"template":"","format":"standard","meta":{"footnotes":""},"categories":[2819],"tags":[19175,1111,11,9732,1777,674,1011,27,18297,18372,17238,18375,12,2401,882,25,13303,18373],"class_list":{"0":"post-83678","1":"post","2":"type-post","3":"status-publish","4":"format-standard","5":"has-post-thumbnail","7":"category-nice","8":"tag-acces-de-rage","9":"tag-actu","10":"tag-actualites","11":"tag-bar","12":"tag-eu","13":"tag-europe","14":"tag-fr","15":"tag-france","16":"tag-gerant","17":"tag-la-promenade-des-anglais","18":"tag-le-soir","19":"tag-les-deux-hommes","20":"tag-news","21":"tag-nice","22":"tag-provence-alpes-cote-dazur","23":"tag-republique-francaise","24":"tag-signe-de-vie","25":"tag-traces-de-sang"},"share_on_mastodon":{"url":"https:\/\/pubeurope.com\/@fr\/114470596376508125","error":""},"_links":{"self":[{"href":"https:\/\/www.europesays.com\/fr\/wp-json\/wp\/v2\/posts\/83678","targetHints":{"allow":["GET"]}}],"collection":[{"href":"https:\/\/www.europesays.com\/fr\/wp-json\/wp\/v2\/posts"}],"about":[{"href":"https:\/\/www.europesays.com\/fr\/wp-json\/wp\/v2\/types\/post"}],"author":[{"embeddable":true,"href":"https:\/\/www.europesays.com\/fr\/wp-json\/wp\/v2\/users\/2"}],"replies":[{"embeddable":true,"href":"https:\/\/www.europesays.com\/fr\/wp-json\/wp\/v2\/comments?post=83678"}],"version-history":[{"count":0,"href":"https:\/\/www.europesays.com\/fr\/wp-json\/wp\/v2\/posts\/83678\/revisions"}],"wp:featuredmedia":[{"embeddable":true,"href":"https:\/\/www.europesays.com\/fr\/wp-json\/wp\/v2\/media\/83679"}],"wp:attachment":[{"href":"https:\/\/www.europesays.com\/fr\/wp-json\/wp\/v2\/media?parent=83678"}],"wp:term":[{"taxonomy":"category","embeddable":true,"href":"https:\/\/www.europesays.com\/fr\/wp-json\/wp\/v2\/categories?post=83678"},{"taxonomy":"post_tag","embeddable":true,"href":"https:\/\/www.europesays.com\/fr\/wp-json\/wp\/v2\/tags?post=83678"}],"curies":[{"name":"wp","href":"https:\/\/api.w.org\/{rel}","templated":true}]}}