{"id":837269,"date":"2026-03-31T06:19:22","date_gmt":"2026-03-31T06:19:22","guid":{"rendered":"https:\/\/www.europesays.com\/fr\/837269\/"},"modified":"2026-03-31T06:19:22","modified_gmt":"2026-03-31T06:19:22","slug":"faut-il-craindre-une-penurie-de-diesel-dans-les-stations-de-totalenergies","status":"publish","type":"post","link":"https:\/\/www.europesays.com\/fr\/837269\/","title":{"rendered":"faut-il craindre une p\u00e9nurie de diesel dans les stations de TotalEnergies\u00a0?"},"content":{"rendered":"<p>\n                Article premium,<br \/>\n                    R\u00e9serv\u00e9 aux\u00a0abonn\u00e9s\n            <\/p>\n<p class=\"su-standfirst chapeau\">Le week-end dernier, des automobilistes ont constat\u00e9 une rupture d\u2019approvisionnement en diesel dans certaines stations essence du groupe TotalEnergies. Ce dernier rassure sur la situation, en lien avec sa strat\u00e9gie de plafonnement des prix.<\/p>\n<p>                                        <img decoding=\"async\" class=\"su-media\" src=\"https:\/\/media.ouest-france.fr\/v1\/pictures\/MjAyNjAzMTYzNDZjZDM3MmM1YTNlZTg2NWI5M2I2ZTY0NjdhYmQ?width=1260&amp;height=708&amp;focuspoint=50%2C25&amp;cropresize=1&amp;client_id=bpeditorial&amp;sign=72acb3ac2f14348074b45bf157f75db9bba61b3038aa6f22b432dc427c46a49d\" alt=\"L\u2019essence est limit\u00e9e \u00e0 1,99\u00a0\u20ac le litre et le diesel \u00e0 2,09\u00a0\u20ac chez TotalEnergies, officiellement jusqu\u2019au 31\u00a0mars 2026.\"  \/><\/p>\n<p>                            L\u2019essence est limit\u00e9e \u00e0 1,99\u00a0\u20ac le litre et le diesel \u00e0 2,09\u00a0\u20ac chez TotalEnergies, officiellement jusqu\u2019au 31\u00a0mars 2026. | MARC OLLIVIER\/OUEST-FRANCE<\/p>\n<p>                            fermer<\/p>\n<ul class=\"su-row su-carrousel-container su-not-list\" data-suswipe=\"{\" rambo=\"\" .carrousel-nav-bas=\"\" .item=\"\">\n<li class=\"su-col-xs-6 su-col-md-24 carrousel-contenu su-carrousel-item\" data-ofvwidth=\"{\" mobileonly=\"\"><img decoding=\"async\" data-ofmaxheight=\"\" class=\"su-media lazyload\" alt=\"L\u2019essence est limit\u00e9e \u00e0 1,99\u00a0\u20ac le litre et le diesel \u00e0 2,09\u00a0\u20ac chez TotalEnergies, officiellement jusqu\u2019au 31\u00a0mars 2026.\" src=\"data:image\/png;base64,iVBORw0KGgoAAAANSUhEUgAAABAAAAAJCAYAAAA7KqwyAAAAGXRFWHRTb2Z0d2FyZQBBZG9iZSBJbWFnZVJlYWR5ccllPAAAABhJREFUeNpi\/P\/\/PwMlgHHUgFEDgAAgwAD+lBrvy+NcxAAAAABJRU5ErkJggg==\" data-oflazyload=\"{&quot;srcset&quot;:&quot;https:\/\/media.ouest-france.fr\/v1\/pictures\/MjAyNjAzMTYzNDZjZDM3MmM1YTNlZTg2NWI5M2I2ZTY0NjdhYmQ?width=320&amp;focuspoint=50%2C25&amp;cropresize=1&amp;client_id=bpeditorial&amp;sign=a1029f2d272ee48d834ac1e67d8ad6f3a74ac56d36b61a839fe2c2c63e9f570f 320w,https:\/\/media.ouest-france.fr\/v1\/pictures\/MjAyNjAzMTYzNDZjZDM3MmM1YTNlZTg2NWI5M2I2ZTY0NjdhYmQ?width=375&amp;focuspoint=50%2C25&amp;cropresize=1&amp;client_id=bpeditorial&amp;sign=58000cb798dad4790752bb6a40c032d9b35b973586792c22641918c53a48626d 360w,https:\/\/media.ouest-france.fr\/v1\/pictures\/MjAyNjAzMTYzNDZjZDM3MmM1YTNlZTg2NWI5M2I2ZTY0NjdhYmQ?width=480&amp;focuspoint=50%2C25&amp;cropresize=1&amp;client_id=bpeditorial&amp;sign=704fc7e4acc4c065a455f990a945cf905b7d732a0a85bc3dc26d6a6fc607ade4 480w,https:\/\/media.ouest-france.fr\/v1\/pictures\/MjAyNjAzMTYzNDZjZDM3MmM1YTNlZTg2NWI5M2I2ZTY0NjdhYmQ?width=630&amp;focuspoint=50%2C25&amp;cropresize=1&amp;client_id=bpeditorial&amp;sign=8ac323af457694c3485a5414177115fbede0a2e719ccdc96516e18d5738aad77 630w,https:\/\/media.ouest-france.fr\/v1\/pictures\/MjAyNjAzMTYzNDZjZDM3MmM1YTNlZTg2NWI5M2I2ZTY0NjdhYmQ?width=940&amp;focuspoint=50%2C25&amp;cropresize=1&amp;client_id=bpeditorial&amp;sign=5d26f00bfb7198ceecef1e7aa3ae37d3c03fd0833c50aa70490ed1ad70c8df5a 940w,https:\/\/media.ouest-france.fr\/v1\/pictures\/MjAyNjAzMTYzNDZjZDM3MmM1YTNlZTg2NWI5M2I2ZTY0NjdhYmQ?width=1260&amp;focuspoint=50%2C25&amp;cropresize=1&amp;client_id=bpeditorial&amp;sign=faa8cb8e3b91134922e3daccd8a2cf99bf5ae77518a7ca6e931ee6e6b6d1b87b 1260w&quot;}\"\/>L\u2019essence est limit\u00e9e \u00e0 1,99\u00a0\u20ac le litre et le diesel \u00e0 2,09\u00a0\u20ac chez TotalEnergies, officiellement jusqu\u2019au 31\u00a0mars 2026. | MARC OLLIVIER\/OUEST-FRANCE<\/li>\n<\/ul>\n<p>            Modifi\u00e9 le 30\/03\/2026  \u00e0 18h18<br \/>\n        Publi\u00e9 le 30\/03\/2026  \u00e0 18h11<\/p>\n<p>                            Lire plus tard<\/p>\n<p>                            Partager<\/p>\n<ul id=\"partage-col-gauche\" class=\"su-not-list su-hidden su-margin-top-xs\">\n<li>FacebookFacebook<\/li>\n<li>BlueSkyBlueSky<\/li>\n<li>FlipboardFlipboard<\/li>\n<li>linkedinLinkedIn<\/li>\n<\/ul>\n<p class=\"su-h3 su-margin-bottom-xs\">Newsletter Entreprises<\/p>\n<p>Du lundi au vendredi, l&rsquo;actualit\u00e9 des entreprises vue par Ouest-France et API<\/p>\n<p class=\"su-margin-top-s su-text-xsmall texte-rgpd su-hidden\">Votre e-mail, avec votre consentement, est utilis\u00e9 par Ouest-France pour recevoir notre newsletter. <a class=\"su-link-light\" href=\"https:\/\/www.ouest-france.fr\/politique-de-protection-des-donnees-personnelles\/\" rel=\"nofollow noopener\" target=\"_blank\">En\u00a0savoir\u00a0plus<\/a>.<\/p>\n<p>Le week-end dernier, de nombreux automobilistes souhaitant faire le plein ont \u00e9t\u00e9 confront\u00e9s \u00e0 des stations-service TotalEnergies affichant une rupture en diesel. Faut-il s\u2019inqui\u00e9ter sur du plus long terme, alors que la crise au Moyen-Orient se poursuit\u00a0? Les prix des carburants ont en effet connu une importante hausse de leurs tarifs depuis le d\u00e9but du conflit, il y a un mois. La France qui importe massivement de l\u2019essence et du diesel est particuli\u00e8rement d\u00e9pendante des cours internationaux.<\/p>\n<p>Mais pas de panique \u00e0 avoir, rassure-t-on chez TotalEnergies. Ce dernier ne donne pas de chiffres sur le nombre de stations-service concern\u00e9es par ces p\u00e9nuries. Mais il indique \u00e0 Ouest-France qu\u2019 <strong>\u00ab\u00a0il y a toujours ces effets pendant et apr\u00e8s le week-end. Cela s\u2019explique par le fait que la grande majorit\u00e9 des d\u00e9p\u00f4ts<\/strong> [p\u00e9troliers, aupr\u00e8s desquels les stations se ravitaillent, N.D.L.R.]<strong> ne&#8230;<\/strong>Le <a href=\"https:\/\/www.ouest-france.fr\/bretagne\/vern-sur-seiche-35770\/a-quoi-sert-le-depot-de-carburant-de-vern-sur-seiche-actuellement-bloque-par-des-manifestants-ba1e93a4-a50b-11ec-81cf-6c13c54b69e3\" target=\"_self\" rel=\"nofollow noopener\">d\u00e9p\u00f4t&#8230;<\/a><\/p>\n<p style=\"text-align: center; background-color: #dbbe4d; padding-top: 5px; padding-bottom: 5px; font-size: 14px;\"><strong>D\u00e9j\u00e0 abonn\u00e9 ? <\/strong><a data-trkartmonet=\"Identification\" data-trk-sipa=\"{\" blockcategory=\"\" paywall=\"\" href=\"http:\/\/www.ouest-france.fr\/login?redirect=https:\/\/www.ouest-france.fr\/economie\/entreprises\/total\/carburants-faut-il-craindre-une-penurie-de-diesel-dans-les-stations-de-totalenergies-d793f354-2c41-11f1-b6d3-a26d21fbb514\" rel=\"nofollow noopener\" title=\"Se connecter \u00e0 Ouest-France\" class=\"su-link-light\" target=\"_blank\">Connectez-vous<\/a><\/p>\n<p style=\"text-align: center; padding-top: 15px; padding-bottom: 8px; vertical-align: bottom;\">bloqu\u00e9<strong> Pour lire la suite, abonnez-vous<\/strong><\/p>\n<p style=\"text-align: center;\"><strong>1er mois \u00e0 1\u20ac<\/strong><\/p>\n<p style=\"text-align: center; margin-top: -5px;\">Annulable \u00e0 tout moment<\/p>\n<p style=\"text-align: center;\">\u00a0<\/p>\n<p style=\"text-align: center;\"><a data-ida=\"\" data-trkartmonet=\"Tunnel OF+\" data-trk-sipa=\"{&#010;\" blockcategory=\"\" paywall=\"\" :=\"\" m=\"\" of=\"\" class=\"&#010;        su-button&#010;        su-subscription&#010;        &#010;        &#010;    \" data-trk-bloc=\"paywall\" href=\"https:\/\/abonnement.ouest-france.fr\/tunnel\/pack-essentiel-article\/122096117101?int_medium=lien&amp;int_campaign=PWFR0225-OF&amp;int_content=page-article-payant_boutonjaune-paywall&amp;marquesource=OF&amp;rt=https:\/\/www.ouest-france.fr\/economie\/entreprises\/total\/carburants-faut-il-craindre-une-penurie-de-diesel-dans-les-stations-de-totalenergies-d793f354-2c41-11f1-b6d3-a26d21fbb514\" rel=\"nofollow noopener\" target=\"_blank\"><br \/>\n    <strong>Je m&rsquo;abonne<\/strong><br \/>\n<\/a><\/p>\n<p style=\"text-align: center; padding-top: 10px; padding-bottom: 10px;\"><img decoding=\"async\" src=\"https:\/\/media.ouest-france.fr\/v1\/fonts\/be7723fcee3f1866f1ce99184077fc6f-carte-bancaire.svg?height=36\" alt=\"CB\"\/>\u00a0\u00a0<img decoding=\"async\" src=\"https:\/\/media.ouest-france.fr\/v1\/fonts\/1819d54c599d8afa64539cfba4ac9dde-rib.svg?height=36\" alt=\"RIB\"\/>\u00a0\u00a0<img decoding=\"async\" src=\"https:\/\/media.ouest-france.fr\/v1\/fonts\/065fc80d7b6a03d14a834c224ce723e1-paypal.svg?height=36\" alt=\"PAYPAL\"\/><\/p>\n","protected":false},"excerpt":{"rendered":"Article premium, R\u00e9serv\u00e9 aux\u00a0abonn\u00e9s Le week-end dernier, des automobilistes ont constat\u00e9 une rupture d\u2019approvisionnement en diesel dans certaines&hellip;\n","protected":false},"author":2,"featured_media":837270,"comment_status":"","ping_status":"","sticky":false,"template":"","format":"standard","meta":{"footnotes":"","_share_on_mastodon":"0"},"categories":[2],"tags":[74853,11,646,86231,33,1011,27,86170,12,90888,844,25,33846,800,96],"class_list":["post-837269","post","type-post","status-publish","format-standard","has-post-thumbnail","category-actualites","tag-actualite-en-continu","tag-actualites","tag-automobile","tag-carburants-essence-diesel","tag-economie","tag-fr","tag-france","tag-mon-budget","tag-news","tag-penurie-de-carburant","tag-petrole","tag-republique-francaise","tag-totalenergies","tag-transports","tag-une"],"share_on_mastodon":{"url":"https:\/\/pubeurope.com\/@fr\/116322342092364138","error":""},"_links":{"self":[{"href":"https:\/\/www.europesays.com\/fr\/wp-json\/wp\/v2\/posts\/837269","targetHints":{"allow":["GET"]}}],"collection":[{"href":"https:\/\/www.europesays.com\/fr\/wp-json\/wp\/v2\/posts"}],"about":[{"href":"https:\/\/www.europesays.com\/fr\/wp-json\/wp\/v2\/types\/post"}],"author":[{"embeddable":true,"href":"https:\/\/www.europesays.com\/fr\/wp-json\/wp\/v2\/users\/2"}],"replies":[{"embeddable":true,"href":"https:\/\/www.europesays.com\/fr\/wp-json\/wp\/v2\/comments?post=837269"}],"version-history":[{"count":0,"href":"https:\/\/www.europesays.com\/fr\/wp-json\/wp\/v2\/posts\/837269\/revisions"}],"wp:featuredmedia":[{"embeddable":true,"href":"https:\/\/www.europesays.com\/fr\/wp-json\/wp\/v2\/media\/837270"}],"wp:attachment":[{"href":"https:\/\/www.europesays.com\/fr\/wp-json\/wp\/v2\/media?parent=837269"}],"wp:term":[{"taxonomy":"category","embeddable":true,"href":"https:\/\/www.europesays.com\/fr\/wp-json\/wp\/v2\/categories?post=837269"},{"taxonomy":"post_tag","embeddable":true,"href":"https:\/\/www.europesays.com\/fr\/wp-json\/wp\/v2\/tags?post=837269"}],"curies":[{"name":"wp","href":"https:\/\/api.w.org\/{rel}","templated":true}]}}