{"id":83737,"date":"2025-05-08T06:08:13","date_gmt":"2025-05-08T06:08:13","guid":{"rendered":"https:\/\/www.europesays.com\/fr\/83737\/"},"modified":"2025-05-08T06:08:13","modified_gmt":"2025-05-08T06:08:13","slug":"atp-thierry-guibert-pdg-de-lacoste-novak-djokovic-souhaite-aller-au-moins-jusquaux-jeux-de-los-angeles","status":"publish","type":"post","link":"https:\/\/www.europesays.com\/fr\/83737\/","title":{"rendered":"ATP > Thierry Guibert, PDG de Lacoste : \u00ab\u00a0Novak Djokovic souhaite aller au moins jusqu&rsquo;aux Jeux de Los Angeles\u00a0\u00bb"},"content":{"rendered":"<p>Lors d\u2019une inter\u00adview accord\u00e9e \u00e0 <a href=\"https:\/\/www.lequipe.fr\/Tennis\/Article\/-nous-prioriserons-toujours-le-sport-le-pdg-thierry-guibert-fait-le-bilan-de-ses-dix-ans-a-la-tete-de-lacoste\/1559784\" data-wpel-link=\"external\" target=\"_blank\" rel=\"nofollow external noopener\">L\u2019Equipe<\/a>, le PDG de Lacoste, Thierry Guibert, s\u2019est exprim\u00e9 sur la colla\u00adbo\u00adra\u00adtion avec Novak Djokovic, sous contrat avec la marque au croco\u00addile jusqu\u2019en fin d\u2019ann\u00e9e.\u00a0<\/p>\n<p><strong>\u00ab\u202fNovak souhaite aller au moins jusqu\u2019aux Jeux de Los Angeles\u00a0(en 2028). Je ne doute pas que nous allons trouver un terrain d\u2019en\u00adtente dans les semaines \u00e0 venir. Nous discu\u00adtons surtout du type de renou\u00advel\u00adle\u00adment. Depuis que nous l\u2019avons sign\u00e9, il a gagn\u00e9 la moiti\u00e9 de ses Grands Chelems avec nous. Il a beau\u00adcoup apport\u00e9 \u00e0 la marque.\u202f\u00bb<\/strong><\/p>\n<p class=\"post-published-date\" style=\"color: silver; font-size: 75%; text-align: left;\">Publi\u00e9 le mercredi 7 mai 2025 \u00e0 16:13<\/p>\n","protected":false},"excerpt":{"rendered":"Lors d\u2019une inter\u00adview accord\u00e9e \u00e0 L\u2019Equipe, le PDG de Lacoste, Thierry Guibert, s\u2019est exprim\u00e9 sur la colla\u00adbo\u00adra\u00adtion avec&hellip;\n","protected":false},"author":2,"featured_media":83738,"comment_status":"","ping_status":"","sticky":false,"template":"","format":"standard","meta":{"footnotes":""},"categories":[1415],"tags":[105,1011,27,60,1467],"class_list":{"0":"post-83737","1":"post","2":"type-post","3":"status-publish","4":"format-standard","5":"has-post-thumbnail","7":"category-tennis","8":"tag-djokovic","9":"tag-fr","10":"tag-france","11":"tag-sports","12":"tag-tennis"},"share_on_mastodon":{"url":"https:\/\/pubeurope.com\/@fr\/114470722167530050","error":""},"_links":{"self":[{"href":"https:\/\/www.europesays.com\/fr\/wp-json\/wp\/v2\/posts\/83737","targetHints":{"allow":["GET"]}}],"collection":[{"href":"https:\/\/www.europesays.com\/fr\/wp-json\/wp\/v2\/posts"}],"about":[{"href":"https:\/\/www.europesays.com\/fr\/wp-json\/wp\/v2\/types\/post"}],"author":[{"embeddable":true,"href":"https:\/\/www.europesays.com\/fr\/wp-json\/wp\/v2\/users\/2"}],"replies":[{"embeddable":true,"href":"https:\/\/www.europesays.com\/fr\/wp-json\/wp\/v2\/comments?post=83737"}],"version-history":[{"count":0,"href":"https:\/\/www.europesays.com\/fr\/wp-json\/wp\/v2\/posts\/83737\/revisions"}],"wp:featuredmedia":[{"embeddable":true,"href":"https:\/\/www.europesays.com\/fr\/wp-json\/wp\/v2\/media\/83738"}],"wp:attachment":[{"href":"https:\/\/www.europesays.com\/fr\/wp-json\/wp\/v2\/media?parent=83737"}],"wp:term":[{"taxonomy":"category","embeddable":true,"href":"https:\/\/www.europesays.com\/fr\/wp-json\/wp\/v2\/categories?post=83737"},{"taxonomy":"post_tag","embeddable":true,"href":"https:\/\/www.europesays.com\/fr\/wp-json\/wp\/v2\/tags?post=83737"}],"curies":[{"name":"wp","href":"https:\/\/api.w.org\/{rel}","templated":true}]}}