{"id":83760,"date":"2025-05-08T06:21:08","date_gmt":"2025-05-08T06:21:08","guid":{"rendered":"https:\/\/www.europesays.com\/fr\/83760\/"},"modified":"2025-05-08T06:21:08","modified_gmt":"2025-05-08T06:21:08","slug":"3-personnes-blessees-par-une-voiture-pres-des-champs-elysees","status":"publish","type":"post","link":"https:\/\/www.europesays.com\/fr\/83760\/","title":{"rendered":"3 personnes bless\u00e9es par une voiture pr\u00e8s des Champs-Elys\u00e9es"},"content":{"rendered":"<p>Trois personnes ont \u00e9t\u00e9 bless\u00e9es mercredi soir par une voiture qui les a percut\u00e9es pr\u00e8s des Champs-\u00c9lys\u00e9es, alors que les supporters du PSG f\u00eataient la qualification de leur \u00e9quipe face \u00e0 Arsenal en finale de la Ligue des champions, a-t-on appris aupr\u00e8s de la pr\u00e9fecture de police (PP) de Paris.<\/p>\n<p>Les faits se sont d\u00e9roul\u00e9s \u00ab\u00a0dans une rue perpendiculaire \u00e0 l\u2019avenue des Champs-\u00c9lys\u00e9es lorsqu\u2019un v\u00e9hicule a dans des circonstances ind\u00e9termin\u00e9es \u00e0 ce stade (acte volontaire non av\u00e9r\u00e9 en l\u2019\u00e9tat) percut\u00e9 trois personnes\u00a0\u00bb, a pr\u00e9cis\u00e9 la pr\u00e9fecture de police.<\/p>\n<p>\u00ab\u00a0Les bless\u00e9s, un en urgence absolue et les deux autres en urgence relative, ont \u00e9t\u00e9 pris en charge\u00a0\u00bb, a ajout\u00e9 la PP.<\/p>\n<p>Le v\u00e9hicule aurait \u00e9t\u00e9 ensuite incendi\u00e9 avenue Marceau, non loin des Champs-\u00c9lys\u00e9es, selon des vid\u00e9os publi\u00e9es sur les r\u00e9seaux sociaux.<\/p>\n<p>Dix-neuf interpellations avaient \u00e9t\u00e9 effectu\u00e9es<\/p>\n<p>Une journaliste de l\u2019AFP a constat\u00e9 la pr\u00e9sence d\u2019une voiture incendi\u00e9e dans cette avenue, et une autre journaliste de l\u2019AFP a vu un v\u00e9hicule de la mairie de Paris incendi\u00e9 dans une autre rue, \u00e9galement pr\u00e8s des Champs-\u00c9lys\u00e9es. \u00c0 1h30, dix-neuf interpellations avaient \u00e9t\u00e9 effectu\u00e9es, selon un premier bilan de la PP, durant cette soir\u00e9e.<\/p>\n","protected":false},"excerpt":{"rendered":"Trois personnes ont \u00e9t\u00e9 bless\u00e9es mercredi soir par une voiture qui les a percut\u00e9es pr\u00e8s des Champs-\u00c9lys\u00e9es, alors&hellip;\n","protected":false},"author":2,"featured_media":83761,"comment_status":"","ping_status":"","sticky":false,"template":"","format":"standard","meta":{"footnotes":""},"categories":[9],"tags":[17,274,19229,8383,1011,27,3762,60,3356,96,133,4752],"class_list":{"0":"post-83760","1":"post","2":"type-post","3":"status-publish","4":"format-standard","5":"has-post-thumbnail","7":"category-sports","8":"tag-17","9":"tag-faits-divers-justice","10":"tag-fonce","11":"tag-foule","12":"tag-fr","13":"tag-france","14":"tag-pres","15":"tag-sports","16":"tag-sur","17":"tag-une","18":"tag-video","19":"tag-voiture"},"share_on_mastodon":{"url":"https:\/\/pubeurope.com\/@fr\/114470773662068380","error":""},"_links":{"self":[{"href":"https:\/\/www.europesays.com\/fr\/wp-json\/wp\/v2\/posts\/83760","targetHints":{"allow":["GET"]}}],"collection":[{"href":"https:\/\/www.europesays.com\/fr\/wp-json\/wp\/v2\/posts"}],"about":[{"href":"https:\/\/www.europesays.com\/fr\/wp-json\/wp\/v2\/types\/post"}],"author":[{"embeddable":true,"href":"https:\/\/www.europesays.com\/fr\/wp-json\/wp\/v2\/users\/2"}],"replies":[{"embeddable":true,"href":"https:\/\/www.europesays.com\/fr\/wp-json\/wp\/v2\/comments?post=83760"}],"version-history":[{"count":0,"href":"https:\/\/www.europesays.com\/fr\/wp-json\/wp\/v2\/posts\/83760\/revisions"}],"wp:featuredmedia":[{"embeddable":true,"href":"https:\/\/www.europesays.com\/fr\/wp-json\/wp\/v2\/media\/83761"}],"wp:attachment":[{"href":"https:\/\/www.europesays.com\/fr\/wp-json\/wp\/v2\/media?parent=83760"}],"wp:term":[{"taxonomy":"category","embeddable":true,"href":"https:\/\/www.europesays.com\/fr\/wp-json\/wp\/v2\/categories?post=83760"},{"taxonomy":"post_tag","embeddable":true,"href":"https:\/\/www.europesays.com\/fr\/wp-json\/wp\/v2\/tags?post=83760"}],"curies":[{"name":"wp","href":"https:\/\/api.w.org\/{rel}","templated":true}]}}