{"id":837600,"date":"2026-03-31T09:46:39","date_gmt":"2026-03-31T09:46:39","guid":{"rendered":"https:\/\/www.europesays.com\/fr\/837600\/"},"modified":"2026-03-31T09:46:39","modified_gmt":"2026-03-31T09:46:39","slug":"celine-dion-de-retour-sur-scene-a-paris-en-septembre-comment-elle-a-surmonte-sa-maladie","status":"publish","type":"post","link":"https:\/\/www.europesays.com\/fr\/837600\/","title":{"rendered":"C\u00e9line Dion de retour sur sc\u00e8ne \u00e0 Paris en septembre : comment elle a surmont\u00e9 sa maladie"},"content":{"rendered":"<p class=\"mb-4 text-lg md:leading-8 break-words\">On l\u2019avait vue fi\u00e8re et puissante en haut de la Tour Effeil, lors de la c\u00e9r\u00e9monie d\u2019ouverture des Jeux olympiques de Paris 2024. Mais on l\u2019a aussi vue tr\u00e8s affaiblie, en tr\u00e8s mauvaise sant\u00e9, dans un documentaire \u00e9ponyme, sorti en juin 2024.<\/p>\n<p class=\"mb-4 text-lg md:leading-8 break-words\">C\u00e9line Dion souffre en effet, depuis plusieurs ann\u00e9es maintenant, d\u2019<strong>une maladie neurologique rare : le syndrome de la personne raide,<\/strong> \u00e9galement dit de Moersch-Woltman. Mais depuis son diagnostic, la chanteuse n\u2019a eu de cesse que de se battre pour aller mieux, et de sensibiliser \u00e0 cette maladie neurologique rare et invalidante. L\u2019id\u00e9e de remonter un jour sur sc\u00e8ne, pour un ou plusieurs concerts semblait cela dit bien loin. Car c\u2019est une chose que d\u2019interpr\u00e9ter un titre pour un \u00e9v\u00e9nement tel que les JO, mais c\u2019en est une autre que de performer, danser et chanter \u00e0 pleins poumons des heures durant !<\/p>\n<p>Le meilleur cadeau possible<\/p>\n<p class=\"mb-4 text-lg md:leading-8 break-words\">La maladie dont a souffert &#8211; ou souffre toujours &#8211; C\u00e9line Dion se caract\u00e9rise par<strong> une raideur musculaire progressive, et des \u00e9pisodes r\u00e9p\u00e9t\u00e9s de spasmes musculaires douloureux. <\/strong>Des \u00e9pisodes impressionnants, qui peuvent survenir au hasard ou \u00eatre d\u00e9clench\u00e9s par une vari\u00e9t\u00e9 d\u2019\u00e9v\u00e9nements diff\u00e9rents. Un bruit soudain ou un l\u00e9ger contact physique peuvent suffire.<\/p>\n<p class=\"mb-4 text-lg md:leading-8 break-words\">La chanteuse qui<strong> a f\u00eat\u00e9 ce lundi 30 mars ses 58 ans<\/strong>, dit recevoir pour son anniversaire \u00ab le meilleur cadeau de toute [sa] vie \u00bb, \u00e0 savoir la possibilit\u00e9 de retrouver la sc\u00e8ne, et son public qu\u2019elle ch\u00e9rit tant. Dans&#8230;<\/p>\n<p class=\"mb-4 text-lg md:leading-8 break-words\"><a href=\"https:\/\/www.santemagazine.fr\/actualites\/actualites-sante\/celine-dion-de-retour-sur-scene-a-paris-en-septembre-comment-elle-a-surmonte-sa-maladie-1150288#at_medium=affiliate&amp;at_campaign=flux_rss&amp;at_type=Yahoo\" rel=\"nofollow noopener\" target=\"_blank\" data-ylk=\"slk:Lire la suite;elm:context_link;itc:0;sec:content-canvas\" data-yga=\"{&quot;yLinkElement&quot;:&quot;context_link&quot;,&quot;yModuleName&quot;:&quot;content-canvas&quot;,&quot;yLinkText&quot;:&quot;Lire la suite&quot;}\" class=\"link \">Lire la suite<\/a><\/p>\n","protected":false},"excerpt":{"rendered":"On l\u2019avait vue fi\u00e8re et puissante en haut de la Tour Effeil, lors de la c\u00e9r\u00e9monie d\u2019ouverture des&hellip;\n","protected":false},"author":2,"featured_media":837601,"comment_status":"","ping_status":"","sticky":false,"template":"","format":"standard","meta":{"footnotes":"","_share_on_mastodon":"0"},"categories":[1888],"tags":[11,7043,14332,1777,674,1011,27,21405,9005,33253,12,626,25],"class_list":["post-837600","post","type-post","status-publish","format-standard","has-post-thumbnail","category-paris","tag-actualites","tag-celine-dion","tag-ceremonie-douverture","tag-eu","tag-europe","tag-fr","tag-france","tag-jeux-olympiques-de-paris","tag-la-chanteuse","tag-maladie-neurologique","tag-news","tag-paris","tag-republique-francaise"],"share_on_mastodon":{"url":"https:\/\/pubeurope.com\/@fr\/116323155099670646","error":""},"_links":{"self":[{"href":"https:\/\/www.europesays.com\/fr\/wp-json\/wp\/v2\/posts\/837600","targetHints":{"allow":["GET"]}}],"collection":[{"href":"https:\/\/www.europesays.com\/fr\/wp-json\/wp\/v2\/posts"}],"about":[{"href":"https:\/\/www.europesays.com\/fr\/wp-json\/wp\/v2\/types\/post"}],"author":[{"embeddable":true,"href":"https:\/\/www.europesays.com\/fr\/wp-json\/wp\/v2\/users\/2"}],"replies":[{"embeddable":true,"href":"https:\/\/www.europesays.com\/fr\/wp-json\/wp\/v2\/comments?post=837600"}],"version-history":[{"count":0,"href":"https:\/\/www.europesays.com\/fr\/wp-json\/wp\/v2\/posts\/837600\/revisions"}],"wp:featuredmedia":[{"embeddable":true,"href":"https:\/\/www.europesays.com\/fr\/wp-json\/wp\/v2\/media\/837601"}],"wp:attachment":[{"href":"https:\/\/www.europesays.com\/fr\/wp-json\/wp\/v2\/media?parent=837600"}],"wp:term":[{"taxonomy":"category","embeddable":true,"href":"https:\/\/www.europesays.com\/fr\/wp-json\/wp\/v2\/categories?post=837600"},{"taxonomy":"post_tag","embeddable":true,"href":"https:\/\/www.europesays.com\/fr\/wp-json\/wp\/v2\/tags?post=837600"}],"curies":[{"name":"wp","href":"https:\/\/api.w.org\/{rel}","templated":true}]}}