{"id":83766,"date":"2025-05-08T06:24:09","date_gmt":"2025-05-08T06:24:09","guid":{"rendered":"https:\/\/www.europesays.com\/fr\/83766\/"},"modified":"2025-05-08T06:24:09","modified_gmt":"2025-05-08T06:24:09","slug":"cest-un-carnage-derriere-la-belle-vitrine-des-halles-gourmandes-ces-commercants-qui-souffrent","status":"publish","type":"post","link":"https:\/\/www.europesays.com\/fr\/83766\/","title":{"rendered":"\u00ab\u00a0C\u2019est un carnage\u00a0\u00bb\u00a0: derri\u00e8re la belle vitrine des halles gourmandes, ces commer\u00e7ants qui souffrent"},"content":{"rendered":"<p class=\"paragraph text_align_left\">Adrien aime les halles d\u2019<a href=\"https:\/\/www.leparisien.fr\/hauts-de-seine-92\/issy-les-moulineaux-92130\/\" target=\"_blank\" rel=\"noopener\">Issy<\/a>. Leur <a href=\"https:\/\/www.leparisien.fr\/hauts-de-seine-92\/issy-les-moulineaux-la-halle-eiffel-transformee-en-marche-gourmand-va-bientot-reprendre-vie-17-03-2022-OAG4YVHYGNBNBCMKXA6B3N7IOA.php\" target=\"_blank\" rel=\"noopener\">ossature m\u00e9tallique de la griffe d\u2019Eiffel <\/a>qui conf\u00e8re un cachet unique au lieu. Leur ambiance festive autour des stands de restauration et surtout du bar central qui favorise les rencontres\u2026 Mais le trentenaire ne peut s\u2019emp\u00eacher de s\u2019\u00e9mouvoir du sort de certains commer\u00e7ants qu\u2019il a bien connus.<\/p>\n<p class=\"paragraph text_align_left\">\u00ab Je fr\u00e9quente les lieux depuis deux ans mais depuis le d\u00e9but, on voit que c\u2019est un carnage \u00bb, observe l\u2019entrepreneur \u00e0 la t\u00eate d\u2019une coop\u00e9rative de fruits et l\u00e9gumes bios. \u00ab Certains stands en sont \u00e0 leur troisi\u00e8me commer\u00e7ant. En tant que chef d\u2019entreprise, \u00e7a me g\u00eane qu\u2019ils mettent sur la paille des artisans et leurs familles. \u00bb<\/p>\n","protected":false},"excerpt":{"rendered":"Adrien aime les halles d\u2019Issy. Leur ossature m\u00e9tallique de la griffe d\u2019Eiffel qui conf\u00e8re un cachet unique au&hellip;\n","protected":false},"author":2,"featured_media":83767,"comment_status":"","ping_status":"","sticky":false,"template":"","format":"standard","meta":{"footnotes":""},"categories":[6],"tags":[35,33,34,1011,27,3314,1944],"class_list":{"0":"post-83766","1":"post","2":"type-post","3":"status-publish","4":"format-standard","5":"has-post-thumbnail","7":"category-economie","8":"tag-business","9":"tag-economie","10":"tag-economy","11":"tag-fr","12":"tag-france","13":"tag-hauts-de-seine","14":"tag-ma-ville"},"share_on_mastodon":{"url":"https:\/\/pubeurope.com\/@fr\/114470785229772356","error":""},"_links":{"self":[{"href":"https:\/\/www.europesays.com\/fr\/wp-json\/wp\/v2\/posts\/83766","targetHints":{"allow":["GET"]}}],"collection":[{"href":"https:\/\/www.europesays.com\/fr\/wp-json\/wp\/v2\/posts"}],"about":[{"href":"https:\/\/www.europesays.com\/fr\/wp-json\/wp\/v2\/types\/post"}],"author":[{"embeddable":true,"href":"https:\/\/www.europesays.com\/fr\/wp-json\/wp\/v2\/users\/2"}],"replies":[{"embeddable":true,"href":"https:\/\/www.europesays.com\/fr\/wp-json\/wp\/v2\/comments?post=83766"}],"version-history":[{"count":0,"href":"https:\/\/www.europesays.com\/fr\/wp-json\/wp\/v2\/posts\/83766\/revisions"}],"wp:featuredmedia":[{"embeddable":true,"href":"https:\/\/www.europesays.com\/fr\/wp-json\/wp\/v2\/media\/83767"}],"wp:attachment":[{"href":"https:\/\/www.europesays.com\/fr\/wp-json\/wp\/v2\/media?parent=83766"}],"wp:term":[{"taxonomy":"category","embeddable":true,"href":"https:\/\/www.europesays.com\/fr\/wp-json\/wp\/v2\/categories?post=83766"},{"taxonomy":"post_tag","embeddable":true,"href":"https:\/\/www.europesays.com\/fr\/wp-json\/wp\/v2\/tags?post=83766"}],"curies":[{"name":"wp","href":"https:\/\/api.w.org\/{rel}","templated":true}]}}