{"id":83813,"date":"2025-05-08T06:51:12","date_gmt":"2025-05-08T06:51:12","guid":{"rendered":"https:\/\/www.europesays.com\/fr\/83813\/"},"modified":"2025-05-08T06:51:12","modified_gmt":"2025-05-08T06:51:12","slug":"un-nouveau-projet-va-voir-le-jour","status":"publish","type":"post","link":"https:\/\/www.europesays.com\/fr\/83813\/","title":{"rendered":"un nouveau projet va voir le jour"},"content":{"rendered":"<p>            Par<br \/>\n        <strong><br \/>\n            <a href=\"https:\/\/actu.fr\/auteur\/mareva-laville-actu-fr\" title=\"Consulter tous les articles de Mar\u00e9va Laville\" rel=\"nofollow noopener\" target=\"_blank\">Mar\u00e9va Laville<\/a><br \/>\n        <\/strong><\/p>\n<p>        Publi\u00e9 le<\/p>\n<p>            8 mai 2025 \u00e0 7h12        <\/p>\n<p>On ne les voit qu\u2019\u00e0 quelques rares occasions, accompagn\u00e9es de guide ou lors des Journ\u00e9es du patrimoine. Mais bient\u00f4t, <a href=\"https:\/\/actu.fr\/occitanie\/toulouse_31555\/patrimoine-amphitheatre-romain-purpan-ancely-toulouse_11833117.html\" rel=\"nofollow noopener\" target=\"_blank\">les<strong> ar\u00e8nes romaines,<\/strong> tr\u00e9sors du Ier et IIIe\u00a0si\u00e8cle<\/a> \u00e0 <a href=\"http:\/\/www.actu.fr\/toulouse\" rel=\"nofollow noopener\" target=\"_blank\"><strong>Toulouse<\/strong><\/a>, s\u2019ouvriront un peu plus \u00e0 la vue du public. Dans le quartier <a href=\"https:\/\/actu.fr\/publi-communique\/toulouse-ouest-le-secteur-6-1-les-quartiers-arenes-romaines-saint-martin-du-touch-purpan_42956289.html\" rel=\"nofollow noopener\" target=\"_blank\">d\u2019Ancely<\/a>, entre Purpan et <a href=\"https:\/\/actu.fr\/occitanie\/blagnac_31069\" rel=\"nofollow noopener\" target=\"_blank\">Blagnac<\/a>, celles qui accueillaient autrefois jusqu\u2019\u00e0 12\u2009000\u00a0spectateurs pour des combats de gladiateurs ou encore des chasses d\u2019animaux, vont prendre une autre dimension. La Direction du patrimoine, celle du patrimoine v\u00e9g\u00e9tal, le <a href=\"https:\/\/actu.fr\/occitanie\/toulouse_31555\/comment-le-musee-saint-raymond-est-devenu-le-coffre-aux-tresors-archeologiques-de-toulouse_46178577.html\" rel=\"nofollow noopener\" target=\"_blank\">Mus\u00e9e Saint-Raymond<\/a> travaillent sur un projet qui verra le jour d\u2019ici peu. Pr\u00e9sentation.<\/p>\n<p>    <a href=\"https:\/\/www.google.com\/maps\/embed?pb=!1m18!1m12!1m3!1d3825.142481960203!2d1.395081276816706!3d43.614803454912305!2m3!1f0!2f0!3f0!3m2!1i1024!2i768!4f13.1!3m3!1m2!1s0x12aebadb81c82ffd%3A0x4964b349fac60874!2sAr%C3%A8nes%20Romaines%2C%2031300%20Toulouse!5e1!3m2!1sfr!2sfr!4v1746624655287!5m2!1sfr!2sfr\" title=\"Ouvrie le lien\" rel=\"nofollow noopener\" target=\"_blank\">Cliquez ici pour visualiser le contenu<\/a><\/p>\n<p>L\u2019acc\u00e8s aux ar\u00e8nes rapproch\u00e9 pour le grand public<\/p>\n<p class=\" wall-content\">C\u2019est pour la<strong> fin 2026<\/strong> que les ar\u00e8nes romaines se referont une beaut\u00e9. En deux grandes \u00e9tapes, les ruines de<strong> l\u2019amphith\u00e9\u00e2tre romain de Toulouse<\/strong> changeront l\u00e9g\u00e8rement de paysage avec un objectif\u2009: prot\u00e9ger et valoriser ce patrimoine rare toulousain.<\/p>\n<p>      <img   decoding=\"async\" loading=\"lazy\" src=\"https:\/\/www.europesays.com\/fr\/wp-content\/uploads\/2025\/05\/arenes-romaines-toulouse-960x640.jpeg\" alt=\"Les Ar\u00e8nes romaines vont bient\u00f4t conna\u00eetre quelques changements. Un projet qui s'\u00e9tale sur un an va \u00eatre lanc\u00e9. Explications.\" width=\"960\" height=\"640\"\/><br \/>\n    Les Ar\u00e8nes romaines vont bient\u00f4t conna\u00eetre quelques changements. Un projet qui s\u2019\u00e9tale sur un an va \u00eatre lanc\u00e9. Explications. (\u00a9Mar\u00e9va Laville \/ Actu Toulouse)<\/p>\n<blockquote class=\"ac-article-quote wall-content\">\n<p>Ailleurs dans Toulouse, on ne trouve des vestiges qu&rsquo;en souterrain, au Mus\u00e9e Saint-Raymond. Ici, on y fait r\u00e9guli\u00e8rement des visites comment\u00e9es. Mais gr\u00e2ce \u00e0 ce projet, l&rsquo;acc\u00e8s aux ar\u00e8nes ne reposera pas que sur ces visites. Les gens pourront y avoir acc\u00e8s. \u00c7a va tout changer ! L&rsquo;id\u00e9e, c&rsquo;est de renverser la perspective.<\/p>\n<p>    <strong> Laure Barthet<\/strong><br \/>\n        directrice et conservatrice du mus\u00e9e en charge des ar\u00e8nes    <\/p><\/blockquote>\n<p class=\" wall-content\">Celles qui aujourd\u2019hui peinent \u00e0 se voir, si ce n\u2019est l\u2019entr\u00e9e, au loin, \u00e0 travers une grille, pourront \u00eatre visibles de bien plus pr\u00e8s. La cl\u00f4ture qui se trouve actuellement au niveau de l\u2019extension historique de l\u2019amphith\u00e9\u00e2tre, datant du IIIe\u00a0si\u00e8cle, sera avanc\u00e9e de plusieurs m\u00e8tres.<\/p>\n<p class=\" wall-content\">\u00ab\u2009Sous la forme de couronne, elle viendra presque sur la cr\u00eate, en limite de la structure du I\u1d49\u02b3 si\u00e8cle\u2009\u00bb, indique le paysagiste Samuel Lagandr\u00e9. <strong>Au plus pr\u00e8s des gradins et de la \u00ab\u2009sc\u00e8ne\u2009\u00bb<\/strong> d\u2019autrefois de l\u2019amphith\u00e9\u00e2tre.<\/p>\n<p>      <img   decoding=\"async\" loading=\"lazy\" src=\"https:\/\/www.europesays.com\/fr\/wp-content\/uploads\/2025\/05\/plan-arenes-960x640.jpeg\" alt=\"La cl\u00f4ture sera avanc\u00e9e jusqu'\u00e0 l'entr\u00e9e des ar\u00e8nes.\" width=\"960\" height=\"640\"\/><br \/>\n    La cl\u00f4ture sera avanc\u00e9e jusqu\u2019\u00e0 l\u2019entr\u00e9e des ar\u00e8nes. (\u00a9Photo des plans d\u2019architecte pour La Mairie de Toulouse)Un belv\u00e9d\u00e8re pour mieux voir les vestiges<\/p>\n<p class=\" wall-content\">Pour observer ces bijoux d\u2019histoire, il suffira de se diriger vers le<strong> futur belv\u00e9d\u00e8re<\/strong>, sur la partie gauche des ar\u00e8nes. \u00ab\u2009On a choisi ce c\u00f4t\u00e9 pour des questions de s\u00e9curit\u00e9. La pente est douce et le belv\u00e9d\u00e8re s\u2019ouvrira sur le parc. C\u2019est plus qualitatif\u2009\u00bb, commente<strong> Samuel Lagandr\u00e9<\/strong>, \u00e9galement conservateur du patrimoine v\u00e9g\u00e9tal.<\/p>\n<p class=\" wall-content\">Il faut alors s\u2019imaginer un espace ouvert bord\u00e9 par des<strong> grilles en acier corten, en partie ajour\u00e9es.<\/strong> \u00ab\u2009Il y aura des ouvertures dans la cl\u00f4ture pour donner \u00e0 voir le lieu\u2009\u00bb, expliquent les porteurs du projet aux maires de Toulouse, Jean-Luc Moudenc, et de quartier Jean-Jacques Bolzan, lors d\u2019une visite. Sortes de fen\u00eatre pour appr\u00e9cier pleinement le site.<\/p>\n<p>      <img   decoding=\"async\" loading=\"lazy\" src=\"https:\/\/www.europesays.com\/fr\/wp-content\/uploads\/2025\/05\/arbres-cloture-960x640.jpeg\" alt=\"La cl\u00f4ture se trouve actuellement aux abords des jeux pour enfant. Elle sera avanc\u00e9e sur le haut de la butte.\" width=\"960\" height=\"640\"\/><br \/>\n    La cl\u00f4ture se trouve actuellement aux abords des jeux pour enfant. Elle sera avanc\u00e9e sur le haut de la butte. (\u00a9Mar\u00e9va Laville \/ Actu Toulouse)<\/p>\n<p class=\" wall-content\">Cette partie-l\u00e0 marquera l\u2019ach\u00e8vement du projet de r\u00e9novation des ar\u00e8nes romaines de Toulouse. Elle sera r\u00e9alis\u00e9e, en fin de chantier, au cours de l\u2019ann\u00e9e 2026. \u00ab\u2009Plut\u00f4t l\u2019\u00e9t\u00e9 ou \u00e0 l\u2019automne\u2009\u00bb, en fonction du<a href=\"https:\/\/actu.fr\/occitanie\/toulouse_31555\/choc-financier-a-toulouse-un-seuil-critique-a-ne-pas-franchir-selon-la-ville-voici-lequel_61922577.html\" rel=\"nofollow noopener\" target=\"_blank\"> vote du budget en conseil municipal.<\/a> Car il faut encore la financer. Montant de cette enveloppe\u2009? <strong>Environ 400\u2009000\u00a0\u20ac pour ce deuxi\u00e8me morceau<\/strong> du projet. Le premier \u00e9tant d\u00e9j\u00e0 valid\u00e9.<\/p>\n<p>Des r\u00e9novations et du d\u00e9broussaillage en amont<\/p>\n<p class=\" wall-content\">Car avant d\u2019approcher la cl\u00f4ture bien plus pr\u00e8s de l\u2019amphith\u00e9\u00e2tre, il faut lui offrir un brin de nettoyage. C\u2019est cette \u00e9tape qui ouvrira le bal du projet, <strong>au mois de novembre\u00a02025<\/strong>. \u00ab\u2009Il faut qu\u2019on puisse stabiliser les restaurations entreprises et <strong>nettoyer les vestiges<\/strong>\u2009\u00bb, d\u00e9taille Samuel Lagandr\u00e9. Et pour cela, le paysager pr\u00e9voit quelques op\u00e9rations de d\u00e9broussaillage et d\u2019abattages.<\/p>\n<p class=\" wall-content\">\u00ab\u2009Les vestiges sont envahis par la v\u00e9g\u00e9tation.\u2009\u00bb Autour des pierres datant du I\u1d49\u02b3 si\u00e8cle, des robiniers et des \u00e9lans, \u00ab\u2009des <strong>arbres \u00e0 caract\u00e8re invasif<\/strong>\u2009\u00bb, pr\u00e9cise le directeur du patrimoine v\u00e9g\u00e9tal, \u00ab\u2009se sont d\u00e9velopp\u00e9s spontan\u00e9ment\u2009\u00bb. Des arbres qui, \u00e0 la demande de l\u2019\u00c9tat, seront coup\u00e9s au niveau de la souche pour donner libre cours aux travaux de r\u00e9novation.<\/p>\n<p>      <img   decoding=\"async\" loading=\"lazy\" src=\"https:\/\/www.europesays.com\/fr\/wp-content\/uploads\/2025\/05\/arbre-vestige-960x640.jpeg\" alt=\"Des arbres \" width=\"960\" height=\"640\"\/><br \/>\n    Des arbres \u00ab\u2009\u00e0 caract\u00e8re invasif\u2009\u00bb envahissent les vestiges. (\u00a9Mar\u00e9va Laville \/ Actu Toulouse)<\/p>\n<p class=\" wall-content\">Les vestiges seront ensuite reconsolid\u00e9s par la<strong> technique dite du \u00ab\u2009mortier sacrificiel\u2009\u00bb<\/strong>, qui date de l\u2019\u00e9poque romaine et \u00e9vitera toute d\u00e9gradation des ruines. Une<strong> \u00e9tape minutieuse financ\u00e9e \u00e0 hauteur de 320\u2009000<\/strong>\u00a0\u20ac, qui durera trois \u00e0 quatre mois.<\/p>\n<p>Le double d\u2019arbres et arbustes plant\u00e9s<\/p>\n<p class=\" wall-content\">Pendant ce temps, une premi\u00e8re phase de <strong>replantation<\/strong> s\u2019ouvrira. Car les porteurs de projet insistent\u2009: \u00ab\u2009il y aura des plantations compensatoires\u2009\u00bb. Si environ 30 arbres \u00ab\u2009sauvages\u2009\u00bb disparaitront, <strong>14 autres ainsi que 50 arbustes<\/strong> trouveront leur place autour dans <a href=\"https:\/\/actu.fr\/occitanie\/toulouse_31555\/toulouse-ce-site-classe-monument-historique-pourrait-devenir-un-jardin-public_59268796.html\" rel=\"nofollow noopener\" target=\"_blank\">le parc jouxtant l\u2019amphith\u00e9\u00e2tre.<\/a><\/p>\n<p class=\" wall-content\">Certains se glisseront entre les racines des pins d\u00e9j\u00e0 pr\u00e9sents, en lieu et place de l\u2019actuelle cl\u00f4ture qui sera enlev\u00e9e en 2026.<\/p>\n<blockquote class=\"ac-article-quote wall-content\">\n<p>On mettra des grenadiers et des arbousiers, notamment, qui produisent des fruits rouges pour \u00e9voquer l&rsquo;univers de la Rome antique.<\/p>\n<p>    <strong>Samuel Lagandr\u00e9<\/strong><br \/>\n        Directeur du patrimoine v\u00e9g\u00e9tal de Toulouse    <\/p><\/blockquote>\n<p class=\" wall-content\">D\u2019autres se frayeront un chemin en diagonale \u00e0 travers les jardins \u00ab\u2009pour guider les visiteurs vers le belv\u00e9d\u00e8re via des <strong>lignes d\u2019arbustes<\/strong>\u2009\u00bb, explique le paysagiste.<\/p>\n<p>      <img   decoding=\"async\" loading=\"lazy\" src=\"https:\/\/www.europesays.com\/fr\/wp-content\/uploads\/2025\/05\/plan-projet-arenes-960x640.jpeg\" alt=\"Des arbres et des arbustes seront replant\u00e9s \u00e0 la place de l'actuelle cl\u00f4ture et \u00e0 travers le jardin public.\" width=\"960\" height=\"640\"\/><br \/>\n    Des arbres et des arbustes seront replant\u00e9s \u00e0 la place de l\u2019actuelle cl\u00f4ture et \u00e0 travers le jardin public. (\u00a9Mar\u00e9va Laville \/ Actu Toulouse)<\/p>\n<p class=\" wall-content\">Visiteurs qui pourraient d\u2019ailleurs se convertir en spectateurs. Car ce nouveau projet donnera \u00e9galement le la \u00e0 bien d\u2019autres visites et \u00e9v\u00e9nements tels que des <strong>combats de gladiateurs.<\/strong> Comme si on y \u00e9tait.<\/p>\n<p class=\" wall-content\">Suivez toute l\u2019actualit\u00e9 de vos villes et m\u00e9dias favoris en vous inscrivant \u00e0 <a href=\"https:\/\/moncompte.actu.fr\" title=\"D\u00e9couvez Mon Actu\" rel=\"nofollow noopener\" data-trk=\"{&quot;cta&quot;:{&quot;action&quot;:&quot;https:\\\/\\\/moncompte.actu.fr&quot;,&quot;category&quot;:&quot;mon compte&quot;,&quot;from&quot;:&quot;article footer&quot;,&quot;name&quot;:&quot;Mon actu&quot;,&quot;type&quot;:&quot;cta&quot;}}\" target=\"_blank\">Mon Actu<\/a>.<\/p>\n","protected":false},"excerpt":{"rendered":"Par Mar\u00e9va Laville Publi\u00e9 le 8 mai 2025 \u00e0 7h12 On ne les voit qu\u2019\u00e0 quelques rares occasions,&hellip;\n","protected":false},"author":2,"featured_media":83814,"comment_status":"","ping_status":"","sticky":false,"template":"","format":"standard","meta":{"footnotes":""},"categories":[2816],"tags":[1111,11,1777,674,1011,27,937,12,2680,2551,25,104,2312,2086],"class_list":{"0":"post-83813","1":"post","2":"type-post","3":"status-publish","4":"format-standard","5":"has-post-thumbnail","7":"category-toulouse","8":"tag-actu","9":"tag-actualites","10":"tag-eu","11":"tag-europe","12":"tag-fr","13":"tag-france","14":"tag-histoire","15":"tag-news","16":"tag-occitanie","17":"tag-patrimoine","18":"tag-republique-francaise","19":"tag-societe","20":"tag-toulouse","21":"tag-travaux"},"share_on_mastodon":{"url":"https:\/\/pubeurope.com\/@fr\/114470891449013045","error":""},"_links":{"self":[{"href":"https:\/\/www.europesays.com\/fr\/wp-json\/wp\/v2\/posts\/83813","targetHints":{"allow":["GET"]}}],"collection":[{"href":"https:\/\/www.europesays.com\/fr\/wp-json\/wp\/v2\/posts"}],"about":[{"href":"https:\/\/www.europesays.com\/fr\/wp-json\/wp\/v2\/types\/post"}],"author":[{"embeddable":true,"href":"https:\/\/www.europesays.com\/fr\/wp-json\/wp\/v2\/users\/2"}],"replies":[{"embeddable":true,"href":"https:\/\/www.europesays.com\/fr\/wp-json\/wp\/v2\/comments?post=83813"}],"version-history":[{"count":0,"href":"https:\/\/www.europesays.com\/fr\/wp-json\/wp\/v2\/posts\/83813\/revisions"}],"wp:featuredmedia":[{"embeddable":true,"href":"https:\/\/www.europesays.com\/fr\/wp-json\/wp\/v2\/media\/83814"}],"wp:attachment":[{"href":"https:\/\/www.europesays.com\/fr\/wp-json\/wp\/v2\/media?parent=83813"}],"wp:term":[{"taxonomy":"category","embeddable":true,"href":"https:\/\/www.europesays.com\/fr\/wp-json\/wp\/v2\/categories?post=83813"},{"taxonomy":"post_tag","embeddable":true,"href":"https:\/\/www.europesays.com\/fr\/wp-json\/wp\/v2\/tags?post=83813"}],"curies":[{"name":"wp","href":"https:\/\/api.w.org\/{rel}","templated":true}]}}