{"id":83817,"date":"2025-05-08T06:53:08","date_gmt":"2025-05-08T06:53:08","guid":{"rendered":"https:\/\/www.europesays.com\/fr\/83817\/"},"modified":"2025-05-08T06:53:08","modified_gmt":"2025-05-08T06:53:08","slug":"lille-ces-stars-des-annees-90-seront-bientot-sur-la-scene-du-sebastopol","status":"publish","type":"post","link":"https:\/\/www.europesays.com\/fr\/83817\/","title":{"rendered":"Lille. Ces stars des ann\u00e9es 90 seront bient\u00f4t sur la sc\u00e8ne du S\u00e9bastopol\u00a0!"},"content":{"rendered":"<p>            Par<br \/>\n        <strong><br \/>\n            <a href=\"https:\/\/actu.fr\/auteur\/nicolas-demollien\" title=\"Consulter tous les articles de Nicolas Demollien\" rel=\"nofollow noopener\" target=\"_blank\">Nicolas Demollien<\/a><br \/>\n        <\/strong><\/p>\n<p>        Publi\u00e9 le<\/p>\n<p>            8 mai 2025 \u00e0 8h20        <\/p>\n<p>Vous les connaissez forc\u00e9ment tant ils ont \u00e9t\u00e9 <b>omnipr\u00e9sents<\/b> \u00e0 la <a href=\"https:\/\/actu.fr\/tag\/television\" rel=\"nofollow noopener\" target=\"_blank\">t\u00e9l\u00e9vision<\/a> durant les <b>ann\u00e9es 90<\/b> ! Dimanche 25 mai 2025, la <b>bande d\u2019H\u00e9l\u00e8ne et les gar\u00e7ons<\/b> sera sur la sc\u00e8ne du <b>th\u00e9\u00e2tre S\u00e9bastopol<\/b> de <a href=\"https:\/\/actu.fr\/hauts-de-france\/lille_59350\" rel=\"nofollow noopener\" target=\"_blank\">Lille<\/a> (Nord) pour un moment qui s\u2019annonce <b>m\u00e9morable pour les nostalgiques comme les fans de la premi\u00e8re heure<\/b> !<\/p>\n<p>H\u00e9l\u00e8ne avec les filles et les gar\u00e7ons sur la sc\u00e8ne du S\u00e9bastopol \u00e0 Lille<\/p>\n<p class=\" wall-content\">La star, c\u2019est \u00e9videmment H\u00e9l\u00e8ne ! <b>Apr\u00e8s deux concerts triomphaux au Th\u00e9\u00e2tre Marigny<\/b> de <a href=\"https:\/\/actu.fr\/ile-de-france\/paris_75056\" rel=\"nofollow noopener\" target=\"_blank\">Paris<\/a>, elle est de retour pour une <b>date exceptionnelle<\/b> dans la capitale des Flandres.<\/p>\n<p class=\" wall-content\">Et elle sera bien entour\u00e9e ! A ses c\u00f4t\u00e9s se trouveront des musiciens, mais \u00e9galement des <b>acteurs iconiques de la s\u00e9rie qui a fait sa l\u00e9gende<\/b> : Patrick Puydebat (Nicolas), S\u00e9bastien Roch (Christian), Tom Schacht (Jimmy), David Proux (Etienne), Laly Meignan (Laly), Laure Guibert (B\u00e9n\u00e9dicte) et Cathy Andrieux (Cathy).<\/p>\n<p class=\" wall-content\">\u00ab\u00a0Le public retrouvera dans ce nouveau tour de chant les chansons de son nouvel album mais aussi tous les tubes incontournables\u00a0\u00bb, souffle-t-on du c\u00f4t\u00e9 de la production de l\u2019\u00e9v\u00e9nement. Bref, un bon moment en perspective.<\/p>\n<p class=\" wall-content\">D\u2019autant que des packs sp\u00e9ciaux sont mis en vente afin de vous permettre de\u00a0rencontrer les com\u00e9diens de la s\u00e9rie :<\/p>\n<p>Vid\u00e9os : en ce moment sur Actu<\/p>\n<ul class=\" wall-content\">\n<li><b>Pack VIP \u2013 Meet &amp; Greet (conf\u00e9rence).<\/b> De 18h30 \u00e0 19h15 avec les com\u00e9diens sur la sc\u00e8ne du Th\u00e9\u00e2tre : H\u00e9l\u00e8ne, Patrick Puydebat, S\u00e9bastien Roch, Tom Schacht, David Proux, Laly Meignan, Laure Guibert, Cathy Andrieux (H\u00e9l\u00e8ne, Nicolas, Christian, Jimmy, Etienne, Laly, B\u00e9n\u00e9dicte et Cathy).\u00a0Prix de la place + 25 \u20ac\u00a0<\/li>\n<li><b>Pack Premium \u2013 Meet &amp; Greet (conf\u00e9rence) + d\u00e9dicace et selfie<\/b> avec tous les com\u00e9diens. Prix de la place + 60 \u20ac<\/li>\n<\/ul>\n<p class=\" wall-content\">Attention, les packs Premium et Vip ne sont accessibles qu\u2019aux clients ayant un billet de concert.<\/p>\n<p>    <a href=\"https:\/\/www.facebook.com\/plugins\/post.php?href=https%3A%2F%2Fwww.facebook.com%2Ftheatre.sebastopol%2Fposts%2Fpfbid0mFELbz4FqZ2m7Gb1FdeZXtsjQbaX2W8LonhdjVJY2YMT1BSQraVhLMKdVuBxdQbcl&amp;show_text=true&amp;width=350\" title=\"Ouvrie le lien\" rel=\"nofollow noopener\" target=\"_blank\">Cliquez ici pour visualiser le contenu<\/a><\/p>\n<p class=\" wall-content\">Informations et r\u00e9servations sur le site <a href=\"https:\/\/theatre-sebastopol.fr\/spectacle\/helene-les-filles-et-les-garcons\/\" rel=\"nofollow noopener\" target=\"_blank\">theatre-sebastopol.fr<\/a>.<\/p>\n<p class=\" wall-content\">Suivez toute l\u2019actualit\u00e9 de vos villes et m\u00e9dias favoris en vous inscrivant \u00e0 <a href=\"https:\/\/moncompte.actu.fr\" title=\"D\u00e9couvez Mon Actu\" rel=\"nofollow noopener\" data-trk=\"{&quot;cta&quot;:{&quot;action&quot;:&quot;https:\\\/\\\/moncompte.actu.fr&quot;,&quot;category&quot;:&quot;mon compte&quot;,&quot;from&quot;:&quot;article footer&quot;,&quot;name&quot;:&quot;Mon actu&quot;,&quot;type&quot;:&quot;cta&quot;}}\" target=\"_blank\">Mon Actu<\/a>.<\/p>\n","protected":false},"excerpt":{"rendered":"Par Nicolas Demollien Publi\u00e9 le 8 mai 2025 \u00e0 8h20 Vous les connaissez forc\u00e9ment tant ils ont \u00e9t\u00e9&hellip;\n","protected":false},"author":2,"featured_media":83818,"comment_status":"","ping_status":"","sticky":false,"template":"","format":"standard","meta":{"footnotes":""},"categories":[2815],"tags":[1111,11,1697,1777,674,1011,27,811,1307,1652,12,25],"class_list":{"0":"post-83817","1":"post","2":"type-post","3":"status-publish","4":"format-standard","5":"has-post-thumbnail","7":"category-lille","8":"tag-actu","9":"tag-actualites","10":"tag-concert","11":"tag-eu","12":"tag-europe","13":"tag-fr","14":"tag-france","15":"tag-hauts-de-france","16":"tag-lille","17":"tag-loisirs-culture","18":"tag-news","19":"tag-republique-francaise"},"share_on_mastodon":{"url":"https:\/\/pubeurope.com\/@fr\/114470900593524528","error":""},"_links":{"self":[{"href":"https:\/\/www.europesays.com\/fr\/wp-json\/wp\/v2\/posts\/83817","targetHints":{"allow":["GET"]}}],"collection":[{"href":"https:\/\/www.europesays.com\/fr\/wp-json\/wp\/v2\/posts"}],"about":[{"href":"https:\/\/www.europesays.com\/fr\/wp-json\/wp\/v2\/types\/post"}],"author":[{"embeddable":true,"href":"https:\/\/www.europesays.com\/fr\/wp-json\/wp\/v2\/users\/2"}],"replies":[{"embeddable":true,"href":"https:\/\/www.europesays.com\/fr\/wp-json\/wp\/v2\/comments?post=83817"}],"version-history":[{"count":0,"href":"https:\/\/www.europesays.com\/fr\/wp-json\/wp\/v2\/posts\/83817\/revisions"}],"wp:featuredmedia":[{"embeddable":true,"href":"https:\/\/www.europesays.com\/fr\/wp-json\/wp\/v2\/media\/83818"}],"wp:attachment":[{"href":"https:\/\/www.europesays.com\/fr\/wp-json\/wp\/v2\/media?parent=83817"}],"wp:term":[{"taxonomy":"category","embeddable":true,"href":"https:\/\/www.europesays.com\/fr\/wp-json\/wp\/v2\/categories?post=83817"},{"taxonomy":"post_tag","embeddable":true,"href":"https:\/\/www.europesays.com\/fr\/wp-json\/wp\/v2\/tags?post=83817"}],"curies":[{"name":"wp","href":"https:\/\/api.w.org\/{rel}","templated":true}]}}