{"id":83824,"date":"2025-05-08T06:57:07","date_gmt":"2025-05-08T06:57:07","guid":{"rendered":"https:\/\/www.europesays.com\/fr\/83824\/"},"modified":"2025-05-08T06:57:07","modified_gmt":"2025-05-08T06:57:07","slug":"aucun-instinct-de-survie-les-gendarmes-tombent-sur-un-cas-hallucinant-pres-de-lyon","status":"publish","type":"post","link":"https:\/\/www.europesays.com\/fr\/83824\/","title":{"rendered":"\u00ab\u00a0Aucun instinct de survie\u00a0\u00bb :\u00a0les gendarmes tombent sur un cas hallucinant pr\u00e8s de Lyon"},"content":{"rendered":"<p itemprop=\"description\"><strong>Ce samedi 3 mai apr\u00e8s-midi \u00e0\u00a0Corbas, les motocyclistes de la\u00a0brigade motoris\u00e9e (BMO) de Brignais\u00a0n\u2019ont pas mis longtemps \u00e0 rep\u00e9rer ce conducteur dangereux.<\/strong><\/p>\n<p>Il roulait \u00e0\u00a0181 km\/h\u00a0sur une route limit\u00e9e \u00e0 90. Sous l\u2019empire de\u00a0la coca\u00efne,\u00a0positif \u00e0 l\u2019alcool\u00a0avec un taux de\u00a00,83 mg\/l d\u2019air expir\u00e9, il n\u2019a montr\u00e9 \u00ab\u00a0aucun instinct de survie\u00a0\u00bb, selon\u00a0les mots de la gendarmerie.<\/p>\n<p>Sa course s\u2019est arr\u00eat\u00e9e net :\u00a0r\u00e9tention imm\u00e9diate du permis,\u00a0v\u00e9hicule saisi et mis en fourri\u00e8re.\u00a0\u00ab\u00a0C\u2019est exactement le gen\u00a0\u00bbe de conduite qui justifie une intervention rapide\u00a0\u00bb, soulignent les militaires.<\/p>\n<p>Le drame du soir n\u2019a fait que renforcer leur mobilisation. Plus tard dans la journ\u00e9e, \u00e0\u00a0Communay,\u00a0un accident mortel\u00a0a co\u00fbt\u00e9 la vie \u00e0 un usager de la route. En r\u00e9action, la BMO a mis en place un\u00a0service de recherche de conduites addictives entre 22h et minuit.<\/p>\n<p>Les r\u00e9sultats ne se sont pas fait attendre : Un conducteur \u00e9tait porteur de\u00a0produits stup\u00e9fiants, deux autres conduisaient\u00a0en \u00e9tat d\u2019ivresse, dont\u00a0l\u2019une avec une r\u00e9tention de permis imm\u00e9diate. Enfin deux automobilistes avaient\u00a0consomm\u00e9 des stup\u00e9fiants avant de prendre le volant<\/p>\n<p>Ce samedi noir a rappel\u00e9 une r\u00e9alit\u00e9 implacable :\u00a0\u00ab\u00a0Il existe encore des d\u00e9linquants de la route pr\u00eats \u00e0 d\u00e9fier toutes les r\u00e8gles de s\u00e9curit\u00e9, sans aucun scrupule\u00a0\u00bb, d\u00e9plore la gendarmerie.<\/p>\n<p>Alors, la BMO pr\u00e9vient : \u00ab\u00a0Nous resterons constamment vigilants\u00a0\u00bb, mobilis\u00e9s \u00ab\u00a0pour neutraliser les d\u00e9linquants de la route\u00a0\u00bb.<\/p>\n","protected":false},"excerpt":{"rendered":"Ce samedi 3 mai apr\u00e8s-midi \u00e0\u00a0Corbas, les motocyclistes de la\u00a0brigade motoris\u00e9e (BMO) de Brignais\u00a0n\u2019ont pas mis longtemps \u00e0&hellip;\n","protected":false},"author":2,"featured_media":83825,"comment_status":"","ping_status":"","sticky":false,"template":"","format":"standard","meta":{"footnotes":""},"categories":[1889],"tags":[1111,11,2813,2190,2430,1109,251,1112,2811,1777,674,118,1011,27,1922,1110,1114,2428,2810,12,241,316,25,2812,517,800],"class_list":{"0":"post-83824","1":"post","2":"type-post","3":"status-publish","4":"format-standard","5":"has-post-thumbnail","7":"category-lyon","8":"tag-actu","9":"tag-actualites","10":"tag-article","11":"tag-asvel","12":"tag-auvergne-rhone-alpes","13":"tag-breves","14":"tag-culture","15":"tag-depeches","16":"tag-economique","17":"tag-eu","18":"tag-europe","19":"tag-faits-divers","20":"tag-fr","21":"tag-france","22":"tag-info","23":"tag-informations","24":"tag-infos","25":"tag-lyon","26":"tag-lyonmag","27":"tag-news","28":"tag-ol","29":"tag-politique","30":"tag-republique-francaise","31":"tag-sociale","32":"tag-sport","33":"tag-transports"},"share_on_mastodon":{"url":"https:\/\/pubeurope.com\/@fr\/114470914773573823","error":""},"_links":{"self":[{"href":"https:\/\/www.europesays.com\/fr\/wp-json\/wp\/v2\/posts\/83824","targetHints":{"allow":["GET"]}}],"collection":[{"href":"https:\/\/www.europesays.com\/fr\/wp-json\/wp\/v2\/posts"}],"about":[{"href":"https:\/\/www.europesays.com\/fr\/wp-json\/wp\/v2\/types\/post"}],"author":[{"embeddable":true,"href":"https:\/\/www.europesays.com\/fr\/wp-json\/wp\/v2\/users\/2"}],"replies":[{"embeddable":true,"href":"https:\/\/www.europesays.com\/fr\/wp-json\/wp\/v2\/comments?post=83824"}],"version-history":[{"count":0,"href":"https:\/\/www.europesays.com\/fr\/wp-json\/wp\/v2\/posts\/83824\/revisions"}],"wp:featuredmedia":[{"embeddable":true,"href":"https:\/\/www.europesays.com\/fr\/wp-json\/wp\/v2\/media\/83825"}],"wp:attachment":[{"href":"https:\/\/www.europesays.com\/fr\/wp-json\/wp\/v2\/media?parent=83824"}],"wp:term":[{"taxonomy":"category","embeddable":true,"href":"https:\/\/www.europesays.com\/fr\/wp-json\/wp\/v2\/categories?post=83824"},{"taxonomy":"post_tag","embeddable":true,"href":"https:\/\/www.europesays.com\/fr\/wp-json\/wp\/v2\/tags?post=83824"}],"curies":[{"name":"wp","href":"https:\/\/api.w.org\/{rel}","templated":true}]}}