{"id":83843,"date":"2025-05-08T07:08:15","date_gmt":"2025-05-08T07:08:15","guid":{"rendered":"https:\/\/www.europesays.com\/fr\/83843\/"},"modified":"2025-05-08T07:08:15","modified_gmt":"2025-05-08T07:08:15","slug":"donald-trump-promet-un-important-accord-commercial-avec-les-representants-dun-grand-pays-tres-respecte","status":"publish","type":"post","link":"https:\/\/www.europesays.com\/fr\/83843\/","title":{"rendered":"Donald Trump promet \u00abun important accord commercial avec les repr\u00e9sentants d&rsquo;un grand pays tr\u00e8s respect\u00e9\u00bb"},"content":{"rendered":"<p class=\"articleHead-lead\">\n            Donald Trump va d\u00e9voiler, \u00e0 l\u2019occasion d\u2019une conf\u00e9rence de presse, un accord commercial avec un \u00abgrand pays tr\u00e8s respect\u00e9\u00bb, sans le nommer. D\u2019apr\u00e8s les m\u00e9dias am\u00e9ricains, il s\u2019agirait du Royaume-Uni. Keir Starmer et le locataire de la Maison-Blanche avaient \u00e9voqu\u00e9 des \u00abn\u00e9gociations productives\u00bb.\n        <\/p>\n<p>            <img decoding=\"async\"  src=\"https:\/\/www.europesays.com\/fr\/wp-content\/uploads\/2025\/05\/1746688095_502_picture.jpg\"  class=\"apply-ratio\" alt=\"Il s\u2019agit du \u00abpremier d\u2019une longue s\u00e9rie\u00bb, selon Donald Trump.\"\/><\/p>\n<p>\n                                            \u00a9 GETTY_IMAGES<\/p>\n<p>                                             &#8211; Il s\u2019agit du \u00abpremier d\u2019une longue s\u00e9rie\u00bb, selon Donald Trump.\n                                    <\/p>\n<ul class=\"articleMainFollow-list\">\n<li class=\"articleMainFollow-item\">\n<p>                        Sauvegarder<\/p>\n<p>                        Sauvegard\u00e9<\/p>\n<\/li>\n<li class=\"articleMainFollow-item\">\n<\/li>\n<\/ul>\n<p>\n                    Recevoir les alertes Commerce\n                <\/p>\n<p>Une premi\u00e8re depuis quelques semaines. Le pr\u00e9sident am\u00e9ricain Donald Trump\u00a0a affirm\u00e9, ce mercredi 7 mai, qu\u2019un \u00abaccord commercial majeur\u00bb sera annonc\u00e9 ce jeudi 8 mai. \u00abGrande conf\u00e9rence de presse demain matin \u00e0 10H00 (16 heures \u00e0 Paris), dans le Bureau ovale, concernant un important accord commercial avec les repr\u00e9sentants d&rsquo;un grand pays tr\u00e8s respect\u00e9\u00bb, a annonc\u00e9 <a href=\"https:\/\/www.capital.fr\/economie-politique\/droits-de-douane-face-a-trump-l-ue-contre-attaque-avec-des-taxes-enormes-1513583\" rel=\"nofollow noopener\" target=\"_blank\">le<\/a><a href=\"https:\/\/www.capital.fr\/economie-politique\/droits-de-douane-face-a-trump-l-ue-contre-attaque-avec-des-taxes-enormes-1513583\" rel=\"nofollow noopener\" target=\"_blank\"> locataire de la Maison-Blanche<\/a>. Il s\u2019agit du \u00abpremier d\u2019une longue s\u00e9rie\u00bb, a-t-il ajout\u00e9 sur son r\u00e9seau Truth Social.<\/p>\n<p>D\u2019apr\u00e8s plusieurs m\u00e9dias am\u00e9ricains, il pourrait s\u2019agir <strong>du Royaume-Uni.<\/strong> En effet, \u00e0 la fin du mois de mars, le Premier ministre britannique Keir Starmer et Donald Trump avaient \u00e9voqu\u00e9 des \u00abn\u00e9gociations productives\u00bb. Ainsi, si\u00a0ce r\u00e8glement \u00abcommercial majeur\u00bb, venait \u00e0 se concr\u00e9tiser, ce sera une premi\u00e8re depuis que le milliardaire a impos\u00e9 au monde entier <a href=\"https:\/\/www.capital.fr\/conso\/frais-de-douane-calcul-montant-et-declaration-1489230\" rel=\"nofollow noopener\" target=\"_blank\">des droits de douane<\/a> massifs sur les biens import\u00e9s aux \u00c9tats-Unis. Alors que le pr\u00e9sident am\u00e9ricain a ensuite fait machine arri\u00e8re devant le bouleversement de l\u2019ordre \u00e9conomique international qu\u2019il a provoqu\u00e9, il a maintenu des surtaxes prohibitives avec <a href=\"https:\/\/www.capital.fr\/entreprises-marches\/droits-de-douane-les-entreprises-francaises-vont-elles-trinquer-des-ce-mercredi-1511440\" rel=\"nofollow noopener\" target=\"_blank\">la Chine<\/a> <strong>au taux de 145 %. <\/strong><\/p>\n<p>        \u00c0 lire aussi :<br \/>\n        <a class=\"articleToRead-link\" href=\"https:\/\/www.capital.fr\/economie-politique\/jusqua-3-500-de-taxes-trump-en-roue-libre-sur-les-droits-de-douane-1512965\" data-wide=\"\" rel=\"nofollow noopener\" target=\"_blank\"><br \/>\n            Jusqu\u2019\u00e0 3 500% de taxes ? Trump en roue libre sur les droits de douane<br \/>\n        <\/a><\/p>\n<p>Londres plut\u00f4t \u00e9pargn\u00e9 par les droits de douane \u00abr\u00e9ciproques\u00bb<\/p>\n<p>Des responsables am\u00e9ricains et chinois se sont aussi donn\u00e9 rendez-vous pendant le week-end en Suisse pour poser les bases d&rsquo;une n\u00e9gociation. P\u00e9kin avait r\u00e9pondu aux annonces de Donald Trump en mettant en place ses propres surtaxes douani\u00e8res <strong>de 125%<\/strong> sur les produits am\u00e9ricains. Toutefois, ce dernier a promis des \u00abdeals\u00bb avec les partenaires majeurs des \u00c9tats-Unis dans le but d\u2019all\u00e9ger la facture m\u00eame si aucun n\u2019a encore \u00e9t\u00e9 annonc\u00e9. Des pourparlers sont en cours avec plusieurs pays comme<strong> le Canada, le Vietnam ou la Cor\u00e9e du Sud.<\/strong><\/p>\n<p>Le commerce de biens entre le Royaume-Uni et les \u00c9tats-Unis est plut\u00f4t rest\u00e9 \u00e0 l\u2019\u00e9quilibre en 2024, d\u2019apr\u00e8s les statistiques officielles. En effet, le Royaume-Uni a import\u00e9 pour<strong> 57,1\u00a0milliards de livres<\/strong> de biens am\u00e9ricains et a export\u00e9 pour <strong>59,3\u00a0milliards de livres<\/strong>, ce qui montre que Londres est davantage \u00e9pargn\u00e9 par les droits de douane \u00abr\u00e9ciproques\u00bb que certains \u00c9tats.<\/p>\n<p>        Recevez nos derni\u00e8res news<\/p>\n<p>        Tous les jours, la s\u00e9lection des <b>principales infos<\/b> de la journ\u00e9e.<\/p>\n","protected":false},"excerpt":{"rendered":"Donald Trump va d\u00e9voiler, \u00e0 l\u2019occasion d\u2019une conf\u00e9rence de presse, un accord commercial avec un \u00abgrand pays tr\u00e8s&hellip;\n","protected":false},"author":2,"featured_media":83844,"comment_status":"","ping_status":"","sticky":false,"template":"","format":"standard","meta":{"footnotes":""},"categories":[1588],"tags":[11,215,981,1777,674,12,473,1853,1851,1850,1852],"class_list":{"0":"post-83843","1":"post","2":"type-post","3":"status-publish","4":"format-standard","5":"has-post-thumbnail","7":"category-royaume-uni","8":"tag-actualites","9":"tag-commerce","10":"tag-douane","11":"tag-eu","12":"tag-europe","13":"tag-news","14":"tag-royaume-uni","15":"tag-royaume-uni-de-grande-bretagne-et-dirlande-du-nord","16":"tag-uk","17":"tag-united-kingdom","18":"tag-united-kingdom-of-great-britain-and-northern-ireland"},"share_on_mastodon":{"url":"","error":""},"_links":{"self":[{"href":"https:\/\/www.europesays.com\/fr\/wp-json\/wp\/v2\/posts\/83843","targetHints":{"allow":["GET"]}}],"collection":[{"href":"https:\/\/www.europesays.com\/fr\/wp-json\/wp\/v2\/posts"}],"about":[{"href":"https:\/\/www.europesays.com\/fr\/wp-json\/wp\/v2\/types\/post"}],"author":[{"embeddable":true,"href":"https:\/\/www.europesays.com\/fr\/wp-json\/wp\/v2\/users\/2"}],"replies":[{"embeddable":true,"href":"https:\/\/www.europesays.com\/fr\/wp-json\/wp\/v2\/comments?post=83843"}],"version-history":[{"count":0,"href":"https:\/\/www.europesays.com\/fr\/wp-json\/wp\/v2\/posts\/83843\/revisions"}],"wp:featuredmedia":[{"embeddable":true,"href":"https:\/\/www.europesays.com\/fr\/wp-json\/wp\/v2\/media\/83844"}],"wp:attachment":[{"href":"https:\/\/www.europesays.com\/fr\/wp-json\/wp\/v2\/media?parent=83843"}],"wp:term":[{"taxonomy":"category","embeddable":true,"href":"https:\/\/www.europesays.com\/fr\/wp-json\/wp\/v2\/categories?post=83843"},{"taxonomy":"post_tag","embeddable":true,"href":"https:\/\/www.europesays.com\/fr\/wp-json\/wp\/v2\/tags?post=83843"}],"curies":[{"name":"wp","href":"https:\/\/api.w.org\/{rel}","templated":true}]}}