{"id":83847,"date":"2025-05-08T07:10:09","date_gmt":"2025-05-08T07:10:09","guid":{"rendered":"https:\/\/www.europesays.com\/fr\/83847\/"},"modified":"2025-05-08T07:10:09","modified_gmt":"2025-05-08T07:10:09","slug":"pour-une-defense-commune-et-une-union-politique-de-leurope-liberation","status":"publish","type":"post","link":"https:\/\/www.europesays.com\/fr\/83847\/","title":{"rendered":"pour une d\u00e9fense commune et une union politique de l\u2019Europe \u2013 Lib\u00e9ration"},"content":{"rendered":"<p class=\"sc-ksZaOG ehjQrN text-element\">A l\u2019occasion du 80e anniversaire de la fin de la Seconde Guerre mondiale et du 75e anniversaire de la d\u00e9claration du <a href=\"https:\/\/www.liberation.fr\/planete\/2020\/05\/04\/9-mai-1950-un-blitzkrieg-pour-lancer-la-construction-europeenne_1787219\/\" target=\"_blank\" rel=\"noopener\" title=\"https:\/\/www.liberation.fr\/planete\/2020\/05\/04\/9-mai-1950-un-blitzkrieg-pour-lancer-la-construction-europeenne_1787219\/\">9 mai,<\/a> le Comit\u00e9 d\u2019action Monnet reconstitu\u00e9 pour les Etats-Unis d\u2019Europe et des personnalit\u00e9s de toute l\u2019Union appellent au lancement d\u2019un deuxi\u00e8me plan <a href=\"https:\/\/www.liberation.fr\/international\/europe\/robert-schuman-le-repere-de-leurope-20210724_2TWB4JLQBBCARF6GL473RCKNMA\/\" target=\"_blank\" rel=\"noreferrer noopener\" title=\"https:\/\/www.liberation.fr\/international\/europe\/robert-schuman-le-repere-de-leurope-20210724_2TWB4JLQBBCARF6GL473RCKNMA\/\">Schuman<\/a>, ouvrant ainsi la voie \u00e0 une d\u00e9fense et une s\u00e9curit\u00e9 communes, et \u00e0 une f\u00e9d\u00e9ration europ\u00e9enne, comme l\u2019envisageait d\u00e9j\u00e0 en 1941 le \u00ab<a href=\"https:\/\/www.lemonde.fr\/idees\/article\/2024\/03\/09\/dominique-meda-en-europe-la-peur-est-de-retour_6221006_3232.html\" target=\"_blank\" rel=\"noreferrer noopener\" title=\"https:\/\/www.lemonde.fr\/idees\/article\/2024\/03\/09\/dominique-meda-en-europe-la-peur-est-de-retour_6221006_3232.html\">Manifeste de Ventotene<\/a>\u00bb.<\/p>\n<p class=\"sc-ksZaOG ehjQrN text-element\">Le po\u00e8te allemand Friedrich H\u00f6lderlin (1770-1843) a \u00e9crit : \u00abL\u00e0 o\u00f9 r\u00e9side le danger, cro\u00eet aussi la force salvatrice.\u00bb Et de fait, un nouvel esprit citoyen europ\u00e9en \u00e9merge sur tout le continent. Nous <\/p>\n","protected":false},"excerpt":{"rendered":"A l\u2019occasion du 80e anniversaire de la fin de la Seconde Guerre mondiale et du 75e anniversaire de&hellip;\n","protected":false},"author":2,"featured_media":83848,"comment_status":"","ping_status":"","sticky":false,"template":"","format":"standard","meta":{"footnotes":""},"categories":[1586],"tags":[11,75,1777,674,1011,27,12,136,25,364],"class_list":{"0":"post-83847","1":"post","2":"type-post","3":"status-publish","4":"format-standard","5":"has-post-thumbnail","7":"category-europe","8":"tag-actualites","9":"tag-donald-trump","10":"tag-eu","11":"tag-europe","12":"tag-fr","13":"tag-france","14":"tag-news","15":"tag-otan","16":"tag-republique-francaise","17":"tag-union-europeenne"},"share_on_mastodon":{"url":"https:\/\/pubeurope.com\/@fr\/114470966010319575","error":""},"_links":{"self":[{"href":"https:\/\/www.europesays.com\/fr\/wp-json\/wp\/v2\/posts\/83847","targetHints":{"allow":["GET"]}}],"collection":[{"href":"https:\/\/www.europesays.com\/fr\/wp-json\/wp\/v2\/posts"}],"about":[{"href":"https:\/\/www.europesays.com\/fr\/wp-json\/wp\/v2\/types\/post"}],"author":[{"embeddable":true,"href":"https:\/\/www.europesays.com\/fr\/wp-json\/wp\/v2\/users\/2"}],"replies":[{"embeddable":true,"href":"https:\/\/www.europesays.com\/fr\/wp-json\/wp\/v2\/comments?post=83847"}],"version-history":[{"count":0,"href":"https:\/\/www.europesays.com\/fr\/wp-json\/wp\/v2\/posts\/83847\/revisions"}],"wp:featuredmedia":[{"embeddable":true,"href":"https:\/\/www.europesays.com\/fr\/wp-json\/wp\/v2\/media\/83848"}],"wp:attachment":[{"href":"https:\/\/www.europesays.com\/fr\/wp-json\/wp\/v2\/media?parent=83847"}],"wp:term":[{"taxonomy":"category","embeddable":true,"href":"https:\/\/www.europesays.com\/fr\/wp-json\/wp\/v2\/categories?post=83847"},{"taxonomy":"post_tag","embeddable":true,"href":"https:\/\/www.europesays.com\/fr\/wp-json\/wp\/v2\/tags?post=83847"}],"curies":[{"name":"wp","href":"https:\/\/api.w.org\/{rel}","templated":true}]}}