{"id":838549,"date":"2026-03-31T19:13:15","date_gmt":"2026-03-31T19:13:15","guid":{"rendered":"https:\/\/www.europesays.com\/fr\/838549\/"},"modified":"2026-03-31T19:13:15","modified_gmt":"2026-03-31T19:13:15","slug":"commemoration-des-attentats-du-13-novembre-pourquoi-la-mairie-de-paris-a-ete-perquisitionnee-ce-mardi","status":"publish","type":"post","link":"https:\/\/www.europesays.com\/fr\/838549\/","title":{"rendered":"Comm\u00e9moration des attentats du 13-Novembre : Pourquoi la mairie de Paris a \u00e9t\u00e9 perquisitionn\u00e9e ce mardi"},"content":{"rendered":"<p class=\"mb-4 text-lg md:leading-8 break-words\"><strong>soup\u00e7ons &#8211; La mairie de Paris a \u00e9t\u00e9 perquisitionn\u00e9e ce mardi dans le cadre d\u2019une enqu\u00eate ouverte pour des soup\u00e7ons sur la l\u00e9galit\u00e9 de l\u2019attribution d&rsquo;un march\u00e9 public <\/strong><\/p>\n<p class=\"mb-4 text-lg md:leading-8 break-words\">Une perquisition \u00e0 l\u2019H\u00f4tel de ville de Paris deux petits jours seulement apr\u00e8s l\u2019installation du nouveau maire, <a href=\"https:\/\/www.20minutes.fr\/politique\/emmanuel-gregoire\/?at_medium=RSS%20feed&amp;at_campaign=ynews&amp;utm_source=yahoo&amp;utm_medium=rss&amp;utm_campaign=news_feed&amp;utm_content=in_article_link\" rel=\"nofollow noopener\" target=\"_blank\" data-ylk=\"slk:Emmanuel Gr\u00e9goire;elm:context_link;itc:0;sec:content-canvas\" data-yga=\"{&quot;yLinkElement&quot;:&quot;context_link&quot;,&quot;yModuleName&quot;:&quot;content-canvas&quot;,&quot;yLinkText&quot;:&quot;Emmanuel Gr\u00e9goire&quot;}\" class=\"link \">Emmanuel Gr\u00e9goire<\/a>. La mairie de <a href=\"https:\/\/www.20minutes.fr\/paris\/?at_medium=RSS%20feed&amp;at_campaign=ynews&amp;utm_source=yahoo&amp;utm_medium=rss&amp;utm_campaign=news_feed&amp;utm_content=in_article_link\" rel=\"nofollow noopener\" target=\"_blank\" data-ylk=\"slk:Paris;elm:context_link;itc:0;sec:content-canvas\" data-yga=\"{&quot;yLinkElement&quot;:&quot;context_link&quot;,&quot;yModuleName&quot;:&quot;content-canvas&quot;,&quot;yLinkText&quot;:&quot;Paris&quot;}\" class=\"link \">Paris <\/a>a en effet \u00e9t\u00e9 perquisitionn\u00e9e ce mardi dans le cadre d\u2019une enqu\u00eate ouverte pour des soup\u00e7ons sur la l\u00e9galit\u00e9 de l\u2019attribution du march\u00e9 public de la c\u00e9r\u00e9monie de comm\u00e9moration des 10 ans des attentats du <a href=\"https:\/\/www.20minutes.fr\/societe\/attentats-13-novembre\/?at_medium=RSS%20feed&amp;at_campaign=ynews&amp;utm_source=yahoo&amp;utm_medium=rss&amp;utm_campaign=news_feed&amp;utm_content=in_article_link\" rel=\"nofollow noopener\" target=\"_blank\" data-ylk=\"slk:13\u00a0novembre 2015;elm:context_link;itc:0;sec:content-canvas\" data-yga=\"{&quot;yLinkElement&quot;:&quot;context_link&quot;,&quot;yModuleName&quot;:&quot;content-canvas&quot;,&quot;yLinkText&quot;:&quot;13&amp;nbsp&quot;}\" class=\"link \">13\u00a0novembre 2015<\/a>, a appris l\u2019AFP de source proche du dossier, confirmant une information du Canard encha\u00een\u00e9. Que cherchent \u00e0 savoir les enqu\u00eateurs\u00a0?<\/p>\n<p>Dans les r\u00e8gles\u00a0?<\/p>\n<p class=\"mb-4 text-lg md:leading-8 break-words\">Le parquet national financier, qui a confi\u00e9 les investigations \u00e0 la section de recherches de la gendarmerie de Paris, cherche \u00e0 savoir si le march\u00e9 public de cette c\u00e9r\u00e9monie a \u00e9t\u00e9 attribu\u00e9 dans le respect du droit \u00e0 la soci\u00e9t\u00e9 TRE Conseil, a-t-on ajout\u00e9 de m\u00eame source. Ce march\u00e9 repr\u00e9sente 1,5\u00a0million d\u2019euros, selon Le Canard encha\u00een\u00e9. L\u2019organisation de la comm\u00e9moration en novembre dernier des attentats du 13-Novembre, les pires qu\u2019ait connus la France et qui ont fait 132 morts, avait \u00e9t\u00e9 confi\u00e9e par <a href=\"https:\/\/www.20minutes.fr\/dossier\/anne_hidalgo?at_medium=RSS%20feed&amp;at_campaign=ynews&amp;utm_source=yahoo&amp;utm_medium=rss&amp;utm_campaign=news_feed&amp;utm_content=in_article_link\" rel=\"nofollow noopener\" target=\"_blank\" data-ylk=\"slk:Anne Hidalgo;elm:context_link;itc:0;sec:content-canvas\" data-yga=\"{&quot;yLinkElement&quot;:&quot;context_link&quot;,&quot;yModuleName&quot;:&quot;content-canvas&quot;,&quot;yLinkText&quot;:&quot;Anne Hidalgo&quot;}\" class=\"link \">Anne Hidalgo <\/a>\u00e0 la soci\u00e9t\u00e9 de Thierry Reboul, qui lui-m\u00eame avait dirig\u00e9 les c\u00e9r\u00e9monies des Jeux olympiques de Paris.<\/p>\n<p class=\"mb-4 text-lg md:leading-8 break-words\"><a href=\"https:\/\/www.20minutes.fr\/justice\/4216049-20260331-commemoration-attentats-13-novembre-pourquoi-mairie-paris-perquisitionnee-mardi?at_medium=RSS%20feed&amp;at_campaign=ynews&amp;utm_source=yahoo&amp;utm_medium=rss&amp;utm_campaign=news_feed&amp;utm_content=read_more_link&quot;\" rel=\"nofollow noopener\" target=\"_blank\" data-ylk=\"slk:Lire la suite sur 20minutes;elm:context_link;itc:0;sec:content-canvas\" data-yga=\"{&quot;yLinkElement&quot;:&quot;context_link&quot;,&quot;yModuleName&quot;:&quot;content-canvas&quot;,&quot;yLinkText&quot;:&quot;Lire la suite sur 20minutes&quot;}\" class=\"link \">Lire la suite sur 20minutes<\/a><\/p>\n<p>\u00c0 lire aussi :<br \/><a href=\"https:\/\/www.20minutes.fr\/societe\/4196423-20260116-attentats-13-novembre-face-elan-solidarite-cagnotte-sonia-heroine-oubliee-prolongee?at_medium=RSS%20feed&amp;at_campaign=ynews&amp;utm_source=yahoo&amp;utm_medium=rss&amp;utm_campaign=news_feed&amp;utm_content=related_content_link\" rel=\"nofollow noopener\" target=\"_blank\" data-ylk=\"slk:Attentats du 13-Novembre\u00a0: Face \u00e0 l\u2019\u00e9lan de solidarit\u00e9, la cagnotte pour \u00ab\u00a0Sonia\u00a0\u00bb, h\u00e9ro\u00efne oubli\u00e9e, est prolong\u00e9e;elm:context_link;itc:0;sec:content-canvas\" data-yga=\"{&quot;yLinkElement&quot;:&quot;context_link&quot;,&quot;yModuleName&quot;:&quot;content-canvas&quot;,&quot;yLinkText&quot;:&quot;Attentats du 13-Novembre&amp;nbsp&quot;}\" class=\"link \">Attentats du 13-Novembre\u00a0: Face \u00e0 l\u2019\u00e9lan de solidarit\u00e9, la cagnotte pour \u00ab\u00a0Sonia\u00a0\u00bb, h\u00e9ro\u00efne oubli\u00e9e, est prolong\u00e9e <\/a><br \/><a href=\"https:\/\/www.20minutes.fr\/societe\/4198786-20260131-attentats-13-novembre-apporte-tant-joie-cagnotte-sonia-acheve-dela-toute-esperance?at_medium=RSS%20feed&amp;at_campaign=ynews&amp;utm_source=yahoo&amp;utm_medium=rss&amp;utm_campaign=news_feed&amp;utm_content=related_content_link\" rel=\"nofollow noopener\" target=\"_blank\" data-ylk=\"slk:Attentats du 13-Novembre\u00a0: \u00ab\u00a0Cela lui apporte tant de joie\u00a0\u00bb\u2026 La cagnotte pour Sonia\u00a0s\u2019ach\u00e8ve au-del\u00e0 de toute esp\u00e9rance;elm:context_link;itc:0;sec:content-canvas\" data-yga=\"{&quot;yLinkElement&quot;:&quot;context_link&quot;,&quot;yModuleName&quot;:&quot;content-canvas&quot;,&quot;yLinkText&quot;:&quot;Attentats du 13-Novembre&amp;nbsp&quot;}\" class=\"link \">Attentats du 13-Novembre\u00a0: \u00ab\u00a0Cela lui apporte tant de joie\u00a0\u00bb\u2026 La cagnotte pour Sonia\u00a0s\u2019ach\u00e8ve au-del\u00e0 de toute esp\u00e9rance<\/a><\/p>\n","protected":false},"excerpt":{"rendered":"soup\u00e7ons &#8211; La mairie de Paris a \u00e9t\u00e9 perquisitionn\u00e9e ce mardi dans le cadre d\u2019une enqu\u00eate ouverte pour&hellip;\n","protected":false},"author":2,"featured_media":838550,"comment_status":"","ping_status":"","sticky":false,"template":"","format":"standard","meta":{"footnotes":"","_share_on_mastodon":"0"},"categories":[1888],"tags":[1111,1928,11,1927,8186,1777,674,1011,27,34719,2381,75549,9778,12,1926,626,1925,25,28814],"class_list":["post-838549","post","type-post","status-publish","format-standard","has-post-thumbnail","category-paris","tag-actu","tag-actu-paris","tag-actualites","tag-actualites-paris","tag-emmanuel-gregoire","tag-eu","tag-europe","tag-fr","tag-france","tag-la-societe","tag-mairie-de-paris","tag-marche-public","tag-mardi","tag-news","tag-news-paris","tag-paris","tag-paris-news","tag-republique-francaise","tag-soupcons"],"share_on_mastodon":{"url":"https:\/\/pubeurope.com\/@fr\/116325384661133650","error":""},"_links":{"self":[{"href":"https:\/\/www.europesays.com\/fr\/wp-json\/wp\/v2\/posts\/838549","targetHints":{"allow":["GET"]}}],"collection":[{"href":"https:\/\/www.europesays.com\/fr\/wp-json\/wp\/v2\/posts"}],"about":[{"href":"https:\/\/www.europesays.com\/fr\/wp-json\/wp\/v2\/types\/post"}],"author":[{"embeddable":true,"href":"https:\/\/www.europesays.com\/fr\/wp-json\/wp\/v2\/users\/2"}],"replies":[{"embeddable":true,"href":"https:\/\/www.europesays.com\/fr\/wp-json\/wp\/v2\/comments?post=838549"}],"version-history":[{"count":0,"href":"https:\/\/www.europesays.com\/fr\/wp-json\/wp\/v2\/posts\/838549\/revisions"}],"wp:featuredmedia":[{"embeddable":true,"href":"https:\/\/www.europesays.com\/fr\/wp-json\/wp\/v2\/media\/838550"}],"wp:attachment":[{"href":"https:\/\/www.europesays.com\/fr\/wp-json\/wp\/v2\/media?parent=838549"}],"wp:term":[{"taxonomy":"category","embeddable":true,"href":"https:\/\/www.europesays.com\/fr\/wp-json\/wp\/v2\/categories?post=838549"},{"taxonomy":"post_tag","embeddable":true,"href":"https:\/\/www.europesays.com\/fr\/wp-json\/wp\/v2\/tags?post=838549"}],"curies":[{"name":"wp","href":"https:\/\/api.w.org\/{rel}","templated":true}]}}