{"id":83857,"date":"2025-05-08T07:16:11","date_gmt":"2025-05-08T07:16:11","guid":{"rendered":"https:\/\/www.europesays.com\/fr\/83857\/"},"modified":"2025-05-08T07:16:11","modified_gmt":"2025-05-08T07:16:11","slug":"les-volleyeuses-de-poltava-ne-viennent-pas-a-quebec-en-touriste","status":"publish","type":"post","link":"https:\/\/www.europesays.com\/fr\/83857\/","title":{"rendered":"Les volleyeuses de Poltava ne viennent pas \u00e0 Qu\u00e9bec en touriste"},"content":{"rendered":"<p class=\"article-bodystyled__StyledText-sc-19uhgql-0 bGeyRM body-paragraph\">Pour Karolina Antonets, qui est un peu la repr\u00e9sentante attitr\u00e9e de l\u2019\u00e9quipe durant ce voyage en raison de la qualit\u00e9 de son anglais, il n\u2019est pas question de faire mauvaise figure \u00e0 la Classique de volleyball junior du Rouge et Or. <\/p>\n<p class=\"article-bodystyled__StyledText-sc-19uhgql-0 bGeyRM body-paragraph\">\u00abOn veut avoir du plaisir, mais on veut \u00e9galement gagner et d\u00e9montrer ce qu\u2019on peut faire sur un terrain. On trouve que le gymnase est parfait et c\u2019est une super occasion pour nous de continuer \u00e0 s\u2019am\u00e9liorer.\u00bb<\/p>\n<p class=\"article-bodystyled__StyledText-sc-19uhgql-0 bGeyRM body-paragraph\">Pour l\u2019instigateur du projet, \u00c9mile Lapierrre, il ne fait aucun doute que la formation sera \u00e0 surveiller. <\/p>\n<p class=\"article-bodystyled__StyledText-sc-19uhgql-0 bGeyRM body-paragraph\">\u00abElles sont grandes et elles sont puissantes. C\u2019est une \u00e9quipe civile qui s\u2019entra\u00eene six fois par semaine en plus de la musculation. On comprend en parlant avec elles que le volleyball leur sert d\u2019exutoire \u00e0 tout ce qui se passe dans leur pays.\u00bb <\/p>\n<p class=\"article-bodystyled__StyledText-sc-19uhgql-0 bGeyRM body-paragraph\">Elles ont d\u2019ailleurs jou\u00e9 un match hors-concours mardi face \u00e0 Limoilou qu\u2019elles ont remport\u00e9 assez ais\u00e9ment. <\/p>\n<p class=\"article-bodystyled__StyledText-sc-19uhgql-0 bGeyRM body-paragraph\">\u00abC\u2019est vrai, mais je retiens d\u00e9j\u00e0 tout l\u2019aspect humain qui ressort de leur pr\u00e9sence ici. Apr\u00e8s le match, les filles se sont \u00e9tir\u00e9es avec celles des Titans et c\u2019\u00e9tait beau de les voir \u00e9changer leurs informations sur les r\u00e9seaux sociaux.\u00bb<\/p>\n<p>D\u00e9j\u00e0 une poutine!<\/p>\n<p class=\"article-bodystyled__StyledText-sc-19uhgql-0 bGeyRM body-paragraph\">Les Ukrainiennes allaient d\u00e9couvrir plus en profondeur le Vieux-Qu\u00e9bec en apr\u00e8s-midi, mais elles ont d\u00e9j\u00e0 eu avant-go\u00fbt de la gastronomie qu\u00e9b\u00e9coise mardi alors qu\u2019elles ont go\u00fbt\u00e9 une poutine. <\/p>\n<p class=\"article-bodystyled__StyledText-sc-19uhgql-0 bGeyRM body-paragraph\">\u00abC\u2019est tr\u00e8s go\u00fbteux et les filles ont aim\u00e9. Les gens sont tr\u00e8s accueillants depuis notre arriv\u00e9e et on adore notre voyage jusqu\u2019\u00e0 maintenant. On pensait que c\u2019\u00e9tait une blague quand on a appris qu\u2019on allait venir au Canada, mais c\u2019est \u00e9vident qu\u2019on va se souvenir de ce voyage toute notre vie.\u00bb<\/p>\n<p><img decoding=\"async\" data-chromatic=\"ignore\" alt=\"&#xC9;mile Lapierre est l'instigateur du projet.\" class=\"c-image\" loading=\"lazy\" src=\"https:\/\/www.europesays.com\/fr\/wp-content\/uploads\/2025\/05\/EZKQCRXFFFCLRI6N6WECTIGCK4.jpeg\"  width=\"1200\" height=\"1600\"\/><\/p>\n<p class=\"image-metadata__MetadataParagraph-sc-1gfk7p2-0 cAaLKg image-metadata\">\u00c9mile Lapierre est pr\u00e9sident du club de volleyball Rouge et Or. (Jean Carrier\/Le Soleil)<\/p>\n<p>L\u2019Ukraine jamais bien loin<\/p>\n<p class=\"article-bodystyled__StyledText-sc-19uhgql-0 bGeyRM body-paragraph\">Malgr\u00e9 tout ce bon temps pass\u00e9 au Qu\u00e9bec depuis quelques jours, les joueuses prennent quand m\u00eame le temps de prendre des nouvelles de ce qui se passe dans leur pays. <\/p>\n<p class=\"article-bodystyled__StyledText-sc-19uhgql-0 bGeyRM body-paragraph\">\u00abTu vois par moments que certaines sont songeuses et il faut les comprendre. On essaie de les respecter l\u00e0-dedans et on continue \u00e0 essayer de leur donner les meilleurs moments possibles\u00bb, explique Lapierre qui est tr\u00e8s heureux du d\u00e9roulement du voyage jusqu\u2019\u00e0 maintenant. <\/p>\n<p class=\"article-bodystyled__StyledText-sc-19uhgql-0 bGeyRM body-paragraph\">Il a cependant termin\u00e9 avec une anecdote qui d\u00e9montre \u00e0 quel point ces jeunes Ukrainiennes ont v\u00e9cu une r\u00e9alit\u00e9 tr\u00e8s diff\u00e9rente de ce que vivent les adolescentes d\u2019ici. <\/p>\n<p class=\"article-bodystyled__StyledText-sc-19uhgql-0 bGeyRM body-paragraph\">\u00abOn se promenait en ville hier et les filles ont aper\u00e7u un drone. Tu voyais qu\u2019elles \u00e9taient surprises de voir ce type d\u2019engin se promener dans les airs sans probl\u00e8me ici. Elles le redoutaient et n\u2019ont pas aim\u00e9 \u00e7a\u00bb, termine l\u2019organisateur en pr\u00e9cisant que ces objets volants sont couramment utilis\u00e9s pour faire la guerre.<\/p>\n","protected":false},"excerpt":{"rendered":"Pour Karolina Antonets, qui est un peu la repr\u00e9sentante attitr\u00e9e de l\u2019\u00e9quipe durant ce voyage en raison de&hellip;\n","protected":false},"author":2,"featured_media":83858,"comment_status":"","ping_status":"","sticky":false,"template":"","format":"standard","meta":{"footnotes":""},"categories":[1417],"tags":[1011,27,60,1470,1469],"class_list":{"0":"post-83857","1":"post","2":"type-post","3":"status-publish","4":"format-standard","5":"has-post-thumbnail","7":"category-volley","8":"tag-fr","9":"tag-france","10":"tag-sports","11":"tag-volley","12":"tag-volleyball"},"share_on_mastodon":{"url":"https:\/\/pubeurope.com\/@fr\/114470989651051006","error":""},"_links":{"self":[{"href":"https:\/\/www.europesays.com\/fr\/wp-json\/wp\/v2\/posts\/83857","targetHints":{"allow":["GET"]}}],"collection":[{"href":"https:\/\/www.europesays.com\/fr\/wp-json\/wp\/v2\/posts"}],"about":[{"href":"https:\/\/www.europesays.com\/fr\/wp-json\/wp\/v2\/types\/post"}],"author":[{"embeddable":true,"href":"https:\/\/www.europesays.com\/fr\/wp-json\/wp\/v2\/users\/2"}],"replies":[{"embeddable":true,"href":"https:\/\/www.europesays.com\/fr\/wp-json\/wp\/v2\/comments?post=83857"}],"version-history":[{"count":0,"href":"https:\/\/www.europesays.com\/fr\/wp-json\/wp\/v2\/posts\/83857\/revisions"}],"wp:featuredmedia":[{"embeddable":true,"href":"https:\/\/www.europesays.com\/fr\/wp-json\/wp\/v2\/media\/83858"}],"wp:attachment":[{"href":"https:\/\/www.europesays.com\/fr\/wp-json\/wp\/v2\/media?parent=83857"}],"wp:term":[{"taxonomy":"category","embeddable":true,"href":"https:\/\/www.europesays.com\/fr\/wp-json\/wp\/v2\/categories?post=83857"},{"taxonomy":"post_tag","embeddable":true,"href":"https:\/\/www.europesays.com\/fr\/wp-json\/wp\/v2\/tags?post=83857"}],"curies":[{"name":"wp","href":"https:\/\/api.w.org\/{rel}","templated":true}]}}